{"id":7375,"date":"2023-01-12T13:56:08","date_gmt":"2023-01-12T13:56:08","guid":{"rendered":"https:\/\/www.life-belini.be\/?p=7375"},"modified":"2023-03-10T11:51:19","modified_gmt":"2023-03-10T11:51:19","slug":"een-vierde-natuurlijk-wateropvang-gebied-in-het-zennebekken-in-wallonie-is-klaar","status":"publish","type":"post","link":"https:\/\/www.life-belini.be\/nl\/een-vierde-natuurlijk-wateropvang-gebied-in-het-zennebekken-in-wallonie-is-klaar\/","title":{"rendered":"Een vierde natuurlijk wateropvang gebied in het Zennebekken in Walloni\u00eb is klaar!"},"content":{"rendered":"<p>Een nieuw natuurlijk wateropvang gebied is klaar bij Gaesbecq! Deze is gelegen aan Ry Ternel, een zijrivier van de Sennette en maakt deel uit van het Waals deelstroomgebied de Zenne.<\/p>\n<p>De werken startten in maart 2022 en werden recent (januari 2023) afgerond. Dit is het vierde wateropvang gebied in Walloni\u00eb aangelegd met steun van LIFE Belini. Het voegt zich bij die van Coeurcq (Tubize), Brancart (Braine-le-Ch\u00e2teau) en Cafeni\u00e8re (Soignies). Met een opslagcapaciteit van 54.000 m\u00b3 beschermt de aanleg ervan het stadscentrum van Ittre tegen overstromingen. Verder zijn er in het gebied een aantal voorzieningen voor bio<\/p>\n<p><img decoding=\"async\" class=\"alignright size-medium wp-image-7382 lazyload\" data-src=\"https:\/\/www.life-belini.be\/wp-content\/uploads\/2023\/03\/ZIT-Gaesbecq-2-169x300.jpg\" alt=\"\" width=\"169\" height=\"300\" data-srcset=\"https:\/\/www.life-belini.be\/wp-content\/uploads\/2023\/03\/ZIT-Gaesbecq-2-169x300.jpg 169w, https:\/\/www.life-belini.be\/wp-content\/uploads\/2023\/03\/ZIT-Gaesbecq-2-579x1030.jpg 579w, https:\/\/www.life-belini.be\/wp-content\/uploads\/2023\/03\/ZIT-Gaesbecq-2-768x1365.jpg 768w, https:\/\/www.life-belini.be\/wp-content\/uploads\/2023\/03\/ZIT-Gaesbecq-2-864x1536.jpg 864w, https:\/\/www.life-belini.be\/wp-content\/uploads\/2023\/03\/ZIT-Gaesbecq-2-1152x2048.jpg 1152w, https:\/\/www.life-belini.be\/wp-content\/uploads\/2023\/03\/ZIT-Gaesbecq-2-844x1500.jpg 844w, https:\/\/www.life-belini.be\/wp-content\/uploads\/2023\/03\/ZIT-Gaesbecq-2-397x705.jpg 397w, https:\/\/www.life-belini.be\/wp-content\/uploads\/2023\/03\/ZIT-Gaesbecq-2-450x800.jpg 450w, https:\/\/www.life-belini.be\/wp-content\/uploads\/2023\/03\/ZIT-Gaesbecq-2-scaled.jpg 1440w\" data-sizes=\"(max-width: 169px) 100vw, 169px\" src=\"data:image\/svg+xml;base64,PHN2ZyB3aWR0aD0iMSIgaGVpZ2h0PSIxIiB4bWxucz0iaHR0cDovL3d3dy53My5vcmcvMjAwMC9zdmciPjwvc3ZnPg==\" style=\"--smush-placeholder-width: 169px; --smush-placeholder-aspect-ratio: 169\/300;\" \/><\/p>\n<p>diversiteit en ecosysteemdiensten aangebracht, zoals vijvers, rivieroevers, beplanting, enz.<\/p>\n<p>Dit project is een samenwerking tussen gemeente Ittre, provincie Waals-Brabant, de intercommunale inBW, SPW-DCENN, Contrat de Rivi\u00e8res Senne en de Europese Unie via het LIFE-Belini project.<\/p>\n","protected":false},"excerpt":{"rendered":"<p>Een nieuw natuurlijk wateropvang gebied is klaar bij Gaesbecq! Deze is gelegen aan Ry Ternel, een zijrivier van de Sennette en maakt deel uit van het Waals deelstroomgebied de Zenne. [&hellip;]<\/p>\n","protected":false},"author":7,"featured_media":7379,"comment_status":"closed","ping_status":"closed","sticky":false,"template":"","format":"standard","meta":{"_acf_changed":false,"_exactmetrics_skip_tracking":false,"_exactmetrics_sitenote_active":false,"_exactmetrics_sitenote_note":"","_exactmetrics_sitenote_category":0,"footnotes":""},"categories":[14],"tags":[],"class_list":["post-7375","post","type-post","status-publish","format-standard","has-post-thumbnail","hentry","category-news"],"acf":[],"yoast_head":"<!-- This site is optimized with the Yoast SEO plugin v27.4 - https:\/\/yoast.com\/product\/yoast-seo-wordpress\/ -->\n<title>Een vierde natuurlijk wateropvang gebied in het Zennebekken in Walloni\u00eb is klaar! - LIFE Belini<\/title>\n<meta name=\"robots\" content=\"index, follow, max-snippet:-1, max-image-preview:large, max-video-preview:-1\" \/>\n<link rel=\"canonical\" href=\"https:\/\/www.life-belini.be\/nl\/een-vierde-natuurlijk-wateropvang-gebied-in-het-zennebekken-in-wallonie-is-klaar\/\" \/>\n<meta property=\"og:locale\" content=\"nl_NL\" \/>\n<meta property=\"og:type\" content=\"article\" \/>\n<meta property=\"og:title\" content=\"Een vierde natuurlijk wateropvang gebied in het Zennebekken in Walloni\u00eb is klaar! - LIFE Belini\" \/>\n<meta property=\"og:description\" content=\"Een nieuw natuurlijk wateropvang gebied is klaar bij Gaesbecq! Deze is gelegen aan Ry Ternel, een zijrivier van de Sennette en maakt deel uit van het Waals deelstroomgebied de Zenne. [&hellip;]\" \/>\n<meta property=\"og:url\" content=\"https:\/\/www.life-belini.be\/nl\/een-vierde-natuurlijk-wateropvang-gebied-in-het-zennebekken-in-wallonie-is-klaar\/\" \/>\n<meta property=\"og:site_name\" content=\"LIFE Belini\" \/>\n<meta property=\"article:published_time\" content=\"2023-01-12T13:56:08+00:00\" \/>\n<meta property=\"article:modified_time\" content=\"2023-03-10T11:51:19+00:00\" \/>\n<meta property=\"og:image\" content=\"https:\/\/www.life-belini.be\/wp-content\/uploads\/2023\/03\/ZIT-Gaesbecq-1-1-scaled.jpg\" \/>\n\t<meta property=\"og:image:width\" content=\"2560\" \/>\n\t<meta property=\"og:image:height\" content=\"1440\" \/>\n\t<meta property=\"og:image:type\" content=\"image\/jpeg\" \/>\n<meta name=\"author\" content=\"Belini\" \/>\n<meta name=\"twitter:card\" content=\"summary_large_image\" \/>\n<meta name=\"twitter:label1\" content=\"Geschreven door\" \/>\n\t<meta name=\"twitter:data1\" content=\"Belini\" \/>\n\t<meta name=\"twitter:label2\" content=\"Geschatte leestijd\" \/>\n\t<meta name=\"twitter:data2\" content=\"1 minuut\" \/>\n<script type=\"application\/ld+json\" class=\"yoast-schema-graph\">{\"@context\":\"https:\\\/\\\/schema.org\",\"@graph\":[{\"@type\":\"Article\",\"@id\":\"https:\\\/\\\/www.life-belini.be\\\/nl\\\/een-vierde-natuurlijk-wateropvang-gebied-in-het-zennebekken-in-wallonie-is-klaar\\\/#article\",\"isPartOf\":{\"@id\":\"https:\\\/\\\/www.life-belini.be\\\/nl\\\/een-vierde-natuurlijk-wateropvang-gebied-in-het-zennebekken-in-wallonie-is-klaar\\\/\"},\"author\":{\"name\":\"Belini\",\"@id\":\"https:\\\/\\\/www.life-belini.be\\\/nl\\\/#\\\/schema\\\/person\\\/b94136ff8b48ec02617a0a9ceee01cab\"},\"headline\":\"Een vierde natuurlijk wateropvang gebied in het Zennebekken in Walloni\u00eb is klaar!\",\"datePublished\":\"2023-01-12T13:56:08+00:00\",\"dateModified\":\"2023-03-10T11:51:19+00:00\",\"mainEntityOfPage\":{\"@id\":\"https:\\\/\\\/www.life-belini.be\\\/nl\\\/een-vierde-natuurlijk-wateropvang-gebied-in-het-zennebekken-in-wallonie-is-klaar\\\/\"},\"wordCount\":143,\"image\":{\"@id\":\"https:\\\/\\\/www.life-belini.be\\\/nl\\\/een-vierde-natuurlijk-wateropvang-gebied-in-het-zennebekken-in-wallonie-is-klaar\\\/#primaryimage\"},\"thumbnailUrl\":\"https:\\\/\\\/www.life-belini.be\\\/wp-content\\\/uploads\\\/2023\\\/03\\\/ZIT-Gaesbecq-1-1-scaled.jpg\",\"articleSection\":[\"News\"],\"inLanguage\":\"nl-NL\"},{\"@type\":\"WebPage\",\"@id\":\"https:\\\/\\\/www.life-belini.be\\\/nl\\\/een-vierde-natuurlijk-wateropvang-gebied-in-het-zennebekken-in-wallonie-is-klaar\\\/\",\"url\":\"https:\\\/\\\/www.life-belini.be\\\/nl\\\/een-vierde-natuurlijk-wateropvang-gebied-in-het-zennebekken-in-wallonie-is-klaar\\\/\",\"name\":\"Een vierde natuurlijk wateropvang gebied in het Zennebekken in Walloni\u00eb is klaar! - LIFE Belini\",\"isPartOf\":{\"@id\":\"https:\\\/\\\/www.life-belini.be\\\/nl\\\/#website\"},\"primaryImageOfPage\":{\"@id\":\"https:\\\/\\\/www.life-belini.be\\\/nl\\\/een-vierde-natuurlijk-wateropvang-gebied-in-het-zennebekken-in-wallonie-is-klaar\\\/#primaryimage\"},\"image\":{\"@id\":\"https:\\\/\\\/www.life-belini.be\\\/nl\\\/een-vierde-natuurlijk-wateropvang-gebied-in-het-zennebekken-in-wallonie-is-klaar\\\/#primaryimage\"},\"thumbnailUrl\":\"https:\\\/\\\/www.life-belini.be\\\/wp-content\\\/uploads\\\/2023\\\/03\\\/ZIT-Gaesbecq-1-1-scaled.jpg\",\"datePublished\":\"2023-01-12T13:56:08+00:00\",\"dateModified\":\"2023-03-10T11:51:19+00:00\",\"author\":{\"@id\":\"https:\\\/\\\/www.life-belini.be\\\/nl\\\/#\\\/schema\\\/person\\\/b94136ff8b48ec02617a0a9ceee01cab\"},\"breadcrumb\":{\"@id\":\"https:\\\/\\\/www.life-belini.be\\\/nl\\\/een-vierde-natuurlijk-wateropvang-gebied-in-het-zennebekken-in-wallonie-is-klaar\\\/#breadcrumb\"},\"inLanguage\":\"nl-NL\",\"potentialAction\":[{\"@type\":\"ReadAction\",\"target\":[\"https:\\\/\\\/www.life-belini.be\\\/nl\\\/een-vierde-natuurlijk-wateropvang-gebied-in-het-zennebekken-in-wallonie-is-klaar\\\/\"]}]},{\"@type\":\"ImageObject\",\"inLanguage\":\"nl-NL\",\"@id\":\"https:\\\/\\\/www.life-belini.be\\\/nl\\\/een-vierde-natuurlijk-wateropvang-gebied-in-het-zennebekken-in-wallonie-is-klaar\\\/#primaryimage\",\"url\":\"https:\\\/\\\/www.life-belini.be\\\/wp-content\\\/uploads\\\/2023\\\/03\\\/ZIT-Gaesbecq-1-1-scaled.jpg\",\"contentUrl\":\"https:\\\/\\\/www.life-belini.be\\\/wp-content\\\/uploads\\\/2023\\\/03\\\/ZIT-Gaesbecq-1-1-scaled.jpg\",\"width\":2560,\"height\":1440},{\"@type\":\"BreadcrumbList\",\"@id\":\"https:\\\/\\\/www.life-belini.be\\\/nl\\\/een-vierde-natuurlijk-wateropvang-gebied-in-het-zennebekken-in-wallonie-is-klaar\\\/#breadcrumb\",\"itemListElement\":[{\"@type\":\"ListItem\",\"position\":1,\"name\":\"Home\",\"item\":\"https:\\\/\\\/www.life-belini.be\\\/nl\\\/home-2\\\/\"},{\"@type\":\"ListItem\",\"position\":2,\"name\":\"Een vierde natuurlijk wateropvang gebied in het Zennebekken in Walloni\u00eb is klaar!\"}]},{\"@type\":\"WebSite\",\"@id\":\"https:\\\/\\\/www.life-belini.be\\\/nl\\\/#website\",\"url\":\"https:\\\/\\\/www.life-belini.be\\\/nl\\\/\",\"name\":\"LIFE Belini\",\"description\":\"Belgian initiative for making a leap forward towards good status in the river basin district of the Scheldt\",\"potentialAction\":[{\"@type\":\"SearchAction\",\"target\":{\"@type\":\"EntryPoint\",\"urlTemplate\":\"https:\\\/\\\/www.life-belini.be\\\/nl\\\/?s={search_term_string}\"},\"query-input\":{\"@type\":\"PropertyValueSpecification\",\"valueRequired\":true,\"valueName\":\"search_term_string\"}}],\"inLanguage\":\"nl-NL\"},{\"@type\":\"Person\",\"@id\":\"https:\\\/\\\/www.life-belini.be\\\/nl\\\/#\\\/schema\\\/person\\\/b94136ff8b48ec02617a0a9ceee01cab\",\"name\":\"Belini\",\"url\":\"https:\\\/\\\/www.life-belini.be\\\/nl\\\/author\\\/belini\\\/\"}]}<\/script>\n<!-- \/ Yoast SEO plugin. -->","yoast_head_json":{"title":"Een vierde natuurlijk wateropvang gebied in het Zennebekken in Walloni\u00eb is klaar! - LIFE Belini","robots":{"index":"index","follow":"follow","max-snippet":"max-snippet:-1","max-image-preview":"max-image-preview:large","max-video-preview":"max-video-preview:-1"},"canonical":"https:\/\/www.life-belini.be\/nl\/een-vierde-natuurlijk-wateropvang-gebied-in-het-zennebekken-in-wallonie-is-klaar\/","og_locale":"nl_NL","og_type":"article","og_title":"Een vierde natuurlijk wateropvang gebied in het Zennebekken in Walloni\u00eb is klaar! - LIFE Belini","og_description":"Een nieuw natuurlijk wateropvang gebied is klaar bij Gaesbecq! Deze is gelegen aan Ry Ternel, een zijrivier van de Sennette en maakt deel uit van het Waals deelstroomgebied de Zenne. [&hellip;]","og_url":"https:\/\/www.life-belini.be\/nl\/een-vierde-natuurlijk-wateropvang-gebied-in-het-zennebekken-in-wallonie-is-klaar\/","og_site_name":"LIFE Belini","article_published_time":"2023-01-12T13:56:08+00:00","article_modified_time":"2023-03-10T11:51:19+00:00","og_image":[{"width":2560,"height":1440,"url":"https:\/\/www.life-belini.be\/wp-content\/uploads\/2023\/03\/ZIT-Gaesbecq-1-1-scaled.jpg","type":"image\/jpeg"}],"author":"Belini","twitter_card":"summary_large_image","twitter_misc":{"Geschreven door":"Belini","Geschatte leestijd":"1 minuut"},"schema":{"@context":"https:\/\/schema.org","@graph":[{"@type":"Article","@id":"https:\/\/www.life-belini.be\/nl\/een-vierde-natuurlijk-wateropvang-gebied-in-het-zennebekken-in-wallonie-is-klaar\/#article","isPartOf":{"@id":"https:\/\/www.life-belini.be\/nl\/een-vierde-natuurlijk-wateropvang-gebied-in-het-zennebekken-in-wallonie-is-klaar\/"},"author":{"name":"Belini","@id":"https:\/\/www.life-belini.be\/nl\/#\/schema\/person\/b94136ff8b48ec02617a0a9ceee01cab"},"headline":"Een vierde natuurlijk wateropvang gebied in het Zennebekken in Walloni\u00eb is klaar!","datePublished":"2023-01-12T13:56:08+00:00","dateModified":"2023-03-10T11:51:19+00:00","mainEntityOfPage":{"@id":"https:\/\/www.life-belini.be\/nl\/een-vierde-natuurlijk-wateropvang-gebied-in-het-zennebekken-in-wallonie-is-klaar\/"},"wordCount":143,"image":{"@id":"https:\/\/www.life-belini.be\/nl\/een-vierde-natuurlijk-wateropvang-gebied-in-het-zennebekken-in-wallonie-is-klaar\/#primaryimage"},"thumbnailUrl":"https:\/\/www.life-belini.be\/wp-content\/uploads\/2023\/03\/ZIT-Gaesbecq-1-1-scaled.jpg","articleSection":["News"],"inLanguage":"nl-NL"},{"@type":"WebPage","@id":"https:\/\/www.life-belini.be\/nl\/een-vierde-natuurlijk-wateropvang-gebied-in-het-zennebekken-in-wallonie-is-klaar\/","url":"https:\/\/www.life-belini.be\/nl\/een-vierde-natuurlijk-wateropvang-gebied-in-het-zennebekken-in-wallonie-is-klaar\/","name":"Een vierde natuurlijk wateropvang gebied in het Zennebekken in Walloni\u00eb is klaar! - LIFE Belini","isPartOf":{"@id":"https:\/\/www.life-belini.be\/nl\/#website"},"primaryImageOfPage":{"@id":"https:\/\/www.life-belini.be\/nl\/een-vierde-natuurlijk-wateropvang-gebied-in-het-zennebekken-in-wallonie-is-klaar\/#primaryimage"},"image":{"@id":"https:\/\/www.life-belini.be\/nl\/een-vierde-natuurlijk-wateropvang-gebied-in-het-zennebekken-in-wallonie-is-klaar\/#primaryimage"},"thumbnailUrl":"https:\/\/www.life-belini.be\/wp-content\/uploads\/2023\/03\/ZIT-Gaesbecq-1-1-scaled.jpg","datePublished":"2023-01-12T13:56:08+00:00","dateModified":"2023-03-10T11:51:19+00:00","author":{"@id":"https:\/\/www.life-belini.be\/nl\/#\/schema\/person\/b94136ff8b48ec02617a0a9ceee01cab"},"breadcrumb":{"@id":"https:\/\/www.life-belini.be\/nl\/een-vierde-natuurlijk-wateropvang-gebied-in-het-zennebekken-in-wallonie-is-klaar\/#breadcrumb"},"inLanguage":"nl-NL","potentialAction":[{"@type":"ReadAction","target":["https:\/\/www.life-belini.be\/nl\/een-vierde-natuurlijk-wateropvang-gebied-in-het-zennebekken-in-wallonie-is-klaar\/"]}]},{"@type":"ImageObject","inLanguage":"nl-NL","@id":"https:\/\/www.life-belini.be\/nl\/een-vierde-natuurlijk-wateropvang-gebied-in-het-zennebekken-in-wallonie-is-klaar\/#primaryimage","url":"https:\/\/www.life-belini.be\/wp-content\/uploads\/2023\/03\/ZIT-Gaesbecq-1-1-scaled.jpg","contentUrl":"https:\/\/www.life-belini.be\/wp-content\/uploads\/2023\/03\/ZIT-Gaesbecq-1-1-scaled.jpg","width":2560,"height":1440},{"@type":"BreadcrumbList","@id":"https:\/\/www.life-belini.be\/nl\/een-vierde-natuurlijk-wateropvang-gebied-in-het-zennebekken-in-wallonie-is-klaar\/#breadcrumb","itemListElement":[{"@type":"ListItem","position":1,"name":"Home","item":"https:\/\/www.life-belini.be\/nl\/home-2\/"},{"@type":"ListItem","position":2,"name":"Een vierde natuurlijk wateropvang gebied in het Zennebekken in Walloni\u00eb is klaar!"}]},{"@type":"WebSite","@id":"https:\/\/www.life-belini.be\/nl\/#website","url":"https:\/\/www.life-belini.be\/nl\/","name":"LIFE Belini","description":"Belgian initiative for making a leap forward towards good status in the river basin district of the Scheldt","potentialAction":[{"@type":"SearchAction","target":{"@type":"EntryPoint","urlTemplate":"https:\/\/www.life-belini.be\/nl\/?s={search_term_string}"},"query-input":{"@type":"PropertyValueSpecification","valueRequired":true,"valueName":"search_term_string"}}],"inLanguage":"nl-NL"},{"@type":"Person","@id":"https:\/\/www.life-belini.be\/nl\/#\/schema\/person\/b94136ff8b48ec02617a0a9ceee01cab","name":"Belini","url":"https:\/\/www.life-belini.be\/nl\/author\/belini\/"}]}},"_links":{"self":[{"href":"https:\/\/www.life-belini.be\/nl\/wp-json\/wp\/v2\/posts\/7375","targetHints":{"allow":["GET"]}}],"collection":[{"href":"https:\/\/www.life-belini.be\/nl\/wp-json\/wp\/v2\/posts"}],"about":[{"href":"https:\/\/www.life-belini.be\/nl\/wp-json\/wp\/v2\/types\/post"}],"author":[{"embeddable":true,"href":"https:\/\/www.life-belini.be\/nl\/wp-json\/wp\/v2\/users\/7"}],"replies":[{"embeddable":true,"href":"https:\/\/www.life-belini.be\/nl\/wp-json\/wp\/v2\/comments?post=7375"}],"version-history":[{"count":4,"href":"https:\/\/www.life-belini.be\/nl\/wp-json\/wp\/v2\/posts\/7375\/revisions"}],"predecessor-version":[{"id":7659,"href":"https:\/\/www.life-belini.be\/nl\/wp-json\/wp\/v2\/posts\/7375\/revisions\/7659"}],"wp:featuredmedia":[{"embeddable":true,"href":"https:\/\/www.life-belini.be\/nl\/wp-json\/wp\/v2\/media\/7379"}],"wp:attachment":[{"href":"https:\/\/www.life-belini.be\/nl\/wp-json\/wp\/v2\/media?parent=7375"}],"wp:term":[{"taxonomy":"category","embeddable":true,"href":"https:\/\/www.life-belini.be\/nl\/wp-json\/wp\/v2\/categories?post=7375"},{"taxonomy":"post_tag","embeddable":true,"href":"https:\/\/www.life-belini.be\/nl\/wp-json\/wp\/v2\/tags?post=7375"}],"curies":[{"name":"wp","href":"https:\/\/api.w.org\/{rel}","templated":true}]}}