{"id":9795,"date":"2025-07-10T14:08:36","date_gmt":"2025-07-10T14:08:36","guid":{"rendered":"https:\/\/www.life-belini.be\/?p=9795"},"modified":"2025-07-24T11:31:46","modified_gmt":"2025-07-24T11:31:46","slug":"plus-despace-pour-leau-et-la-nature-dans-la-vallee-de-maalbeek-grimbergen","status":"publish","type":"post","link":"https:\/\/www.life-belini.be\/fr\/plus-despace-pour-leau-et-la-nature-dans-la-vallee-de-maalbeek-grimbergen\/","title":{"rendered":"Plus d&rsquo;espace pour l&rsquo;eau et la nature dans la vall\u00e9e de Maalbeek (Grimbergen)"},"content":{"rendered":"<p data-start=\"372\" data-end=\"605\"><strong>La vall\u00e9e du Maelbeek, entre le centre de Grimbergen et le canal Bruxelles-Charleroi, se transforme progressivement en un lieu attractif pour la nature, le patrimoine et les loisirs. Mais ce n&rsquo;est pas tout : l&rsquo;eau va \u00e9galement b\u00e9n\u00e9ficier d&rsquo;un nouvel espace !<\/strong><\/p>\n<p data-start=\"2165\" data-end=\"2255\">\n","protected":false},"excerpt":{"rendered":"<p>La vall\u00e9e du Maelbeek, entre le centre de Grimbergen et le canal Bruxelles-Charleroi, se transforme progressivement en un lieu attractif pour la nature, le patrimoine et les loisirs. Mais ce [&hellip;]<\/p>\n","protected":false},"author":6,"featured_media":9482,"comment_status":"closed","ping_status":"closed","sticky":false,"template":"","format":"standard","meta":{"_acf_changed":false,"_exactmetrics_skip_tracking":false,"_exactmetrics_sitenote_active":false,"_exactmetrics_sitenote_note":"","_exactmetrics_sitenote_category":0,"footnotes":""},"categories":[30],"tags":[],"class_list":["post-9795","post","type-post","status-publish","format-standard","has-post-thumbnail","hentry","category-news-fr"],"acf":[],"yoast_head":"<!-- This site is optimized with the Yoast SEO plugin v27.4 - https:\/\/yoast.com\/product\/yoast-seo-wordpress\/ -->\n<title>Plus d&#039;espace pour l&#039;eau et la nature dans la vall\u00e9e de Maalbeek (Grimbergen) - LIFE Belini<\/title>\n<meta name=\"robots\" content=\"index, follow, max-snippet:-1, max-image-preview:large, max-video-preview:-1\" \/>\n<link rel=\"canonical\" href=\"https:\/\/www.life-belini.be\/fr\/plus-despace-pour-leau-et-la-nature-dans-la-vallee-de-maalbeek-grimbergen\/\" \/>\n<meta property=\"og:locale\" content=\"fr_FR\" \/>\n<meta property=\"og:type\" content=\"article\" \/>\n<meta property=\"og:title\" content=\"Plus d&#039;espace pour l&#039;eau et la nature dans la vall\u00e9e de Maalbeek (Grimbergen) - LIFE Belini\" \/>\n<meta property=\"og:description\" content=\"La vall\u00e9e du Maelbeek, entre le centre de Grimbergen et le canal Bruxelles-Charleroi, se transforme progressivement en un lieu attractif pour la nature, le patrimoine et les loisirs. Mais ce [&hellip;]\" \/>\n<meta property=\"og:url\" content=\"https:\/\/www.life-belini.be\/fr\/plus-despace-pour-leau-et-la-nature-dans-la-vallee-de-maalbeek-grimbergen\/\" \/>\n<meta property=\"og:site_name\" content=\"LIFE Belini\" \/>\n<meta property=\"article:published_time\" content=\"2025-07-10T14:08:36+00:00\" \/>\n<meta property=\"article:modified_time\" content=\"2025-07-24T11:31:46+00:00\" \/>\n<meta property=\"og:image\" content=\"https:\/\/www.life-belini.be\/wp-content\/uploads\/2025\/07\/DJI_0856-dronebeeld-Grimbergen-web-2.jpg\" \/>\n\t<meta property=\"og:image:width\" content=\"1024\" \/>\n\t<meta property=\"og:image:height\" content=\"768\" \/>\n\t<meta property=\"og:image:type\" content=\"image\/jpeg\" \/>\n<meta name=\"author\" content=\"Maureen Nuyts\" \/>\n<meta name=\"twitter:card\" content=\"summary_large_image\" \/>\n<meta name=\"twitter:label1\" content=\"\u00c9crit par\" \/>\n\t<meta name=\"twitter:data1\" content=\"Maureen Nuyts\" \/>\n\t<meta name=\"twitter:label2\" content=\"Dur\u00e9e de lecture estim\u00e9e\" \/>\n\t<meta name=\"twitter:data2\" content=\"1 minute\" \/>\n<script type=\"application\/ld+json\" class=\"yoast-schema-graph\">{\"@context\":\"https:\\\/\\\/schema.org\",\"@graph\":[{\"@type\":\"Article\",\"@id\":\"https:\\\/\\\/www.life-belini.be\\\/fr\\\/plus-despace-pour-leau-et-la-nature-dans-la-vallee-de-maalbeek-grimbergen\\\/#article\",\"isPartOf\":{\"@id\":\"https:\\\/\\\/www.life-belini.be\\\/fr\\\/plus-despace-pour-leau-et-la-nature-dans-la-vallee-de-maalbeek-grimbergen\\\/\"},\"author\":{\"name\":\"Maureen Nuyts\",\"@id\":\"https:\\\/\\\/www.life-belini.be\\\/nl\\\/#\\\/schema\\\/person\\\/84a9c6d38af471fa4c482917c2aa2b5b\"},\"headline\":\"Plus d&rsquo;espace pour l&rsquo;eau et la nature dans la vall\u00e9e de Maalbeek (Grimbergen)\",\"datePublished\":\"2025-07-10T14:08:36+00:00\",\"dateModified\":\"2025-07-24T11:31:46+00:00\",\"mainEntityOfPage\":{\"@id\":\"https:\\\/\\\/www.life-belini.be\\\/fr\\\/plus-despace-pour-leau-et-la-nature-dans-la-vallee-de-maalbeek-grimbergen\\\/\"},\"wordCount\":62,\"image\":{\"@id\":\"https:\\\/\\\/www.life-belini.be\\\/fr\\\/plus-despace-pour-leau-et-la-nature-dans-la-vallee-de-maalbeek-grimbergen\\\/#primaryimage\"},\"thumbnailUrl\":\"https:\\\/\\\/www.life-belini.be\\\/wp-content\\\/uploads\\\/2025\\\/07\\\/DJI_0856-dronebeeld-Grimbergen-web-2.jpg\",\"articleSection\":[\"news fr\"],\"inLanguage\":\"fr-FR\"},{\"@type\":\"WebPage\",\"@id\":\"https:\\\/\\\/www.life-belini.be\\\/fr\\\/plus-despace-pour-leau-et-la-nature-dans-la-vallee-de-maalbeek-grimbergen\\\/\",\"url\":\"https:\\\/\\\/www.life-belini.be\\\/fr\\\/plus-despace-pour-leau-et-la-nature-dans-la-vallee-de-maalbeek-grimbergen\\\/\",\"name\":\"Plus d'espace pour l'eau et la nature dans la vall\u00e9e de Maalbeek (Grimbergen) - LIFE Belini\",\"isPartOf\":{\"@id\":\"https:\\\/\\\/www.life-belini.be\\\/nl\\\/#website\"},\"primaryImageOfPage\":{\"@id\":\"https:\\\/\\\/www.life-belini.be\\\/fr\\\/plus-despace-pour-leau-et-la-nature-dans-la-vallee-de-maalbeek-grimbergen\\\/#primaryimage\"},\"image\":{\"@id\":\"https:\\\/\\\/www.life-belini.be\\\/fr\\\/plus-despace-pour-leau-et-la-nature-dans-la-vallee-de-maalbeek-grimbergen\\\/#primaryimage\"},\"thumbnailUrl\":\"https:\\\/\\\/www.life-belini.be\\\/wp-content\\\/uploads\\\/2025\\\/07\\\/DJI_0856-dronebeeld-Grimbergen-web-2.jpg\",\"datePublished\":\"2025-07-10T14:08:36+00:00\",\"dateModified\":\"2025-07-24T11:31:46+00:00\",\"author\":{\"@id\":\"https:\\\/\\\/www.life-belini.be\\\/nl\\\/#\\\/schema\\\/person\\\/84a9c6d38af471fa4c482917c2aa2b5b\"},\"breadcrumb\":{\"@id\":\"https:\\\/\\\/www.life-belini.be\\\/fr\\\/plus-despace-pour-leau-et-la-nature-dans-la-vallee-de-maalbeek-grimbergen\\\/#breadcrumb\"},\"inLanguage\":\"fr-FR\",\"potentialAction\":[{\"@type\":\"ReadAction\",\"target\":[\"https:\\\/\\\/www.life-belini.be\\\/fr\\\/plus-despace-pour-leau-et-la-nature-dans-la-vallee-de-maalbeek-grimbergen\\\/\"]}]},{\"@type\":\"ImageObject\",\"inLanguage\":\"fr-FR\",\"@id\":\"https:\\\/\\\/www.life-belini.be\\\/fr\\\/plus-despace-pour-leau-et-la-nature-dans-la-vallee-de-maalbeek-grimbergen\\\/#primaryimage\",\"url\":\"https:\\\/\\\/www.life-belini.be\\\/wp-content\\\/uploads\\\/2025\\\/07\\\/DJI_0856-dronebeeld-Grimbergen-web-2.jpg\",\"contentUrl\":\"https:\\\/\\\/www.life-belini.be\\\/wp-content\\\/uploads\\\/2025\\\/07\\\/DJI_0856-dronebeeld-Grimbergen-web-2.jpg\",\"width\":1024,\"height\":768,\"caption\":\"default\"},{\"@type\":\"BreadcrumbList\",\"@id\":\"https:\\\/\\\/www.life-belini.be\\\/fr\\\/plus-despace-pour-leau-et-la-nature-dans-la-vallee-de-maalbeek-grimbergen\\\/#breadcrumb\",\"itemListElement\":[{\"@type\":\"ListItem\",\"position\":1,\"name\":\"Home\",\"item\":\"https:\\\/\\\/www.life-belini.be\\\/fr\\\/home-2\\\/\"},{\"@type\":\"ListItem\",\"position\":2,\"name\":\"Plus d&rsquo;espace pour l&rsquo;eau et la nature dans la vall\u00e9e de Maalbeek (Grimbergen)\"}]},{\"@type\":\"WebSite\",\"@id\":\"https:\\\/\\\/www.life-belini.be\\\/nl\\\/#website\",\"url\":\"https:\\\/\\\/www.life-belini.be\\\/nl\\\/\",\"name\":\"LIFE Belini\",\"description\":\"Belgian initiative for making a leap forward towards good status in the river basin district of the Scheldt\",\"potentialAction\":[{\"@type\":\"SearchAction\",\"target\":{\"@type\":\"EntryPoint\",\"urlTemplate\":\"https:\\\/\\\/www.life-belini.be\\\/nl\\\/?s={search_term_string}\"},\"query-input\":{\"@type\":\"PropertyValueSpecification\",\"valueRequired\":true,\"valueName\":\"search_term_string\"}}],\"inLanguage\":\"fr-FR\"},{\"@type\":\"Person\",\"@id\":\"https:\\\/\\\/www.life-belini.be\\\/nl\\\/#\\\/schema\\\/person\\\/84a9c6d38af471fa4c482917c2aa2b5b\",\"name\":\"Maureen Nuyts\",\"url\":\"https:\\\/\\\/www.life-belini.be\\\/fr\\\/author\\\/maureen-nuyts\\\/\"}]}<\/script>\n<!-- \/ Yoast SEO plugin. -->","yoast_head_json":{"title":"Plus d'espace pour l'eau et la nature dans la vall\u00e9e de Maalbeek (Grimbergen) - LIFE Belini","robots":{"index":"index","follow":"follow","max-snippet":"max-snippet:-1","max-image-preview":"max-image-preview:large","max-video-preview":"max-video-preview:-1"},"canonical":"https:\/\/www.life-belini.be\/fr\/plus-despace-pour-leau-et-la-nature-dans-la-vallee-de-maalbeek-grimbergen\/","og_locale":"fr_FR","og_type":"article","og_title":"Plus d'espace pour l'eau et la nature dans la vall\u00e9e de Maalbeek (Grimbergen) - LIFE Belini","og_description":"La vall\u00e9e du Maelbeek, entre le centre de Grimbergen et le canal Bruxelles-Charleroi, se transforme progressivement en un lieu attractif pour la nature, le patrimoine et les loisirs. Mais ce [&hellip;]","og_url":"https:\/\/www.life-belini.be\/fr\/plus-despace-pour-leau-et-la-nature-dans-la-vallee-de-maalbeek-grimbergen\/","og_site_name":"LIFE Belini","article_published_time":"2025-07-10T14:08:36+00:00","article_modified_time":"2025-07-24T11:31:46+00:00","og_image":[{"width":1024,"height":768,"url":"https:\/\/www.life-belini.be\/wp-content\/uploads\/2025\/07\/DJI_0856-dronebeeld-Grimbergen-web-2.jpg","type":"image\/jpeg"}],"author":"Maureen Nuyts","twitter_card":"summary_large_image","twitter_misc":{"\u00c9crit par":"Maureen Nuyts","Dur\u00e9e de lecture estim\u00e9e":"1 minute"},"schema":{"@context":"https:\/\/schema.org","@graph":[{"@type":"Article","@id":"https:\/\/www.life-belini.be\/fr\/plus-despace-pour-leau-et-la-nature-dans-la-vallee-de-maalbeek-grimbergen\/#article","isPartOf":{"@id":"https:\/\/www.life-belini.be\/fr\/plus-despace-pour-leau-et-la-nature-dans-la-vallee-de-maalbeek-grimbergen\/"},"author":{"name":"Maureen Nuyts","@id":"https:\/\/www.life-belini.be\/nl\/#\/schema\/person\/84a9c6d38af471fa4c482917c2aa2b5b"},"headline":"Plus d&rsquo;espace pour l&rsquo;eau et la nature dans la vall\u00e9e de Maalbeek (Grimbergen)","datePublished":"2025-07-10T14:08:36+00:00","dateModified":"2025-07-24T11:31:46+00:00","mainEntityOfPage":{"@id":"https:\/\/www.life-belini.be\/fr\/plus-despace-pour-leau-et-la-nature-dans-la-vallee-de-maalbeek-grimbergen\/"},"wordCount":62,"image":{"@id":"https:\/\/www.life-belini.be\/fr\/plus-despace-pour-leau-et-la-nature-dans-la-vallee-de-maalbeek-grimbergen\/#primaryimage"},"thumbnailUrl":"https:\/\/www.life-belini.be\/wp-content\/uploads\/2025\/07\/DJI_0856-dronebeeld-Grimbergen-web-2.jpg","articleSection":["news fr"],"inLanguage":"fr-FR"},{"@type":"WebPage","@id":"https:\/\/www.life-belini.be\/fr\/plus-despace-pour-leau-et-la-nature-dans-la-vallee-de-maalbeek-grimbergen\/","url":"https:\/\/www.life-belini.be\/fr\/plus-despace-pour-leau-et-la-nature-dans-la-vallee-de-maalbeek-grimbergen\/","name":"Plus d'espace pour l'eau et la nature dans la vall\u00e9e de Maalbeek (Grimbergen) - LIFE Belini","isPartOf":{"@id":"https:\/\/www.life-belini.be\/nl\/#website"},"primaryImageOfPage":{"@id":"https:\/\/www.life-belini.be\/fr\/plus-despace-pour-leau-et-la-nature-dans-la-vallee-de-maalbeek-grimbergen\/#primaryimage"},"image":{"@id":"https:\/\/www.life-belini.be\/fr\/plus-despace-pour-leau-et-la-nature-dans-la-vallee-de-maalbeek-grimbergen\/#primaryimage"},"thumbnailUrl":"https:\/\/www.life-belini.be\/wp-content\/uploads\/2025\/07\/DJI_0856-dronebeeld-Grimbergen-web-2.jpg","datePublished":"2025-07-10T14:08:36+00:00","dateModified":"2025-07-24T11:31:46+00:00","author":{"@id":"https:\/\/www.life-belini.be\/nl\/#\/schema\/person\/84a9c6d38af471fa4c482917c2aa2b5b"},"breadcrumb":{"@id":"https:\/\/www.life-belini.be\/fr\/plus-despace-pour-leau-et-la-nature-dans-la-vallee-de-maalbeek-grimbergen\/#breadcrumb"},"inLanguage":"fr-FR","potentialAction":[{"@type":"ReadAction","target":["https:\/\/www.life-belini.be\/fr\/plus-despace-pour-leau-et-la-nature-dans-la-vallee-de-maalbeek-grimbergen\/"]}]},{"@type":"ImageObject","inLanguage":"fr-FR","@id":"https:\/\/www.life-belini.be\/fr\/plus-despace-pour-leau-et-la-nature-dans-la-vallee-de-maalbeek-grimbergen\/#primaryimage","url":"https:\/\/www.life-belini.be\/wp-content\/uploads\/2025\/07\/DJI_0856-dronebeeld-Grimbergen-web-2.jpg","contentUrl":"https:\/\/www.life-belini.be\/wp-content\/uploads\/2025\/07\/DJI_0856-dronebeeld-Grimbergen-web-2.jpg","width":1024,"height":768,"caption":"default"},{"@type":"BreadcrumbList","@id":"https:\/\/www.life-belini.be\/fr\/plus-despace-pour-leau-et-la-nature-dans-la-vallee-de-maalbeek-grimbergen\/#breadcrumb","itemListElement":[{"@type":"ListItem","position":1,"name":"Home","item":"https:\/\/www.life-belini.be\/fr\/home-2\/"},{"@type":"ListItem","position":2,"name":"Plus d&rsquo;espace pour l&rsquo;eau et la nature dans la vall\u00e9e de Maalbeek (Grimbergen)"}]},{"@type":"WebSite","@id":"https:\/\/www.life-belini.be\/nl\/#website","url":"https:\/\/www.life-belini.be\/nl\/","name":"LIFE Belini","description":"Belgian initiative for making a leap forward towards good status in the river basin district of the Scheldt","potentialAction":[{"@type":"SearchAction","target":{"@type":"EntryPoint","urlTemplate":"https:\/\/www.life-belini.be\/nl\/?s={search_term_string}"},"query-input":{"@type":"PropertyValueSpecification","valueRequired":true,"valueName":"search_term_string"}}],"inLanguage":"fr-FR"},{"@type":"Person","@id":"https:\/\/www.life-belini.be\/nl\/#\/schema\/person\/84a9c6d38af471fa4c482917c2aa2b5b","name":"Maureen Nuyts","url":"https:\/\/www.life-belini.be\/fr\/author\/maureen-nuyts\/"}]}},"_links":{"self":[{"href":"https:\/\/www.life-belini.be\/fr\/wp-json\/wp\/v2\/posts\/9795","targetHints":{"allow":["GET"]}}],"collection":[{"href":"https:\/\/www.life-belini.be\/fr\/wp-json\/wp\/v2\/posts"}],"about":[{"href":"https:\/\/www.life-belini.be\/fr\/wp-json\/wp\/v2\/types\/post"}],"author":[{"embeddable":true,"href":"https:\/\/www.life-belini.be\/fr\/wp-json\/wp\/v2\/users\/6"}],"replies":[{"embeddable":true,"href":"https:\/\/www.life-belini.be\/fr\/wp-json\/wp\/v2\/comments?post=9795"}],"version-history":[{"count":6,"href":"https:\/\/www.life-belini.be\/fr\/wp-json\/wp\/v2\/posts\/9795\/revisions"}],"predecessor-version":[{"id":9804,"href":"https:\/\/www.life-belini.be\/fr\/wp-json\/wp\/v2\/posts\/9795\/revisions\/9804"}],"wp:featuredmedia":[{"embeddable":true,"href":"https:\/\/www.life-belini.be\/fr\/wp-json\/wp\/v2\/media\/9482"}],"wp:attachment":[{"href":"https:\/\/www.life-belini.be\/fr\/wp-json\/wp\/v2\/media?parent=9795"}],"wp:term":[{"taxonomy":"category","embeddable":true,"href":"https:\/\/www.life-belini.be\/fr\/wp-json\/wp\/v2\/categories?post=9795"},{"taxonomy":"post_tag","embeddable":true,"href":"https:\/\/www.life-belini.be\/fr\/wp-json\/wp\/v2\/tags?post=9795"}],"curies":[{"name":"wp","href":"https:\/\/api.w.org\/{rel}","templated":true}]}}