{"id":9774,"date":"2025-07-17T09:12:25","date_gmt":"2025-07-17T09:12:25","guid":{"rendered":"https:\/\/www.life-belini.be\/?p=9774"},"modified":"2025-07-17T13:40:07","modified_gmt":"2025-07-17T13:40:07","slug":"leau-du-ring-de-bruxelles-bientot-traitee-vers-lijse","status":"publish","type":"post","link":"https:\/\/www.life-belini.be\/fr\/leau-du-ring-de-bruxelles-bientot-traitee-vers-lijse\/","title":{"rendered":"L\u2019eau du Ring de Bruxelles bient\u00f4t trait\u00e9e vers l&rsquo;IJse"},"content":{"rendered":"<p><strong>Les travaux d\u2019am\u00e9nagement des \u00e9tangs royaux \u00e0 Groenendaal d\u00e9buteront le 5 ao\u00fbt. Ces travaux devraient permettre d\u2019\u00e9liminer les huiles, les m\u00e9taux lourds et d\u2019autres polluants des eaux de pluie avant qu\u2019elles ne se d\u00e9versent dans l\u2019IJse. Cela garantit une am\u00e9lioration significative de la qualit\u00e9 de l\u2019eau et contribue \u00e9galement aux objectifs naturels de la For\u00eat de Soignes et du Parc National des For\u00eats du Brabant.<\/strong><\/p>\n","protected":false},"excerpt":{"rendered":"<p>Les travaux d\u2019am\u00e9nagement des \u00e9tangs royaux \u00e0 Groenendaal d\u00e9buteront le 5 ao\u00fbt. Ces travaux devraient permettre d\u2019\u00e9liminer les huiles, les m\u00e9taux lourds et d\u2019autres polluants des eaux de pluie avant [&hellip;]<\/p>\n","protected":false},"author":6,"featured_media":9721,"comment_status":"closed","ping_status":"closed","sticky":false,"template":"","format":"standard","meta":{"_acf_changed":false,"_exactmetrics_skip_tracking":false,"_exactmetrics_sitenote_active":false,"_exactmetrics_sitenote_note":"","_exactmetrics_sitenote_category":0,"footnotes":""},"categories":[30],"tags":[],"class_list":["post-9774","post","type-post","status-publish","format-standard","has-post-thumbnail","hentry","category-news-fr"],"acf":[],"yoast_head":"<!-- This site is optimized with the Yoast SEO plugin v27.4 - https:\/\/yoast.com\/product\/yoast-seo-wordpress\/ -->\n<title>L\u2019eau du Ring de Bruxelles bient\u00f4t trait\u00e9e vers l&#039;IJse - LIFE Belini<\/title>\n<meta name=\"robots\" content=\"index, follow, max-snippet:-1, max-image-preview:large, max-video-preview:-1\" \/>\n<link rel=\"canonical\" href=\"https:\/\/www.life-belini.be\/fr\/leau-du-ring-de-bruxelles-bientot-traitee-vers-lijse\/\" \/>\n<meta property=\"og:locale\" content=\"fr_FR\" \/>\n<meta property=\"og:type\" content=\"article\" \/>\n<meta property=\"og:title\" content=\"L\u2019eau du Ring de Bruxelles bient\u00f4t trait\u00e9e vers l&#039;IJse - LIFE Belini\" \/>\n<meta property=\"og:description\" content=\"Les travaux d\u2019am\u00e9nagement des \u00e9tangs royaux \u00e0 Groenendaal d\u00e9buteront le 5 ao\u00fbt. Ces travaux devraient permettre d\u2019\u00e9liminer les huiles, les m\u00e9taux lourds et d\u2019autres polluants des eaux de pluie avant [&hellip;]\" \/>\n<meta property=\"og:url\" content=\"https:\/\/www.life-belini.be\/fr\/leau-du-ring-de-bruxelles-bientot-traitee-vers-lijse\/\" \/>\n<meta property=\"og:site_name\" content=\"LIFE Belini\" \/>\n<meta property=\"article:published_time\" content=\"2025-07-17T09:12:25+00:00\" \/>\n<meta property=\"article:modified_time\" content=\"2025-07-17T13:40:07+00:00\" \/>\n<meta property=\"og:image\" content=\"https:\/\/www.life-belini.be\/wp-content\/uploads\/2025\/07\/Koningsvijver_vijver-5_web.jpg\" \/>\n\t<meta property=\"og:image:width\" content=\"1024\" \/>\n\t<meta property=\"og:image:height\" content=\"576\" \/>\n\t<meta property=\"og:image:type\" content=\"image\/jpeg\" \/>\n<meta name=\"author\" content=\"Maureen Nuyts\" \/>\n<meta name=\"twitter:card\" content=\"summary_large_image\" \/>\n<meta name=\"twitter:label1\" content=\"\u00c9crit par\" \/>\n\t<meta name=\"twitter:data1\" content=\"Maureen Nuyts\" \/>\n\t<meta name=\"twitter:label2\" content=\"Dur\u00e9e de lecture estim\u00e9e\" \/>\n\t<meta name=\"twitter:data2\" content=\"1 minute\" \/>\n<script type=\"application\/ld+json\" class=\"yoast-schema-graph\">{\"@context\":\"https:\\\/\\\/schema.org\",\"@graph\":[{\"@type\":\"Article\",\"@id\":\"https:\\\/\\\/www.life-belini.be\\\/fr\\\/leau-du-ring-de-bruxelles-bientot-traitee-vers-lijse\\\/#article\",\"isPartOf\":{\"@id\":\"https:\\\/\\\/www.life-belini.be\\\/fr\\\/leau-du-ring-de-bruxelles-bientot-traitee-vers-lijse\\\/\"},\"author\":{\"name\":\"Maureen Nuyts\",\"@id\":\"https:\\\/\\\/www.life-belini.be\\\/nl\\\/#\\\/schema\\\/person\\\/84a9c6d38af471fa4c482917c2aa2b5b\"},\"headline\":\"L\u2019eau du Ring de Bruxelles bient\u00f4t trait\u00e9e vers l&rsquo;IJse\",\"datePublished\":\"2025-07-17T09:12:25+00:00\",\"dateModified\":\"2025-07-17T13:40:07+00:00\",\"mainEntityOfPage\":{\"@id\":\"https:\\\/\\\/www.life-belini.be\\\/fr\\\/leau-du-ring-de-bruxelles-bientot-traitee-vers-lijse\\\/\"},\"wordCount\":90,\"image\":{\"@id\":\"https:\\\/\\\/www.life-belini.be\\\/fr\\\/leau-du-ring-de-bruxelles-bientot-traitee-vers-lijse\\\/#primaryimage\"},\"thumbnailUrl\":\"https:\\\/\\\/www.life-belini.be\\\/wp-content\\\/uploads\\\/2025\\\/07\\\/Koningsvijver_vijver-5_web.jpg\",\"articleSection\":[\"news fr\"],\"inLanguage\":\"fr-FR\"},{\"@type\":\"WebPage\",\"@id\":\"https:\\\/\\\/www.life-belini.be\\\/fr\\\/leau-du-ring-de-bruxelles-bientot-traitee-vers-lijse\\\/\",\"url\":\"https:\\\/\\\/www.life-belini.be\\\/fr\\\/leau-du-ring-de-bruxelles-bientot-traitee-vers-lijse\\\/\",\"name\":\"L\u2019eau du Ring de Bruxelles bient\u00f4t trait\u00e9e vers l'IJse - LIFE Belini\",\"isPartOf\":{\"@id\":\"https:\\\/\\\/www.life-belini.be\\\/nl\\\/#website\"},\"primaryImageOfPage\":{\"@id\":\"https:\\\/\\\/www.life-belini.be\\\/fr\\\/leau-du-ring-de-bruxelles-bientot-traitee-vers-lijse\\\/#primaryimage\"},\"image\":{\"@id\":\"https:\\\/\\\/www.life-belini.be\\\/fr\\\/leau-du-ring-de-bruxelles-bientot-traitee-vers-lijse\\\/#primaryimage\"},\"thumbnailUrl\":\"https:\\\/\\\/www.life-belini.be\\\/wp-content\\\/uploads\\\/2025\\\/07\\\/Koningsvijver_vijver-5_web.jpg\",\"datePublished\":\"2025-07-17T09:12:25+00:00\",\"dateModified\":\"2025-07-17T13:40:07+00:00\",\"author\":{\"@id\":\"https:\\\/\\\/www.life-belini.be\\\/nl\\\/#\\\/schema\\\/person\\\/84a9c6d38af471fa4c482917c2aa2b5b\"},\"breadcrumb\":{\"@id\":\"https:\\\/\\\/www.life-belini.be\\\/fr\\\/leau-du-ring-de-bruxelles-bientot-traitee-vers-lijse\\\/#breadcrumb\"},\"inLanguage\":\"fr-FR\",\"potentialAction\":[{\"@type\":\"ReadAction\",\"target\":[\"https:\\\/\\\/www.life-belini.be\\\/fr\\\/leau-du-ring-de-bruxelles-bientot-traitee-vers-lijse\\\/\"]}]},{\"@type\":\"ImageObject\",\"inLanguage\":\"fr-FR\",\"@id\":\"https:\\\/\\\/www.life-belini.be\\\/fr\\\/leau-du-ring-de-bruxelles-bientot-traitee-vers-lijse\\\/#primaryimage\",\"url\":\"https:\\\/\\\/www.life-belini.be\\\/wp-content\\\/uploads\\\/2025\\\/07\\\/Koningsvijver_vijver-5_web.jpg\",\"contentUrl\":\"https:\\\/\\\/www.life-belini.be\\\/wp-content\\\/uploads\\\/2025\\\/07\\\/Koningsvijver_vijver-5_web.jpg\",\"width\":1024,\"height\":576,\"caption\":\"created by dji camera\"},{\"@type\":\"BreadcrumbList\",\"@id\":\"https:\\\/\\\/www.life-belini.be\\\/fr\\\/leau-du-ring-de-bruxelles-bientot-traitee-vers-lijse\\\/#breadcrumb\",\"itemListElement\":[{\"@type\":\"ListItem\",\"position\":1,\"name\":\"Home\",\"item\":\"https:\\\/\\\/www.life-belini.be\\\/fr\\\/home-2\\\/\"},{\"@type\":\"ListItem\",\"position\":2,\"name\":\"L\u2019eau du Ring de Bruxelles bient\u00f4t trait\u00e9e vers l&#8217;IJse\"}]},{\"@type\":\"WebSite\",\"@id\":\"https:\\\/\\\/www.life-belini.be\\\/nl\\\/#website\",\"url\":\"https:\\\/\\\/www.life-belini.be\\\/nl\\\/\",\"name\":\"LIFE Belini\",\"description\":\"Belgian initiative for making a leap forward towards good status in the river basin district of the Scheldt\",\"potentialAction\":[{\"@type\":\"SearchAction\",\"target\":{\"@type\":\"EntryPoint\",\"urlTemplate\":\"https:\\\/\\\/www.life-belini.be\\\/nl\\\/?s={search_term_string}\"},\"query-input\":{\"@type\":\"PropertyValueSpecification\",\"valueRequired\":true,\"valueName\":\"search_term_string\"}}],\"inLanguage\":\"fr-FR\"},{\"@type\":\"Person\",\"@id\":\"https:\\\/\\\/www.life-belini.be\\\/nl\\\/#\\\/schema\\\/person\\\/84a9c6d38af471fa4c482917c2aa2b5b\",\"name\":\"Maureen Nuyts\",\"url\":\"https:\\\/\\\/www.life-belini.be\\\/fr\\\/author\\\/maureen-nuyts\\\/\"}]}<\/script>\n<!-- \/ Yoast SEO plugin. -->","yoast_head_json":{"title":"L\u2019eau du Ring de Bruxelles bient\u00f4t trait\u00e9e vers l'IJse - LIFE Belini","robots":{"index":"index","follow":"follow","max-snippet":"max-snippet:-1","max-image-preview":"max-image-preview:large","max-video-preview":"max-video-preview:-1"},"canonical":"https:\/\/www.life-belini.be\/fr\/leau-du-ring-de-bruxelles-bientot-traitee-vers-lijse\/","og_locale":"fr_FR","og_type":"article","og_title":"L\u2019eau du Ring de Bruxelles bient\u00f4t trait\u00e9e vers l'IJse - LIFE Belini","og_description":"Les travaux d\u2019am\u00e9nagement des \u00e9tangs royaux \u00e0 Groenendaal d\u00e9buteront le 5 ao\u00fbt. Ces travaux devraient permettre d\u2019\u00e9liminer les huiles, les m\u00e9taux lourds et d\u2019autres polluants des eaux de pluie avant [&hellip;]","og_url":"https:\/\/www.life-belini.be\/fr\/leau-du-ring-de-bruxelles-bientot-traitee-vers-lijse\/","og_site_name":"LIFE Belini","article_published_time":"2025-07-17T09:12:25+00:00","article_modified_time":"2025-07-17T13:40:07+00:00","og_image":[{"width":1024,"height":576,"url":"https:\/\/www.life-belini.be\/wp-content\/uploads\/2025\/07\/Koningsvijver_vijver-5_web.jpg","type":"image\/jpeg"}],"author":"Maureen Nuyts","twitter_card":"summary_large_image","twitter_misc":{"\u00c9crit par":"Maureen Nuyts","Dur\u00e9e de lecture estim\u00e9e":"1 minute"},"schema":{"@context":"https:\/\/schema.org","@graph":[{"@type":"Article","@id":"https:\/\/www.life-belini.be\/fr\/leau-du-ring-de-bruxelles-bientot-traitee-vers-lijse\/#article","isPartOf":{"@id":"https:\/\/www.life-belini.be\/fr\/leau-du-ring-de-bruxelles-bientot-traitee-vers-lijse\/"},"author":{"name":"Maureen Nuyts","@id":"https:\/\/www.life-belini.be\/nl\/#\/schema\/person\/84a9c6d38af471fa4c482917c2aa2b5b"},"headline":"L\u2019eau du Ring de Bruxelles bient\u00f4t trait\u00e9e vers l&rsquo;IJse","datePublished":"2025-07-17T09:12:25+00:00","dateModified":"2025-07-17T13:40:07+00:00","mainEntityOfPage":{"@id":"https:\/\/www.life-belini.be\/fr\/leau-du-ring-de-bruxelles-bientot-traitee-vers-lijse\/"},"wordCount":90,"image":{"@id":"https:\/\/www.life-belini.be\/fr\/leau-du-ring-de-bruxelles-bientot-traitee-vers-lijse\/#primaryimage"},"thumbnailUrl":"https:\/\/www.life-belini.be\/wp-content\/uploads\/2025\/07\/Koningsvijver_vijver-5_web.jpg","articleSection":["news fr"],"inLanguage":"fr-FR"},{"@type":"WebPage","@id":"https:\/\/www.life-belini.be\/fr\/leau-du-ring-de-bruxelles-bientot-traitee-vers-lijse\/","url":"https:\/\/www.life-belini.be\/fr\/leau-du-ring-de-bruxelles-bientot-traitee-vers-lijse\/","name":"L\u2019eau du Ring de Bruxelles bient\u00f4t trait\u00e9e vers l'IJse - LIFE Belini","isPartOf":{"@id":"https:\/\/www.life-belini.be\/nl\/#website"},"primaryImageOfPage":{"@id":"https:\/\/www.life-belini.be\/fr\/leau-du-ring-de-bruxelles-bientot-traitee-vers-lijse\/#primaryimage"},"image":{"@id":"https:\/\/www.life-belini.be\/fr\/leau-du-ring-de-bruxelles-bientot-traitee-vers-lijse\/#primaryimage"},"thumbnailUrl":"https:\/\/www.life-belini.be\/wp-content\/uploads\/2025\/07\/Koningsvijver_vijver-5_web.jpg","datePublished":"2025-07-17T09:12:25+00:00","dateModified":"2025-07-17T13:40:07+00:00","author":{"@id":"https:\/\/www.life-belini.be\/nl\/#\/schema\/person\/84a9c6d38af471fa4c482917c2aa2b5b"},"breadcrumb":{"@id":"https:\/\/www.life-belini.be\/fr\/leau-du-ring-de-bruxelles-bientot-traitee-vers-lijse\/#breadcrumb"},"inLanguage":"fr-FR","potentialAction":[{"@type":"ReadAction","target":["https:\/\/www.life-belini.be\/fr\/leau-du-ring-de-bruxelles-bientot-traitee-vers-lijse\/"]}]},{"@type":"ImageObject","inLanguage":"fr-FR","@id":"https:\/\/www.life-belini.be\/fr\/leau-du-ring-de-bruxelles-bientot-traitee-vers-lijse\/#primaryimage","url":"https:\/\/www.life-belini.be\/wp-content\/uploads\/2025\/07\/Koningsvijver_vijver-5_web.jpg","contentUrl":"https:\/\/www.life-belini.be\/wp-content\/uploads\/2025\/07\/Koningsvijver_vijver-5_web.jpg","width":1024,"height":576,"caption":"created by dji camera"},{"@type":"BreadcrumbList","@id":"https:\/\/www.life-belini.be\/fr\/leau-du-ring-de-bruxelles-bientot-traitee-vers-lijse\/#breadcrumb","itemListElement":[{"@type":"ListItem","position":1,"name":"Home","item":"https:\/\/www.life-belini.be\/fr\/home-2\/"},{"@type":"ListItem","position":2,"name":"L\u2019eau du Ring de Bruxelles bient\u00f4t trait\u00e9e vers l&#8217;IJse"}]},{"@type":"WebSite","@id":"https:\/\/www.life-belini.be\/nl\/#website","url":"https:\/\/www.life-belini.be\/nl\/","name":"LIFE Belini","description":"Belgian initiative for making a leap forward towards good status in the river basin district of the Scheldt","potentialAction":[{"@type":"SearchAction","target":{"@type":"EntryPoint","urlTemplate":"https:\/\/www.life-belini.be\/nl\/?s={search_term_string}"},"query-input":{"@type":"PropertyValueSpecification","valueRequired":true,"valueName":"search_term_string"}}],"inLanguage":"fr-FR"},{"@type":"Person","@id":"https:\/\/www.life-belini.be\/nl\/#\/schema\/person\/84a9c6d38af471fa4c482917c2aa2b5b","name":"Maureen Nuyts","url":"https:\/\/www.life-belini.be\/fr\/author\/maureen-nuyts\/"}]}},"_links":{"self":[{"href":"https:\/\/www.life-belini.be\/fr\/wp-json\/wp\/v2\/posts\/9774","targetHints":{"allow":["GET"]}}],"collection":[{"href":"https:\/\/www.life-belini.be\/fr\/wp-json\/wp\/v2\/posts"}],"about":[{"href":"https:\/\/www.life-belini.be\/fr\/wp-json\/wp\/v2\/types\/post"}],"author":[{"embeddable":true,"href":"https:\/\/www.life-belini.be\/fr\/wp-json\/wp\/v2\/users\/6"}],"replies":[{"embeddable":true,"href":"https:\/\/www.life-belini.be\/fr\/wp-json\/wp\/v2\/comments?post=9774"}],"version-history":[{"count":2,"href":"https:\/\/www.life-belini.be\/fr\/wp-json\/wp\/v2\/posts\/9774\/revisions"}],"predecessor-version":[{"id":9776,"href":"https:\/\/www.life-belini.be\/fr\/wp-json\/wp\/v2\/posts\/9774\/revisions\/9776"}],"wp:featuredmedia":[{"embeddable":true,"href":"https:\/\/www.life-belini.be\/fr\/wp-json\/wp\/v2\/media\/9721"}],"wp:attachment":[{"href":"https:\/\/www.life-belini.be\/fr\/wp-json\/wp\/v2\/media?parent=9774"}],"wp:term":[{"taxonomy":"category","embeddable":true,"href":"https:\/\/www.life-belini.be\/fr\/wp-json\/wp\/v2\/categories?post=9774"},{"taxonomy":"post_tag","embeddable":true,"href":"https:\/\/www.life-belini.be\/fr\/wp-json\/wp\/v2\/tags?post=9774"}],"curies":[{"name":"wp","href":"https:\/\/api.w.org\/{rel}","templated":true}]}}