{"id":9676,"date":"2025-04-07T09:57:30","date_gmt":"2025-04-07T09:57:30","guid":{"rendered":"https:\/\/www.life-belini.be\/campagne-fiere-rivieren-2025\/"},"modified":"2025-07-25T14:17:43","modified_gmt":"2025-07-25T14:17:43","slug":"campagne-rivieres-fieres-2025","status":"publish","type":"post","link":"https:\/\/www.life-belini.be\/fr\/campagne-rivieres-fieres-2025\/","title":{"rendered":"C&rsquo;\u00e9tait notre campagne Rivi\u00e8res Fi\u00e8res 2025"},"content":{"rendered":"<p><strong>A l&rsquo;occasion de la journ\u00e9e mondiale de l&rsquo;eau (22 mars), notre campagne a donn\u00e9 lieu \u00e0 des sorties exceptionnelles en kayak sur la Senne en Wallonie. Une exp\u00e9rience unique pour tous les participants qui pourrait se poursuivre avec le soutien du projet Life Belini et de ses partenaires. En outre, pendant notre campagne, vous avez \u00e9galement pu faire du v\u00e9lo et de la marche \u00e0 plusieurs endroits et, \u00e0 Beersel, vous avez m\u00eame pu apercevoir des animaux aquatiques.<\/strong><\/p>\n<p>&nbsp;<\/p>\n","protected":false},"excerpt":{"rendered":"<p>A l&rsquo;occasion de la journ\u00e9e mondiale de l&rsquo;eau (22 mars), notre campagne a donn\u00e9 lieu \u00e0 des sorties exceptionnelles en kayak sur la Senne en Wallonie. Une exp\u00e9rience unique pour [&hellip;]<\/p>\n","protected":false},"author":6,"featured_media":9606,"comment_status":"closed","ping_status":"closed","sticky":false,"template":"","format":"standard","meta":{"_acf_changed":false,"_exactmetrics_skip_tracking":false,"_exactmetrics_sitenote_active":false,"_exactmetrics_sitenote_note":"","_exactmetrics_sitenote_category":0,"footnotes":""},"categories":[30],"tags":[],"class_list":["post-9676","post","type-post","status-publish","format-standard","has-post-thumbnail","hentry","category-news-fr"],"acf":[],"yoast_head":"<!-- This site is optimized with the Yoast SEO plugin v27.4 - https:\/\/yoast.com\/product\/yoast-seo-wordpress\/ -->\n<title>C&#039;\u00e9tait notre campagne Rivi\u00e8res Fi\u00e8res 2025 - LIFE Belini<\/title>\n<meta name=\"robots\" content=\"index, follow, max-snippet:-1, max-image-preview:large, max-video-preview:-1\" \/>\n<link rel=\"canonical\" href=\"https:\/\/www.life-belini.be\/fr\/campagne-rivieres-fieres-2025\/\" \/>\n<meta property=\"og:locale\" content=\"fr_FR\" \/>\n<meta property=\"og:type\" content=\"article\" \/>\n<meta property=\"og:title\" content=\"C&#039;\u00e9tait notre campagne Rivi\u00e8res Fi\u00e8res 2025 - LIFE Belini\" \/>\n<meta property=\"og:description\" content=\"A l&rsquo;occasion de la journ\u00e9e mondiale de l&rsquo;eau (22 mars), notre campagne a donn\u00e9 lieu \u00e0 des sorties exceptionnelles en kayak sur la Senne en Wallonie. Une exp\u00e9rience unique pour [&hellip;]\" \/>\n<meta property=\"og:url\" content=\"https:\/\/www.life-belini.be\/fr\/campagne-rivieres-fieres-2025\/\" \/>\n<meta property=\"og:site_name\" content=\"LIFE Belini\" \/>\n<meta property=\"article:published_time\" content=\"2025-04-07T09:57:30+00:00\" \/>\n<meta property=\"article:modified_time\" content=\"2025-07-25T14:17:43+00:00\" \/>\n<meta property=\"og:image\" content=\"https:\/\/www.life-belini.be\/wp-content\/uploads\/2025\/07\/20250323_152935-scaled.jpg\" \/>\n\t<meta property=\"og:image:width\" content=\"2560\" \/>\n\t<meta property=\"og:image:height\" content=\"1920\" \/>\n\t<meta property=\"og:image:type\" content=\"image\/jpeg\" \/>\n<meta name=\"author\" content=\"Maureen Nuyts\" \/>\n<meta name=\"twitter:card\" content=\"summary_large_image\" \/>\n<meta name=\"twitter:label1\" content=\"\u00c9crit par\" \/>\n\t<meta name=\"twitter:data1\" content=\"Maureen Nuyts\" \/>\n\t<meta name=\"twitter:label2\" content=\"Dur\u00e9e de lecture estim\u00e9e\" \/>\n\t<meta name=\"twitter:data2\" content=\"1 minute\" \/>\n<script type=\"application\/ld+json\" class=\"yoast-schema-graph\">{\"@context\":\"https:\\\/\\\/schema.org\",\"@graph\":[{\"@type\":\"Article\",\"@id\":\"https:\\\/\\\/www.life-belini.be\\\/fr\\\/campagne-rivieres-fieres-2025\\\/#article\",\"isPartOf\":{\"@id\":\"https:\\\/\\\/www.life-belini.be\\\/fr\\\/campagne-rivieres-fieres-2025\\\/\"},\"author\":{\"name\":\"Maureen Nuyts\",\"@id\":\"https:\\\/\\\/www.life-belini.be\\\/nl\\\/#\\\/schema\\\/person\\\/84a9c6d38af471fa4c482917c2aa2b5b\"},\"headline\":\"C&rsquo;\u00e9tait notre campagne Rivi\u00e8res Fi\u00e8res 2025\",\"datePublished\":\"2025-04-07T09:57:30+00:00\",\"dateModified\":\"2025-07-25T14:17:43+00:00\",\"mainEntityOfPage\":{\"@id\":\"https:\\\/\\\/www.life-belini.be\\\/fr\\\/campagne-rivieres-fieres-2025\\\/\"},\"wordCount\":89,\"image\":{\"@id\":\"https:\\\/\\\/www.life-belini.be\\\/fr\\\/campagne-rivieres-fieres-2025\\\/#primaryimage\"},\"thumbnailUrl\":\"https:\\\/\\\/www.life-belini.be\\\/wp-content\\\/uploads\\\/2025\\\/07\\\/20250323_152935-scaled.jpg\",\"articleSection\":[\"news fr\"],\"inLanguage\":\"fr-FR\"},{\"@type\":\"WebPage\",\"@id\":\"https:\\\/\\\/www.life-belini.be\\\/fr\\\/campagne-rivieres-fieres-2025\\\/\",\"url\":\"https:\\\/\\\/www.life-belini.be\\\/fr\\\/campagne-rivieres-fieres-2025\\\/\",\"name\":\"C'\u00e9tait notre campagne Rivi\u00e8res Fi\u00e8res 2025 - LIFE Belini\",\"isPartOf\":{\"@id\":\"https:\\\/\\\/www.life-belini.be\\\/nl\\\/#website\"},\"primaryImageOfPage\":{\"@id\":\"https:\\\/\\\/www.life-belini.be\\\/fr\\\/campagne-rivieres-fieres-2025\\\/#primaryimage\"},\"image\":{\"@id\":\"https:\\\/\\\/www.life-belini.be\\\/fr\\\/campagne-rivieres-fieres-2025\\\/#primaryimage\"},\"thumbnailUrl\":\"https:\\\/\\\/www.life-belini.be\\\/wp-content\\\/uploads\\\/2025\\\/07\\\/20250323_152935-scaled.jpg\",\"datePublished\":\"2025-04-07T09:57:30+00:00\",\"dateModified\":\"2025-07-25T14:17:43+00:00\",\"author\":{\"@id\":\"https:\\\/\\\/www.life-belini.be\\\/nl\\\/#\\\/schema\\\/person\\\/84a9c6d38af471fa4c482917c2aa2b5b\"},\"breadcrumb\":{\"@id\":\"https:\\\/\\\/www.life-belini.be\\\/fr\\\/campagne-rivieres-fieres-2025\\\/#breadcrumb\"},\"inLanguage\":\"fr-FR\",\"potentialAction\":[{\"@type\":\"ReadAction\",\"target\":[\"https:\\\/\\\/www.life-belini.be\\\/fr\\\/campagne-rivieres-fieres-2025\\\/\"]}]},{\"@type\":\"ImageObject\",\"inLanguage\":\"fr-FR\",\"@id\":\"https:\\\/\\\/www.life-belini.be\\\/fr\\\/campagne-rivieres-fieres-2025\\\/#primaryimage\",\"url\":\"https:\\\/\\\/www.life-belini.be\\\/wp-content\\\/uploads\\\/2025\\\/07\\\/20250323_152935-scaled.jpg\",\"contentUrl\":\"https:\\\/\\\/www.life-belini.be\\\/wp-content\\\/uploads\\\/2025\\\/07\\\/20250323_152935-scaled.jpg\",\"width\":2560,\"height\":1920},{\"@type\":\"BreadcrumbList\",\"@id\":\"https:\\\/\\\/www.life-belini.be\\\/fr\\\/campagne-rivieres-fieres-2025\\\/#breadcrumb\",\"itemListElement\":[{\"@type\":\"ListItem\",\"position\":1,\"name\":\"Home\",\"item\":\"https:\\\/\\\/www.life-belini.be\\\/fr\\\/home-2\\\/\"},{\"@type\":\"ListItem\",\"position\":2,\"name\":\"C&#8217;\u00e9tait notre campagne Rivi\u00e8res Fi\u00e8res 2025\"}]},{\"@type\":\"WebSite\",\"@id\":\"https:\\\/\\\/www.life-belini.be\\\/nl\\\/#website\",\"url\":\"https:\\\/\\\/www.life-belini.be\\\/nl\\\/\",\"name\":\"LIFE Belini\",\"description\":\"Belgian initiative for making a leap forward towards good status in the river basin district of the Scheldt\",\"potentialAction\":[{\"@type\":\"SearchAction\",\"target\":{\"@type\":\"EntryPoint\",\"urlTemplate\":\"https:\\\/\\\/www.life-belini.be\\\/nl\\\/?s={search_term_string}\"},\"query-input\":{\"@type\":\"PropertyValueSpecification\",\"valueRequired\":true,\"valueName\":\"search_term_string\"}}],\"inLanguage\":\"fr-FR\"},{\"@type\":\"Person\",\"@id\":\"https:\\\/\\\/www.life-belini.be\\\/nl\\\/#\\\/schema\\\/person\\\/84a9c6d38af471fa4c482917c2aa2b5b\",\"name\":\"Maureen Nuyts\",\"url\":\"https:\\\/\\\/www.life-belini.be\\\/fr\\\/author\\\/maureen-nuyts\\\/\"}]}<\/script>\n<!-- \/ Yoast SEO plugin. -->","yoast_head_json":{"title":"C'\u00e9tait notre campagne Rivi\u00e8res Fi\u00e8res 2025 - LIFE Belini","robots":{"index":"index","follow":"follow","max-snippet":"max-snippet:-1","max-image-preview":"max-image-preview:large","max-video-preview":"max-video-preview:-1"},"canonical":"https:\/\/www.life-belini.be\/fr\/campagne-rivieres-fieres-2025\/","og_locale":"fr_FR","og_type":"article","og_title":"C'\u00e9tait notre campagne Rivi\u00e8res Fi\u00e8res 2025 - LIFE Belini","og_description":"A l&rsquo;occasion de la journ\u00e9e mondiale de l&rsquo;eau (22 mars), notre campagne a donn\u00e9 lieu \u00e0 des sorties exceptionnelles en kayak sur la Senne en Wallonie. Une exp\u00e9rience unique pour [&hellip;]","og_url":"https:\/\/www.life-belini.be\/fr\/campagne-rivieres-fieres-2025\/","og_site_name":"LIFE Belini","article_published_time":"2025-04-07T09:57:30+00:00","article_modified_time":"2025-07-25T14:17:43+00:00","og_image":[{"width":2560,"height":1920,"url":"https:\/\/www.life-belini.be\/wp-content\/uploads\/2025\/07\/20250323_152935-scaled.jpg","type":"image\/jpeg"}],"author":"Maureen Nuyts","twitter_card":"summary_large_image","twitter_misc":{"\u00c9crit par":"Maureen Nuyts","Dur\u00e9e de lecture estim\u00e9e":"1 minute"},"schema":{"@context":"https:\/\/schema.org","@graph":[{"@type":"Article","@id":"https:\/\/www.life-belini.be\/fr\/campagne-rivieres-fieres-2025\/#article","isPartOf":{"@id":"https:\/\/www.life-belini.be\/fr\/campagne-rivieres-fieres-2025\/"},"author":{"name":"Maureen Nuyts","@id":"https:\/\/www.life-belini.be\/nl\/#\/schema\/person\/84a9c6d38af471fa4c482917c2aa2b5b"},"headline":"C&rsquo;\u00e9tait notre campagne Rivi\u00e8res Fi\u00e8res 2025","datePublished":"2025-04-07T09:57:30+00:00","dateModified":"2025-07-25T14:17:43+00:00","mainEntityOfPage":{"@id":"https:\/\/www.life-belini.be\/fr\/campagne-rivieres-fieres-2025\/"},"wordCount":89,"image":{"@id":"https:\/\/www.life-belini.be\/fr\/campagne-rivieres-fieres-2025\/#primaryimage"},"thumbnailUrl":"https:\/\/www.life-belini.be\/wp-content\/uploads\/2025\/07\/20250323_152935-scaled.jpg","articleSection":["news fr"],"inLanguage":"fr-FR"},{"@type":"WebPage","@id":"https:\/\/www.life-belini.be\/fr\/campagne-rivieres-fieres-2025\/","url":"https:\/\/www.life-belini.be\/fr\/campagne-rivieres-fieres-2025\/","name":"C'\u00e9tait notre campagne Rivi\u00e8res Fi\u00e8res 2025 - LIFE Belini","isPartOf":{"@id":"https:\/\/www.life-belini.be\/nl\/#website"},"primaryImageOfPage":{"@id":"https:\/\/www.life-belini.be\/fr\/campagne-rivieres-fieres-2025\/#primaryimage"},"image":{"@id":"https:\/\/www.life-belini.be\/fr\/campagne-rivieres-fieres-2025\/#primaryimage"},"thumbnailUrl":"https:\/\/www.life-belini.be\/wp-content\/uploads\/2025\/07\/20250323_152935-scaled.jpg","datePublished":"2025-04-07T09:57:30+00:00","dateModified":"2025-07-25T14:17:43+00:00","author":{"@id":"https:\/\/www.life-belini.be\/nl\/#\/schema\/person\/84a9c6d38af471fa4c482917c2aa2b5b"},"breadcrumb":{"@id":"https:\/\/www.life-belini.be\/fr\/campagne-rivieres-fieres-2025\/#breadcrumb"},"inLanguage":"fr-FR","potentialAction":[{"@type":"ReadAction","target":["https:\/\/www.life-belini.be\/fr\/campagne-rivieres-fieres-2025\/"]}]},{"@type":"ImageObject","inLanguage":"fr-FR","@id":"https:\/\/www.life-belini.be\/fr\/campagne-rivieres-fieres-2025\/#primaryimage","url":"https:\/\/www.life-belini.be\/wp-content\/uploads\/2025\/07\/20250323_152935-scaled.jpg","contentUrl":"https:\/\/www.life-belini.be\/wp-content\/uploads\/2025\/07\/20250323_152935-scaled.jpg","width":2560,"height":1920},{"@type":"BreadcrumbList","@id":"https:\/\/www.life-belini.be\/fr\/campagne-rivieres-fieres-2025\/#breadcrumb","itemListElement":[{"@type":"ListItem","position":1,"name":"Home","item":"https:\/\/www.life-belini.be\/fr\/home-2\/"},{"@type":"ListItem","position":2,"name":"C&#8217;\u00e9tait notre campagne Rivi\u00e8res Fi\u00e8res 2025"}]},{"@type":"WebSite","@id":"https:\/\/www.life-belini.be\/nl\/#website","url":"https:\/\/www.life-belini.be\/nl\/","name":"LIFE Belini","description":"Belgian initiative for making a leap forward towards good status in the river basin district of the Scheldt","potentialAction":[{"@type":"SearchAction","target":{"@type":"EntryPoint","urlTemplate":"https:\/\/www.life-belini.be\/nl\/?s={search_term_string}"},"query-input":{"@type":"PropertyValueSpecification","valueRequired":true,"valueName":"search_term_string"}}],"inLanguage":"fr-FR"},{"@type":"Person","@id":"https:\/\/www.life-belini.be\/nl\/#\/schema\/person\/84a9c6d38af471fa4c482917c2aa2b5b","name":"Maureen Nuyts","url":"https:\/\/www.life-belini.be\/fr\/author\/maureen-nuyts\/"}]}},"_links":{"self":[{"href":"https:\/\/www.life-belini.be\/fr\/wp-json\/wp\/v2\/posts\/9676","targetHints":{"allow":["GET"]}}],"collection":[{"href":"https:\/\/www.life-belini.be\/fr\/wp-json\/wp\/v2\/posts"}],"about":[{"href":"https:\/\/www.life-belini.be\/fr\/wp-json\/wp\/v2\/types\/post"}],"author":[{"embeddable":true,"href":"https:\/\/www.life-belini.be\/fr\/wp-json\/wp\/v2\/users\/6"}],"replies":[{"embeddable":true,"href":"https:\/\/www.life-belini.be\/fr\/wp-json\/wp\/v2\/comments?post=9676"}],"version-history":[{"count":9,"href":"https:\/\/www.life-belini.be\/fr\/wp-json\/wp\/v2\/posts\/9676\/revisions"}],"predecessor-version":[{"id":9830,"href":"https:\/\/www.life-belini.be\/fr\/wp-json\/wp\/v2\/posts\/9676\/revisions\/9830"}],"wp:featuredmedia":[{"embeddable":true,"href":"https:\/\/www.life-belini.be\/fr\/wp-json\/wp\/v2\/media\/9606"}],"wp:attachment":[{"href":"https:\/\/www.life-belini.be\/fr\/wp-json\/wp\/v2\/media?parent=9676"}],"wp:term":[{"taxonomy":"category","embeddable":true,"href":"https:\/\/www.life-belini.be\/fr\/wp-json\/wp\/v2\/categories?post=9676"},{"taxonomy":"post_tag","embeddable":true,"href":"https:\/\/www.life-belini.be\/fr\/wp-json\/wp\/v2\/tags?post=9676"}],"curies":[{"name":"wp","href":"https:\/\/api.w.org\/{rel}","templated":true}]}}