{"id":9012,"date":"2024-12-19T15:09:40","date_gmt":"2024-12-19T15:09:40","guid":{"rendered":"https:\/\/www.life-belini.be\/?p=9012"},"modified":"2024-12-19T15:09:40","modified_gmt":"2024-12-19T15:09:40","slug":"campagne-rivieres-fieres-2025-du-17-au-30-mars","status":"publish","type":"post","link":"https:\/\/www.life-belini.be\/fr\/campagne-rivieres-fieres-2025-du-17-au-30-mars\/","title":{"rendered":"Campagne Rivi\u00e8res Fi\u00e8res 2025 du 17 au 30 mars"},"content":{"rendered":"<p><strong>Comme \u00e0 l&rsquo;accoutum\u00e9e, nous mettrons aussi en 2025 l&rsquo;accent sur (la sensibilisation \u00e0) l&rsquo;eau sous toutes ses facettes lors de la Journ\u00e9e mondiale de l&rsquo;eau (22 mars). Dans le cadre de cette nouvelle \u00e9dition \u00e0 part enti\u00e8re de notre campagne Fiere Rivieren &#8211; Rivi\u00e8res-Fi\u00e8res, nous regroupons une fois de plus les activit\u00e9s li\u00e9es \u00e0 l&rsquo;eau au sein de notre zone de projet, par-del\u00e0 les fronti\u00e8res r\u00e9gionales.<\/strong><\/p>\n","protected":false},"excerpt":{"rendered":"<p>Comme \u00e0 l&rsquo;accoutum\u00e9e, nous mettrons aussi en 2025 l&rsquo;accent sur (la sensibilisation \u00e0) l&rsquo;eau sous toutes ses facettes lors de la Journ\u00e9e mondiale de l&rsquo;eau (22 mars). Dans le cadre [&hellip;]<\/p>\n","protected":false},"author":6,"featured_media":5216,"comment_status":"closed","ping_status":"closed","sticky":false,"template":"","format":"standard","meta":{"_acf_changed":false,"_exactmetrics_skip_tracking":false,"_exactmetrics_sitenote_active":false,"_exactmetrics_sitenote_note":"","_exactmetrics_sitenote_category":0,"footnotes":""},"categories":[30],"tags":[],"class_list":["post-9012","post","type-post","status-publish","format-standard","has-post-thumbnail","hentry","category-news-fr"],"acf":[],"yoast_head":"<!-- This site is optimized with the Yoast SEO plugin v27.4 - https:\/\/yoast.com\/product\/yoast-seo-wordpress\/ -->\n<title>Campagne Rivi\u00e8res Fi\u00e8res 2025 du 17 au 30 mars - LIFE Belini<\/title>\n<meta name=\"robots\" content=\"index, follow, max-snippet:-1, max-image-preview:large, max-video-preview:-1\" \/>\n<link rel=\"canonical\" href=\"https:\/\/www.life-belini.be\/fr\/campagne-rivieres-fieres-2025-du-17-au-30-mars\/\" \/>\n<meta property=\"og:locale\" content=\"fr_FR\" \/>\n<meta property=\"og:type\" content=\"article\" \/>\n<meta property=\"og:title\" content=\"Campagne Rivi\u00e8res Fi\u00e8res 2025 du 17 au 30 mars - LIFE Belini\" \/>\n<meta property=\"og:description\" content=\"Comme \u00e0 l&rsquo;accoutum\u00e9e, nous mettrons aussi en 2025 l&rsquo;accent sur (la sensibilisation \u00e0) l&rsquo;eau sous toutes ses facettes lors de la Journ\u00e9e mondiale de l&rsquo;eau (22 mars). Dans le cadre [&hellip;]\" \/>\n<meta property=\"og:url\" content=\"https:\/\/www.life-belini.be\/fr\/campagne-rivieres-fieres-2025-du-17-au-30-mars\/\" \/>\n<meta property=\"og:site_name\" content=\"LIFE Belini\" \/>\n<meta property=\"article:published_time\" content=\"2024-12-19T15:09:40+00:00\" \/>\n<meta property=\"og:image\" content=\"https:\/\/www.life-belini.be\/wp-content\/uploads\/2020\/12\/Vignet-e1616154240485.png\" \/>\n\t<meta property=\"og:image:width\" content=\"609\" \/>\n\t<meta property=\"og:image:height\" content=\"594\" \/>\n\t<meta property=\"og:image:type\" content=\"image\/png\" \/>\n<meta name=\"author\" content=\"Maureen Nuyts\" \/>\n<meta name=\"twitter:card\" content=\"summary_large_image\" \/>\n<meta name=\"twitter:label1\" content=\"\u00c9crit par\" \/>\n\t<meta name=\"twitter:data1\" content=\"Maureen Nuyts\" \/>\n\t<meta name=\"twitter:label2\" content=\"Dur\u00e9e de lecture estim\u00e9e\" \/>\n\t<meta name=\"twitter:data2\" content=\"1 minute\" \/>\n<script type=\"application\/ld+json\" class=\"yoast-schema-graph\">{\"@context\":\"https:\\\/\\\/schema.org\",\"@graph\":[{\"@type\":\"Article\",\"@id\":\"https:\\\/\\\/www.life-belini.be\\\/fr\\\/campagne-rivieres-fieres-2025-du-17-au-30-mars\\\/#article\",\"isPartOf\":{\"@id\":\"https:\\\/\\\/www.life-belini.be\\\/fr\\\/campagne-rivieres-fieres-2025-du-17-au-30-mars\\\/\"},\"author\":{\"name\":\"Maureen Nuyts\",\"@id\":\"https:\\\/\\\/www.life-belini.be\\\/nl\\\/#\\\/schema\\\/person\\\/84a9c6d38af471fa4c482917c2aa2b5b\"},\"headline\":\"Campagne Rivi\u00e8res Fi\u00e8res 2025 du 17 au 30 mars\",\"datePublished\":\"2024-12-19T15:09:40+00:00\",\"mainEntityOfPage\":{\"@id\":\"https:\\\/\\\/www.life-belini.be\\\/fr\\\/campagne-rivieres-fieres-2025-du-17-au-30-mars\\\/\"},\"wordCount\":82,\"image\":{\"@id\":\"https:\\\/\\\/www.life-belini.be\\\/fr\\\/campagne-rivieres-fieres-2025-du-17-au-30-mars\\\/#primaryimage\"},\"thumbnailUrl\":\"https:\\\/\\\/www.life-belini.be\\\/wp-content\\\/uploads\\\/2020\\\/12\\\/Vignet-e1616154240485.png\",\"articleSection\":[\"news fr\"],\"inLanguage\":\"fr-FR\"},{\"@type\":\"WebPage\",\"@id\":\"https:\\\/\\\/www.life-belini.be\\\/fr\\\/campagne-rivieres-fieres-2025-du-17-au-30-mars\\\/\",\"url\":\"https:\\\/\\\/www.life-belini.be\\\/fr\\\/campagne-rivieres-fieres-2025-du-17-au-30-mars\\\/\",\"name\":\"Campagne Rivi\u00e8res Fi\u00e8res 2025 du 17 au 30 mars - LIFE Belini\",\"isPartOf\":{\"@id\":\"https:\\\/\\\/www.life-belini.be\\\/nl\\\/#website\"},\"primaryImageOfPage\":{\"@id\":\"https:\\\/\\\/www.life-belini.be\\\/fr\\\/campagne-rivieres-fieres-2025-du-17-au-30-mars\\\/#primaryimage\"},\"image\":{\"@id\":\"https:\\\/\\\/www.life-belini.be\\\/fr\\\/campagne-rivieres-fieres-2025-du-17-au-30-mars\\\/#primaryimage\"},\"thumbnailUrl\":\"https:\\\/\\\/www.life-belini.be\\\/wp-content\\\/uploads\\\/2020\\\/12\\\/Vignet-e1616154240485.png\",\"datePublished\":\"2024-12-19T15:09:40+00:00\",\"author\":{\"@id\":\"https:\\\/\\\/www.life-belini.be\\\/nl\\\/#\\\/schema\\\/person\\\/84a9c6d38af471fa4c482917c2aa2b5b\"},\"breadcrumb\":{\"@id\":\"https:\\\/\\\/www.life-belini.be\\\/fr\\\/campagne-rivieres-fieres-2025-du-17-au-30-mars\\\/#breadcrumb\"},\"inLanguage\":\"fr-FR\",\"potentialAction\":[{\"@type\":\"ReadAction\",\"target\":[\"https:\\\/\\\/www.life-belini.be\\\/fr\\\/campagne-rivieres-fieres-2025-du-17-au-30-mars\\\/\"]}]},{\"@type\":\"ImageObject\",\"inLanguage\":\"fr-FR\",\"@id\":\"https:\\\/\\\/www.life-belini.be\\\/fr\\\/campagne-rivieres-fieres-2025-du-17-au-30-mars\\\/#primaryimage\",\"url\":\"https:\\\/\\\/www.life-belini.be\\\/wp-content\\\/uploads\\\/2020\\\/12\\\/Vignet-e1616154240485.png\",\"contentUrl\":\"https:\\\/\\\/www.life-belini.be\\\/wp-content\\\/uploads\\\/2020\\\/12\\\/Vignet-e1616154240485.png\",\"width\":609,\"height\":594},{\"@type\":\"BreadcrumbList\",\"@id\":\"https:\\\/\\\/www.life-belini.be\\\/fr\\\/campagne-rivieres-fieres-2025-du-17-au-30-mars\\\/#breadcrumb\",\"itemListElement\":[{\"@type\":\"ListItem\",\"position\":1,\"name\":\"Home\",\"item\":\"https:\\\/\\\/www.life-belini.be\\\/fr\\\/home-2\\\/\"},{\"@type\":\"ListItem\",\"position\":2,\"name\":\"Campagne Rivi\u00e8res Fi\u00e8res 2025 du 17 au 30 mars\"}]},{\"@type\":\"WebSite\",\"@id\":\"https:\\\/\\\/www.life-belini.be\\\/nl\\\/#website\",\"url\":\"https:\\\/\\\/www.life-belini.be\\\/nl\\\/\",\"name\":\"LIFE Belini\",\"description\":\"Belgian initiative for making a leap forward towards good status in the river basin district of the Scheldt\",\"potentialAction\":[{\"@type\":\"SearchAction\",\"target\":{\"@type\":\"EntryPoint\",\"urlTemplate\":\"https:\\\/\\\/www.life-belini.be\\\/nl\\\/?s={search_term_string}\"},\"query-input\":{\"@type\":\"PropertyValueSpecification\",\"valueRequired\":true,\"valueName\":\"search_term_string\"}}],\"inLanguage\":\"fr-FR\"},{\"@type\":\"Person\",\"@id\":\"https:\\\/\\\/www.life-belini.be\\\/nl\\\/#\\\/schema\\\/person\\\/84a9c6d38af471fa4c482917c2aa2b5b\",\"name\":\"Maureen Nuyts\",\"url\":\"https:\\\/\\\/www.life-belini.be\\\/fr\\\/author\\\/maureen-nuyts\\\/\"}]}<\/script>\n<!-- \/ Yoast SEO plugin. -->","yoast_head_json":{"title":"Campagne Rivi\u00e8res Fi\u00e8res 2025 du 17 au 30 mars - LIFE Belini","robots":{"index":"index","follow":"follow","max-snippet":"max-snippet:-1","max-image-preview":"max-image-preview:large","max-video-preview":"max-video-preview:-1"},"canonical":"https:\/\/www.life-belini.be\/fr\/campagne-rivieres-fieres-2025-du-17-au-30-mars\/","og_locale":"fr_FR","og_type":"article","og_title":"Campagne Rivi\u00e8res Fi\u00e8res 2025 du 17 au 30 mars - LIFE Belini","og_description":"Comme \u00e0 l&rsquo;accoutum\u00e9e, nous mettrons aussi en 2025 l&rsquo;accent sur (la sensibilisation \u00e0) l&rsquo;eau sous toutes ses facettes lors de la Journ\u00e9e mondiale de l&rsquo;eau (22 mars). Dans le cadre [&hellip;]","og_url":"https:\/\/www.life-belini.be\/fr\/campagne-rivieres-fieres-2025-du-17-au-30-mars\/","og_site_name":"LIFE Belini","article_published_time":"2024-12-19T15:09:40+00:00","og_image":[{"width":609,"height":594,"url":"https:\/\/www.life-belini.be\/wp-content\/uploads\/2020\/12\/Vignet-e1616154240485.png","type":"image\/png"}],"author":"Maureen Nuyts","twitter_card":"summary_large_image","twitter_misc":{"\u00c9crit par":"Maureen Nuyts","Dur\u00e9e de lecture estim\u00e9e":"1 minute"},"schema":{"@context":"https:\/\/schema.org","@graph":[{"@type":"Article","@id":"https:\/\/www.life-belini.be\/fr\/campagne-rivieres-fieres-2025-du-17-au-30-mars\/#article","isPartOf":{"@id":"https:\/\/www.life-belini.be\/fr\/campagne-rivieres-fieres-2025-du-17-au-30-mars\/"},"author":{"name":"Maureen Nuyts","@id":"https:\/\/www.life-belini.be\/nl\/#\/schema\/person\/84a9c6d38af471fa4c482917c2aa2b5b"},"headline":"Campagne Rivi\u00e8res Fi\u00e8res 2025 du 17 au 30 mars","datePublished":"2024-12-19T15:09:40+00:00","mainEntityOfPage":{"@id":"https:\/\/www.life-belini.be\/fr\/campagne-rivieres-fieres-2025-du-17-au-30-mars\/"},"wordCount":82,"image":{"@id":"https:\/\/www.life-belini.be\/fr\/campagne-rivieres-fieres-2025-du-17-au-30-mars\/#primaryimage"},"thumbnailUrl":"https:\/\/www.life-belini.be\/wp-content\/uploads\/2020\/12\/Vignet-e1616154240485.png","articleSection":["news fr"],"inLanguage":"fr-FR"},{"@type":"WebPage","@id":"https:\/\/www.life-belini.be\/fr\/campagne-rivieres-fieres-2025-du-17-au-30-mars\/","url":"https:\/\/www.life-belini.be\/fr\/campagne-rivieres-fieres-2025-du-17-au-30-mars\/","name":"Campagne Rivi\u00e8res Fi\u00e8res 2025 du 17 au 30 mars - LIFE Belini","isPartOf":{"@id":"https:\/\/www.life-belini.be\/nl\/#website"},"primaryImageOfPage":{"@id":"https:\/\/www.life-belini.be\/fr\/campagne-rivieres-fieres-2025-du-17-au-30-mars\/#primaryimage"},"image":{"@id":"https:\/\/www.life-belini.be\/fr\/campagne-rivieres-fieres-2025-du-17-au-30-mars\/#primaryimage"},"thumbnailUrl":"https:\/\/www.life-belini.be\/wp-content\/uploads\/2020\/12\/Vignet-e1616154240485.png","datePublished":"2024-12-19T15:09:40+00:00","author":{"@id":"https:\/\/www.life-belini.be\/nl\/#\/schema\/person\/84a9c6d38af471fa4c482917c2aa2b5b"},"breadcrumb":{"@id":"https:\/\/www.life-belini.be\/fr\/campagne-rivieres-fieres-2025-du-17-au-30-mars\/#breadcrumb"},"inLanguage":"fr-FR","potentialAction":[{"@type":"ReadAction","target":["https:\/\/www.life-belini.be\/fr\/campagne-rivieres-fieres-2025-du-17-au-30-mars\/"]}]},{"@type":"ImageObject","inLanguage":"fr-FR","@id":"https:\/\/www.life-belini.be\/fr\/campagne-rivieres-fieres-2025-du-17-au-30-mars\/#primaryimage","url":"https:\/\/www.life-belini.be\/wp-content\/uploads\/2020\/12\/Vignet-e1616154240485.png","contentUrl":"https:\/\/www.life-belini.be\/wp-content\/uploads\/2020\/12\/Vignet-e1616154240485.png","width":609,"height":594},{"@type":"BreadcrumbList","@id":"https:\/\/www.life-belini.be\/fr\/campagne-rivieres-fieres-2025-du-17-au-30-mars\/#breadcrumb","itemListElement":[{"@type":"ListItem","position":1,"name":"Home","item":"https:\/\/www.life-belini.be\/fr\/home-2\/"},{"@type":"ListItem","position":2,"name":"Campagne Rivi\u00e8res Fi\u00e8res 2025 du 17 au 30 mars"}]},{"@type":"WebSite","@id":"https:\/\/www.life-belini.be\/nl\/#website","url":"https:\/\/www.life-belini.be\/nl\/","name":"LIFE Belini","description":"Belgian initiative for making a leap forward towards good status in the river basin district of the Scheldt","potentialAction":[{"@type":"SearchAction","target":{"@type":"EntryPoint","urlTemplate":"https:\/\/www.life-belini.be\/nl\/?s={search_term_string}"},"query-input":{"@type":"PropertyValueSpecification","valueRequired":true,"valueName":"search_term_string"}}],"inLanguage":"fr-FR"},{"@type":"Person","@id":"https:\/\/www.life-belini.be\/nl\/#\/schema\/person\/84a9c6d38af471fa4c482917c2aa2b5b","name":"Maureen Nuyts","url":"https:\/\/www.life-belini.be\/fr\/author\/maureen-nuyts\/"}]}},"_links":{"self":[{"href":"https:\/\/www.life-belini.be\/fr\/wp-json\/wp\/v2\/posts\/9012","targetHints":{"allow":["GET"]}}],"collection":[{"href":"https:\/\/www.life-belini.be\/fr\/wp-json\/wp\/v2\/posts"}],"about":[{"href":"https:\/\/www.life-belini.be\/fr\/wp-json\/wp\/v2\/types\/post"}],"author":[{"embeddable":true,"href":"https:\/\/www.life-belini.be\/fr\/wp-json\/wp\/v2\/users\/6"}],"replies":[{"embeddable":true,"href":"https:\/\/www.life-belini.be\/fr\/wp-json\/wp\/v2\/comments?post=9012"}],"version-history":[{"count":2,"href":"https:\/\/www.life-belini.be\/fr\/wp-json\/wp\/v2\/posts\/9012\/revisions"}],"predecessor-version":[{"id":9014,"href":"https:\/\/www.life-belini.be\/fr\/wp-json\/wp\/v2\/posts\/9012\/revisions\/9014"}],"wp:featuredmedia":[{"embeddable":true,"href":"https:\/\/www.life-belini.be\/fr\/wp-json\/wp\/v2\/media\/5216"}],"wp:attachment":[{"href":"https:\/\/www.life-belini.be\/fr\/wp-json\/wp\/v2\/media?parent=9012"}],"wp:term":[{"taxonomy":"category","embeddable":true,"href":"https:\/\/www.life-belini.be\/fr\/wp-json\/wp\/v2\/categories?post=9012"},{"taxonomy":"post_tag","embeddable":true,"href":"https:\/\/www.life-belini.be\/fr\/wp-json\/wp\/v2\/tags?post=9012"}],"curies":[{"name":"wp","href":"https:\/\/api.w.org\/{rel}","templated":true}]}}