{"id":8664,"date":"2024-07-26T12:29:28","date_gmt":"2024-07-26T12:29:28","guid":{"rendered":"https:\/\/www.life-belini.be\/?p=8664"},"modified":"2024-07-26T12:30:17","modified_gmt":"2024-07-26T12:30:17","slug":"plan-de-renovation-rurale-ovid-approuve","status":"publish","type":"post","link":"https:\/\/www.life-belini.be\/fr\/plan-de-renovation-rurale-ovid-approuve\/","title":{"rendered":"Plan de r\u00e9novation rurale OVID approuv\u00e9"},"content":{"rendered":"<p><strong>Un deuxi\u00e8me plan de r\u00e9novation rurale visant \u00e0 renforcer la vall\u00e9e de l\u2019IJse a \u00e9t\u00e9 approuv\u00e9 en octobre 2023. Les actions se d\u00e9rouleront \u00e0 Huldenberg. Ainsi, c\u2019est la partie plus en aval de la vall\u00e9e qui est maintenant abord\u00e9e, apr\u00e8s le plan de r\u00e9novation rurale de la vall\u00e9e de l\u2019IIse \u00e0 Hoeilaart et Overijse. Par ailleurs, quelques obstacles pour la migration des poissons sur la Voer \u00e0 Bertem sont \u00e9galement abord\u00e9s.<\/strong><\/p>\n","protected":false},"excerpt":{"rendered":"<p>Un deuxi\u00e8me plan de r\u00e9novation rurale visant \u00e0 renforcer la vall\u00e9e de l\u2019IJse a \u00e9t\u00e9 approuv\u00e9 en octobre 2023. Les actions se d\u00e9rouleront \u00e0 Huldenberg. Ainsi, c\u2019est la partie plus [&hellip;]<\/p>\n","protected":false},"author":5,"featured_media":8438,"comment_status":"closed","ping_status":"closed","sticky":false,"template":"","format":"standard","meta":{"_acf_changed":false,"_exactmetrics_skip_tracking":false,"_exactmetrics_sitenote_active":false,"_exactmetrics_sitenote_note":"","_exactmetrics_sitenote_category":0,"footnotes":""},"categories":[30],"tags":[],"class_list":["post-8664","post","type-post","status-publish","format-standard","has-post-thumbnail","hentry","category-news-fr"],"acf":[],"yoast_head":"<!-- This site is optimized with the Yoast SEO plugin v27.4 - https:\/\/yoast.com\/product\/yoast-seo-wordpress\/ -->\n<title>Plan de r\u00e9novation rurale OVID approuv\u00e9 - LIFE Belini<\/title>\n<meta name=\"description\" content=\"Un deuxi\u00e8me plan de r\u00e9novation rurale visant \u00e0 renforcer la vall\u00e9e de l\u2019IJse a \u00e9t\u00e9 approuv\u00e9 en octobre 2023.\" \/>\n<meta name=\"robots\" content=\"index, follow, max-snippet:-1, max-image-preview:large, max-video-preview:-1\" \/>\n<link rel=\"canonical\" href=\"https:\/\/www.life-belini.be\/fr\/plan-de-renovation-rurale-ovid-approuve\/\" \/>\n<meta property=\"og:locale\" content=\"fr_FR\" \/>\n<meta property=\"og:type\" content=\"article\" \/>\n<meta property=\"og:title\" content=\"Plan de r\u00e9novation rurale OVID approuv\u00e9 - LIFE Belini\" \/>\n<meta property=\"og:description\" content=\"Un deuxi\u00e8me plan de r\u00e9novation rurale visant \u00e0 renforcer la vall\u00e9e de l\u2019IJse a \u00e9t\u00e9 approuv\u00e9 en octobre 2023.\" \/>\n<meta property=\"og:url\" content=\"https:\/\/www.life-belini.be\/fr\/plan-de-renovation-rurale-ovid-approuve\/\" \/>\n<meta property=\"og:site_name\" content=\"LIFE Belini\" \/>\n<meta property=\"article:published_time\" content=\"2024-07-26T12:29:28+00:00\" \/>\n<meta property=\"article:modified_time\" content=\"2024-07-26T12:30:17+00:00\" \/>\n<meta property=\"og:image\" content=\"https:\/\/www.life-belini.be\/wp-content\/uploads\/2024\/07\/foto-workshop.jpg\" \/>\n\t<meta property=\"og:image:width\" content=\"901\" \/>\n\t<meta property=\"og:image:height\" content=\"518\" \/>\n\t<meta property=\"og:image:type\" content=\"image\/jpeg\" \/>\n<meta name=\"author\" content=\"Conversal\" \/>\n<meta name=\"twitter:card\" content=\"summary_large_image\" \/>\n<meta name=\"twitter:label1\" content=\"\u00c9crit par\" \/>\n\t<meta name=\"twitter:data1\" content=\"Conversal\" \/>\n\t<meta name=\"twitter:label2\" content=\"Dur\u00e9e de lecture estim\u00e9e\" \/>\n\t<meta name=\"twitter:data2\" content=\"1 minute\" \/>\n<script type=\"application\/ld+json\" class=\"yoast-schema-graph\">{\"@context\":\"https:\\\/\\\/schema.org\",\"@graph\":[{\"@type\":\"Article\",\"@id\":\"https:\\\/\\\/www.life-belini.be\\\/fr\\\/plan-de-renovation-rurale-ovid-approuve\\\/#article\",\"isPartOf\":{\"@id\":\"https:\\\/\\\/www.life-belini.be\\\/fr\\\/plan-de-renovation-rurale-ovid-approuve\\\/\"},\"author\":{\"name\":\"Conversal\",\"@id\":\"https:\\\/\\\/www.life-belini.be\\\/nl\\\/#\\\/schema\\\/person\\\/4dc8bd490bddd88c1daf7dc0cc2f8c1b\"},\"headline\":\"Plan de r\u00e9novation rurale OVID approuv\u00e9\",\"datePublished\":\"2024-07-26T12:29:28+00:00\",\"dateModified\":\"2024-07-26T12:30:17+00:00\",\"mainEntityOfPage\":{\"@id\":\"https:\\\/\\\/www.life-belini.be\\\/fr\\\/plan-de-renovation-rurale-ovid-approuve\\\/\"},\"wordCount\":86,\"image\":{\"@id\":\"https:\\\/\\\/www.life-belini.be\\\/fr\\\/plan-de-renovation-rurale-ovid-approuve\\\/#primaryimage\"},\"thumbnailUrl\":\"https:\\\/\\\/www.life-belini.be\\\/wp-content\\\/uploads\\\/2024\\\/07\\\/foto-workshop.jpg\",\"articleSection\":[\"news fr\"],\"inLanguage\":\"fr-FR\"},{\"@type\":\"WebPage\",\"@id\":\"https:\\\/\\\/www.life-belini.be\\\/fr\\\/plan-de-renovation-rurale-ovid-approuve\\\/\",\"url\":\"https:\\\/\\\/www.life-belini.be\\\/fr\\\/plan-de-renovation-rurale-ovid-approuve\\\/\",\"name\":\"Plan de r\u00e9novation rurale OVID approuv\u00e9 - LIFE Belini\",\"isPartOf\":{\"@id\":\"https:\\\/\\\/www.life-belini.be\\\/nl\\\/#website\"},\"primaryImageOfPage\":{\"@id\":\"https:\\\/\\\/www.life-belini.be\\\/fr\\\/plan-de-renovation-rurale-ovid-approuve\\\/#primaryimage\"},\"image\":{\"@id\":\"https:\\\/\\\/www.life-belini.be\\\/fr\\\/plan-de-renovation-rurale-ovid-approuve\\\/#primaryimage\"},\"thumbnailUrl\":\"https:\\\/\\\/www.life-belini.be\\\/wp-content\\\/uploads\\\/2024\\\/07\\\/foto-workshop.jpg\",\"datePublished\":\"2024-07-26T12:29:28+00:00\",\"dateModified\":\"2024-07-26T12:30:17+00:00\",\"author\":{\"@id\":\"https:\\\/\\\/www.life-belini.be\\\/nl\\\/#\\\/schema\\\/person\\\/4dc8bd490bddd88c1daf7dc0cc2f8c1b\"},\"description\":\"Un deuxi\u00e8me plan de r\u00e9novation rurale visant \u00e0 renforcer la vall\u00e9e de l\u2019IJse a \u00e9t\u00e9 approuv\u00e9 en octobre 2023.\",\"breadcrumb\":{\"@id\":\"https:\\\/\\\/www.life-belini.be\\\/fr\\\/plan-de-renovation-rurale-ovid-approuve\\\/#breadcrumb\"},\"inLanguage\":\"fr-FR\",\"potentialAction\":[{\"@type\":\"ReadAction\",\"target\":[\"https:\\\/\\\/www.life-belini.be\\\/fr\\\/plan-de-renovation-rurale-ovid-approuve\\\/\"]}]},{\"@type\":\"ImageObject\",\"inLanguage\":\"fr-FR\",\"@id\":\"https:\\\/\\\/www.life-belini.be\\\/fr\\\/plan-de-renovation-rurale-ovid-approuve\\\/#primaryimage\",\"url\":\"https:\\\/\\\/www.life-belini.be\\\/wp-content\\\/uploads\\\/2024\\\/07\\\/foto-workshop.jpg\",\"contentUrl\":\"https:\\\/\\\/www.life-belini.be\\\/wp-content\\\/uploads\\\/2024\\\/07\\\/foto-workshop.jpg\",\"width\":901,\"height\":518,\"caption\":\"Foto workshop VLM\"},{\"@type\":\"BreadcrumbList\",\"@id\":\"https:\\\/\\\/www.life-belini.be\\\/fr\\\/plan-de-renovation-rurale-ovid-approuve\\\/#breadcrumb\",\"itemListElement\":[{\"@type\":\"ListItem\",\"position\":1,\"name\":\"Home\",\"item\":\"https:\\\/\\\/www.life-belini.be\\\/fr\\\/home-2\\\/\"},{\"@type\":\"ListItem\",\"position\":2,\"name\":\"Plan de r\u00e9novation rurale OVID approuv\u00e9\"}]},{\"@type\":\"WebSite\",\"@id\":\"https:\\\/\\\/www.life-belini.be\\\/nl\\\/#website\",\"url\":\"https:\\\/\\\/www.life-belini.be\\\/nl\\\/\",\"name\":\"LIFE Belini\",\"description\":\"Belgian initiative for making a leap forward towards good status in the river basin district of the Scheldt\",\"potentialAction\":[{\"@type\":\"SearchAction\",\"target\":{\"@type\":\"EntryPoint\",\"urlTemplate\":\"https:\\\/\\\/www.life-belini.be\\\/nl\\\/?s={search_term_string}\"},\"query-input\":{\"@type\":\"PropertyValueSpecification\",\"valueRequired\":true,\"valueName\":\"search_term_string\"}}],\"inLanguage\":\"fr-FR\"},{\"@type\":\"Person\",\"@id\":\"https:\\\/\\\/www.life-belini.be\\\/nl\\\/#\\\/schema\\\/person\\\/4dc8bd490bddd88c1daf7dc0cc2f8c1b\",\"name\":\"Conversal\",\"url\":\"https:\\\/\\\/www.life-belini.be\\\/fr\\\/author\\\/conversal\\\/\"}]}<\/script>\n<!-- \/ Yoast SEO plugin. -->","yoast_head_json":{"title":"Plan de r\u00e9novation rurale OVID approuv\u00e9 - LIFE Belini","description":"Un deuxi\u00e8me plan de r\u00e9novation rurale visant \u00e0 renforcer la vall\u00e9e de l\u2019IJse a \u00e9t\u00e9 approuv\u00e9 en octobre 2023.","robots":{"index":"index","follow":"follow","max-snippet":"max-snippet:-1","max-image-preview":"max-image-preview:large","max-video-preview":"max-video-preview:-1"},"canonical":"https:\/\/www.life-belini.be\/fr\/plan-de-renovation-rurale-ovid-approuve\/","og_locale":"fr_FR","og_type":"article","og_title":"Plan de r\u00e9novation rurale OVID approuv\u00e9 - LIFE Belini","og_description":"Un deuxi\u00e8me plan de r\u00e9novation rurale visant \u00e0 renforcer la vall\u00e9e de l\u2019IJse a \u00e9t\u00e9 approuv\u00e9 en octobre 2023.","og_url":"https:\/\/www.life-belini.be\/fr\/plan-de-renovation-rurale-ovid-approuve\/","og_site_name":"LIFE Belini","article_published_time":"2024-07-26T12:29:28+00:00","article_modified_time":"2024-07-26T12:30:17+00:00","og_image":[{"width":901,"height":518,"url":"https:\/\/www.life-belini.be\/wp-content\/uploads\/2024\/07\/foto-workshop.jpg","type":"image\/jpeg"}],"author":"Conversal","twitter_card":"summary_large_image","twitter_misc":{"\u00c9crit par":"Conversal","Dur\u00e9e de lecture estim\u00e9e":"1 minute"},"schema":{"@context":"https:\/\/schema.org","@graph":[{"@type":"Article","@id":"https:\/\/www.life-belini.be\/fr\/plan-de-renovation-rurale-ovid-approuve\/#article","isPartOf":{"@id":"https:\/\/www.life-belini.be\/fr\/plan-de-renovation-rurale-ovid-approuve\/"},"author":{"name":"Conversal","@id":"https:\/\/www.life-belini.be\/nl\/#\/schema\/person\/4dc8bd490bddd88c1daf7dc0cc2f8c1b"},"headline":"Plan de r\u00e9novation rurale OVID approuv\u00e9","datePublished":"2024-07-26T12:29:28+00:00","dateModified":"2024-07-26T12:30:17+00:00","mainEntityOfPage":{"@id":"https:\/\/www.life-belini.be\/fr\/plan-de-renovation-rurale-ovid-approuve\/"},"wordCount":86,"image":{"@id":"https:\/\/www.life-belini.be\/fr\/plan-de-renovation-rurale-ovid-approuve\/#primaryimage"},"thumbnailUrl":"https:\/\/www.life-belini.be\/wp-content\/uploads\/2024\/07\/foto-workshop.jpg","articleSection":["news fr"],"inLanguage":"fr-FR"},{"@type":"WebPage","@id":"https:\/\/www.life-belini.be\/fr\/plan-de-renovation-rurale-ovid-approuve\/","url":"https:\/\/www.life-belini.be\/fr\/plan-de-renovation-rurale-ovid-approuve\/","name":"Plan de r\u00e9novation rurale OVID approuv\u00e9 - LIFE Belini","isPartOf":{"@id":"https:\/\/www.life-belini.be\/nl\/#website"},"primaryImageOfPage":{"@id":"https:\/\/www.life-belini.be\/fr\/plan-de-renovation-rurale-ovid-approuve\/#primaryimage"},"image":{"@id":"https:\/\/www.life-belini.be\/fr\/plan-de-renovation-rurale-ovid-approuve\/#primaryimage"},"thumbnailUrl":"https:\/\/www.life-belini.be\/wp-content\/uploads\/2024\/07\/foto-workshop.jpg","datePublished":"2024-07-26T12:29:28+00:00","dateModified":"2024-07-26T12:30:17+00:00","author":{"@id":"https:\/\/www.life-belini.be\/nl\/#\/schema\/person\/4dc8bd490bddd88c1daf7dc0cc2f8c1b"},"description":"Un deuxi\u00e8me plan de r\u00e9novation rurale visant \u00e0 renforcer la vall\u00e9e de l\u2019IJse a \u00e9t\u00e9 approuv\u00e9 en octobre 2023.","breadcrumb":{"@id":"https:\/\/www.life-belini.be\/fr\/plan-de-renovation-rurale-ovid-approuve\/#breadcrumb"},"inLanguage":"fr-FR","potentialAction":[{"@type":"ReadAction","target":["https:\/\/www.life-belini.be\/fr\/plan-de-renovation-rurale-ovid-approuve\/"]}]},{"@type":"ImageObject","inLanguage":"fr-FR","@id":"https:\/\/www.life-belini.be\/fr\/plan-de-renovation-rurale-ovid-approuve\/#primaryimage","url":"https:\/\/www.life-belini.be\/wp-content\/uploads\/2024\/07\/foto-workshop.jpg","contentUrl":"https:\/\/www.life-belini.be\/wp-content\/uploads\/2024\/07\/foto-workshop.jpg","width":901,"height":518,"caption":"Foto workshop VLM"},{"@type":"BreadcrumbList","@id":"https:\/\/www.life-belini.be\/fr\/plan-de-renovation-rurale-ovid-approuve\/#breadcrumb","itemListElement":[{"@type":"ListItem","position":1,"name":"Home","item":"https:\/\/www.life-belini.be\/fr\/home-2\/"},{"@type":"ListItem","position":2,"name":"Plan de r\u00e9novation rurale OVID approuv\u00e9"}]},{"@type":"WebSite","@id":"https:\/\/www.life-belini.be\/nl\/#website","url":"https:\/\/www.life-belini.be\/nl\/","name":"LIFE Belini","description":"Belgian initiative for making a leap forward towards good status in the river basin district of the Scheldt","potentialAction":[{"@type":"SearchAction","target":{"@type":"EntryPoint","urlTemplate":"https:\/\/www.life-belini.be\/nl\/?s={search_term_string}"},"query-input":{"@type":"PropertyValueSpecification","valueRequired":true,"valueName":"search_term_string"}}],"inLanguage":"fr-FR"},{"@type":"Person","@id":"https:\/\/www.life-belini.be\/nl\/#\/schema\/person\/4dc8bd490bddd88c1daf7dc0cc2f8c1b","name":"Conversal","url":"https:\/\/www.life-belini.be\/fr\/author\/conversal\/"}]}},"_links":{"self":[{"href":"https:\/\/www.life-belini.be\/fr\/wp-json\/wp\/v2\/posts\/8664","targetHints":{"allow":["GET"]}}],"collection":[{"href":"https:\/\/www.life-belini.be\/fr\/wp-json\/wp\/v2\/posts"}],"about":[{"href":"https:\/\/www.life-belini.be\/fr\/wp-json\/wp\/v2\/types\/post"}],"author":[{"embeddable":true,"href":"https:\/\/www.life-belini.be\/fr\/wp-json\/wp\/v2\/users\/5"}],"replies":[{"embeddable":true,"href":"https:\/\/www.life-belini.be\/fr\/wp-json\/wp\/v2\/comments?post=8664"}],"version-history":[{"count":2,"href":"https:\/\/www.life-belini.be\/fr\/wp-json\/wp\/v2\/posts\/8664\/revisions"}],"predecessor-version":[{"id":8668,"href":"https:\/\/www.life-belini.be\/fr\/wp-json\/wp\/v2\/posts\/8664\/revisions\/8668"}],"wp:featuredmedia":[{"embeddable":true,"href":"https:\/\/www.life-belini.be\/fr\/wp-json\/wp\/v2\/media\/8438"}],"wp:attachment":[{"href":"https:\/\/www.life-belini.be\/fr\/wp-json\/wp\/v2\/media?parent=8664"}],"wp:term":[{"taxonomy":"category","embeddable":true,"href":"https:\/\/www.life-belini.be\/fr\/wp-json\/wp\/v2\/categories?post=8664"},{"taxonomy":"post_tag","embeddable":true,"href":"https:\/\/www.life-belini.be\/fr\/wp-json\/wp\/v2\/tags?post=8664"}],"curies":[{"name":"wp","href":"https:\/\/api.w.org\/{rel}","templated":true}]}}