{"id":8562,"date":"2024-05-08T20:53:51","date_gmt":"2024-05-08T20:53:51","guid":{"rendered":"https:\/\/www.life-belini.be\/?p=8562"},"modified":"2024-07-23T21:21:48","modified_gmt":"2024-07-23T21:21:48","slug":"evolution-positive-de-la-biodiversite-dans-les-zones-dimmersion-temporair","status":"publish","type":"post","link":"https:\/\/www.life-belini.be\/fr\/evolution-positive-de-la-biodiversite-dans-les-zones-dimmersion-temporair\/","title":{"rendered":"\u00c9volution positive de la biodiversit\u00e9 dans les zones d&rsquo;immersion temporaires"},"content":{"rendered":"<p><strong>Plusieurs zones d\u2019immersion temporaires ont d\u00e9j\u00e0 \u00e9t\u00e9 cr\u00e9\u00e9es dans le cadre de notre projet LIFE Belini. Ces zones permettent non seulement de stocker davantage d\u2019eau en cas de fortes pluies, mais elles offrent \u00e9galement de nouvelles possibilit\u00e9s \u00e0 la biodiversit\u00e9. Cela est apparu clairement au cours des derniers mois, \u00e0 l\u2019occasion de divers inventaires.<\/strong><\/p>\n","protected":false},"excerpt":{"rendered":"<p>Plusieurs zones d\u2019immersion temporaires ont d\u00e9j\u00e0 \u00e9t\u00e9 cr\u00e9\u00e9es dans le cadre de notre projet LIFE Belini. Ces zones permettent non seulement de stocker davantage d\u2019eau en cas de fortes pluies, [&hellip;]<\/p>\n","protected":false},"author":6,"featured_media":8553,"comment_status":"closed","ping_status":"closed","sticky":false,"template":"","format":"standard","meta":{"_acf_changed":false,"_exactmetrics_skip_tracking":false,"_exactmetrics_sitenote_active":false,"_exactmetrics_sitenote_note":"","_exactmetrics_sitenote_category":0,"footnotes":""},"categories":[30],"tags":[],"class_list":["post-8562","post","type-post","status-publish","format-standard","has-post-thumbnail","hentry","category-news-fr"],"acf":[],"yoast_head":"<!-- This site is optimized with the Yoast SEO plugin v27.4 - https:\/\/yoast.com\/product\/yoast-seo-wordpress\/ -->\n<title>\u00c9volution positive de la biodiversit\u00e9 dans les zones d&#039;immersion temporaires - LIFE Belini<\/title>\n<meta name=\"robots\" content=\"index, follow, max-snippet:-1, max-image-preview:large, max-video-preview:-1\" \/>\n<link rel=\"canonical\" href=\"https:\/\/www.life-belini.be\/en\/?p=9130\" \/>\n<meta property=\"og:locale\" content=\"fr_FR\" \/>\n<meta property=\"og:type\" content=\"article\" \/>\n<meta property=\"og:title\" content=\"\u00c9volution positive de la biodiversit\u00e9 dans les zones d&#039;immersion temporaires - LIFE Belini\" \/>\n<meta property=\"og:description\" content=\"Plusieurs zones d\u2019immersion temporaires ont d\u00e9j\u00e0 \u00e9t\u00e9 cr\u00e9\u00e9es dans le cadre de notre projet LIFE Belini. Ces zones permettent non seulement de stocker davantage d\u2019eau en cas de fortes pluies, [&hellip;]\" \/>\n<meta property=\"og:url\" content=\"https:\/\/www.life-belini.be\/en\/?p=9130\" \/>\n<meta property=\"og:site_name\" content=\"LIFE Belini\" \/>\n<meta property=\"article:published_time\" content=\"2024-05-08T20:53:51+00:00\" \/>\n<meta property=\"article:modified_time\" content=\"2024-07-23T21:21:48+00:00\" \/>\n<meta property=\"og:image\" content=\"https:\/\/www.life-belini.be\/wp-content\/uploads\/2024\/07\/IMG_7469_min-scaled.jpg\" \/>\n\t<meta property=\"og:image:width\" content=\"2560\" \/>\n\t<meta property=\"og:image:height\" content=\"1707\" \/>\n\t<meta property=\"og:image:type\" content=\"image\/jpeg\" \/>\n<meta name=\"author\" content=\"Maureen Nuyts\" \/>\n<meta name=\"twitter:card\" content=\"summary_large_image\" \/>\n<meta name=\"twitter:label1\" content=\"\u00c9crit par\" \/>\n\t<meta name=\"twitter:data1\" content=\"Maureen Nuyts\" \/>\n\t<meta name=\"twitter:label2\" content=\"Dur\u00e9e de lecture estim\u00e9e\" \/>\n\t<meta name=\"twitter:data2\" content=\"1 minute\" \/>\n<script type=\"application\/ld+json\" class=\"yoast-schema-graph\">{\"@context\":\"https:\\\/\\\/schema.org\",\"@graph\":[{\"@type\":\"Article\",\"@id\":\"https:\\\/\\\/www.life-belini.be\\\/en\\\/?p=9130#article\",\"isPartOf\":{\"@id\":\"https:\\\/\\\/www.life-belini.be\\\/en\\\/?p=9130\"},\"author\":{\"name\":\"Maureen Nuyts\",\"@id\":\"https:\\\/\\\/www.life-belini.be\\\/nl\\\/#\\\/schema\\\/person\\\/84a9c6d38af471fa4c482917c2aa2b5b\"},\"headline\":\"\u00c9volution positive de la biodiversit\u00e9 dans les zones d&rsquo;immersion temporaires\",\"datePublished\":\"2024-05-08T20:53:51+00:00\",\"dateModified\":\"2024-07-23T21:21:48+00:00\",\"mainEntityOfPage\":{\"@id\":\"https:\\\/\\\/www.life-belini.be\\\/en\\\/?p=9130\"},\"wordCount\":69,\"image\":{\"@id\":\"https:\\\/\\\/www.life-belini.be\\\/en\\\/?p=9130#primaryimage\"},\"thumbnailUrl\":\"https:\\\/\\\/www.life-belini.be\\\/wp-content\\\/uploads\\\/2024\\\/07\\\/IMG_7469_min-scaled.jpg\",\"articleSection\":[\"news fr\"],\"inLanguage\":\"fr-FR\"},{\"@type\":\"WebPage\",\"@id\":\"https:\\\/\\\/www.life-belini.be\\\/en\\\/?p=9130\",\"url\":\"https:\\\/\\\/www.life-belini.be\\\/en\\\/?p=9130\",\"name\":\"\u00c9volution positive de la biodiversit\u00e9 dans les zones d'immersion temporaires - LIFE Belini\",\"isPartOf\":{\"@id\":\"https:\\\/\\\/www.life-belini.be\\\/nl\\\/#website\"},\"primaryImageOfPage\":{\"@id\":\"https:\\\/\\\/www.life-belini.be\\\/en\\\/?p=9130#primaryimage\"},\"image\":{\"@id\":\"https:\\\/\\\/www.life-belini.be\\\/en\\\/?p=9130#primaryimage\"},\"thumbnailUrl\":\"https:\\\/\\\/www.life-belini.be\\\/wp-content\\\/uploads\\\/2024\\\/07\\\/IMG_7469_min-scaled.jpg\",\"datePublished\":\"2024-05-08T20:53:51+00:00\",\"dateModified\":\"2024-07-23T21:21:48+00:00\",\"author\":{\"@id\":\"https:\\\/\\\/www.life-belini.be\\\/nl\\\/#\\\/schema\\\/person\\\/84a9c6d38af471fa4c482917c2aa2b5b\"},\"breadcrumb\":{\"@id\":\"https:\\\/\\\/www.life-belini.be\\\/en\\\/?p=9130#breadcrumb\"},\"inLanguage\":\"fr-FR\",\"potentialAction\":[{\"@type\":\"ReadAction\",\"target\":[\"https:\\\/\\\/www.life-belini.be\\\/en\\\/?p=9130\"]}]},{\"@type\":\"ImageObject\",\"inLanguage\":\"fr-FR\",\"@id\":\"https:\\\/\\\/www.life-belini.be\\\/en\\\/?p=9130#primaryimage\",\"url\":\"https:\\\/\\\/www.life-belini.be\\\/wp-content\\\/uploads\\\/2024\\\/07\\\/IMG_7469_min-scaled.jpg\",\"contentUrl\":\"https:\\\/\\\/www.life-belini.be\\\/wp-content\\\/uploads\\\/2024\\\/07\\\/IMG_7469_min-scaled.jpg\",\"width\":2560,\"height\":1707,\"caption\":\"image bioblitz 2024\"},{\"@type\":\"BreadcrumbList\",\"@id\":\"https:\\\/\\\/www.life-belini.be\\\/en\\\/?p=9130#breadcrumb\",\"itemListElement\":[{\"@type\":\"ListItem\",\"position\":1,\"name\":\"Home\",\"item\":\"https:\\\/\\\/www.life-belini.be\\\/fr\\\/home-2\\\/\"},{\"@type\":\"ListItem\",\"position\":2,\"name\":\"\u00c9volution positive de la biodiversit\u00e9 dans les zones d&#8217;immersion temporaires\"}]},{\"@type\":\"WebSite\",\"@id\":\"https:\\\/\\\/www.life-belini.be\\\/nl\\\/#website\",\"url\":\"https:\\\/\\\/www.life-belini.be\\\/nl\\\/\",\"name\":\"LIFE Belini\",\"description\":\"Belgian initiative for making a leap forward towards good status in the river basin district of the Scheldt\",\"potentialAction\":[{\"@type\":\"SearchAction\",\"target\":{\"@type\":\"EntryPoint\",\"urlTemplate\":\"https:\\\/\\\/www.life-belini.be\\\/nl\\\/?s={search_term_string}\"},\"query-input\":{\"@type\":\"PropertyValueSpecification\",\"valueRequired\":true,\"valueName\":\"search_term_string\"}}],\"inLanguage\":\"fr-FR\"},{\"@type\":\"Person\",\"@id\":\"https:\\\/\\\/www.life-belini.be\\\/nl\\\/#\\\/schema\\\/person\\\/84a9c6d38af471fa4c482917c2aa2b5b\",\"name\":\"Maureen Nuyts\",\"url\":\"https:\\\/\\\/www.life-belini.be\\\/fr\\\/author\\\/maureen-nuyts\\\/\"}]}<\/script>\n<!-- \/ Yoast SEO plugin. -->","yoast_head_json":{"title":"\u00c9volution positive de la biodiversit\u00e9 dans les zones d'immersion temporaires - LIFE Belini","robots":{"index":"index","follow":"follow","max-snippet":"max-snippet:-1","max-image-preview":"max-image-preview:large","max-video-preview":"max-video-preview:-1"},"canonical":"https:\/\/www.life-belini.be\/en\/?p=9130","og_locale":"fr_FR","og_type":"article","og_title":"\u00c9volution positive de la biodiversit\u00e9 dans les zones d'immersion temporaires - LIFE Belini","og_description":"Plusieurs zones d\u2019immersion temporaires ont d\u00e9j\u00e0 \u00e9t\u00e9 cr\u00e9\u00e9es dans le cadre de notre projet LIFE Belini. Ces zones permettent non seulement de stocker davantage d\u2019eau en cas de fortes pluies, [&hellip;]","og_url":"https:\/\/www.life-belini.be\/en\/?p=9130","og_site_name":"LIFE Belini","article_published_time":"2024-05-08T20:53:51+00:00","article_modified_time":"2024-07-23T21:21:48+00:00","og_image":[{"width":2560,"height":1707,"url":"https:\/\/www.life-belini.be\/wp-content\/uploads\/2024\/07\/IMG_7469_min-scaled.jpg","type":"image\/jpeg"}],"author":"Maureen Nuyts","twitter_card":"summary_large_image","twitter_misc":{"\u00c9crit par":"Maureen Nuyts","Dur\u00e9e de lecture estim\u00e9e":"1 minute"},"schema":{"@context":"https:\/\/schema.org","@graph":[{"@type":"Article","@id":"https:\/\/www.life-belini.be\/en\/?p=9130#article","isPartOf":{"@id":"https:\/\/www.life-belini.be\/en\/?p=9130"},"author":{"name":"Maureen Nuyts","@id":"https:\/\/www.life-belini.be\/nl\/#\/schema\/person\/84a9c6d38af471fa4c482917c2aa2b5b"},"headline":"\u00c9volution positive de la biodiversit\u00e9 dans les zones d&rsquo;immersion temporaires","datePublished":"2024-05-08T20:53:51+00:00","dateModified":"2024-07-23T21:21:48+00:00","mainEntityOfPage":{"@id":"https:\/\/www.life-belini.be\/en\/?p=9130"},"wordCount":69,"image":{"@id":"https:\/\/www.life-belini.be\/en\/?p=9130#primaryimage"},"thumbnailUrl":"https:\/\/www.life-belini.be\/wp-content\/uploads\/2024\/07\/IMG_7469_min-scaled.jpg","articleSection":["news fr"],"inLanguage":"fr-FR"},{"@type":"WebPage","@id":"https:\/\/www.life-belini.be\/en\/?p=9130","url":"https:\/\/www.life-belini.be\/en\/?p=9130","name":"\u00c9volution positive de la biodiversit\u00e9 dans les zones d'immersion temporaires - LIFE Belini","isPartOf":{"@id":"https:\/\/www.life-belini.be\/nl\/#website"},"primaryImageOfPage":{"@id":"https:\/\/www.life-belini.be\/en\/?p=9130#primaryimage"},"image":{"@id":"https:\/\/www.life-belini.be\/en\/?p=9130#primaryimage"},"thumbnailUrl":"https:\/\/www.life-belini.be\/wp-content\/uploads\/2024\/07\/IMG_7469_min-scaled.jpg","datePublished":"2024-05-08T20:53:51+00:00","dateModified":"2024-07-23T21:21:48+00:00","author":{"@id":"https:\/\/www.life-belini.be\/nl\/#\/schema\/person\/84a9c6d38af471fa4c482917c2aa2b5b"},"breadcrumb":{"@id":"https:\/\/www.life-belini.be\/en\/?p=9130#breadcrumb"},"inLanguage":"fr-FR","potentialAction":[{"@type":"ReadAction","target":["https:\/\/www.life-belini.be\/en\/?p=9130"]}]},{"@type":"ImageObject","inLanguage":"fr-FR","@id":"https:\/\/www.life-belini.be\/en\/?p=9130#primaryimage","url":"https:\/\/www.life-belini.be\/wp-content\/uploads\/2024\/07\/IMG_7469_min-scaled.jpg","contentUrl":"https:\/\/www.life-belini.be\/wp-content\/uploads\/2024\/07\/IMG_7469_min-scaled.jpg","width":2560,"height":1707,"caption":"image bioblitz 2024"},{"@type":"BreadcrumbList","@id":"https:\/\/www.life-belini.be\/en\/?p=9130#breadcrumb","itemListElement":[{"@type":"ListItem","position":1,"name":"Home","item":"https:\/\/www.life-belini.be\/fr\/home-2\/"},{"@type":"ListItem","position":2,"name":"\u00c9volution positive de la biodiversit\u00e9 dans les zones d&#8217;immersion temporaires"}]},{"@type":"WebSite","@id":"https:\/\/www.life-belini.be\/nl\/#website","url":"https:\/\/www.life-belini.be\/nl\/","name":"LIFE Belini","description":"Belgian initiative for making a leap forward towards good status in the river basin district of the Scheldt","potentialAction":[{"@type":"SearchAction","target":{"@type":"EntryPoint","urlTemplate":"https:\/\/www.life-belini.be\/nl\/?s={search_term_string}"},"query-input":{"@type":"PropertyValueSpecification","valueRequired":true,"valueName":"search_term_string"}}],"inLanguage":"fr-FR"},{"@type":"Person","@id":"https:\/\/www.life-belini.be\/nl\/#\/schema\/person\/84a9c6d38af471fa4c482917c2aa2b5b","name":"Maureen Nuyts","url":"https:\/\/www.life-belini.be\/fr\/author\/maureen-nuyts\/"}]}},"_links":{"self":[{"href":"https:\/\/www.life-belini.be\/fr\/wp-json\/wp\/v2\/posts\/8562","targetHints":{"allow":["GET"]}}],"collection":[{"href":"https:\/\/www.life-belini.be\/fr\/wp-json\/wp\/v2\/posts"}],"about":[{"href":"https:\/\/www.life-belini.be\/fr\/wp-json\/wp\/v2\/types\/post"}],"author":[{"embeddable":true,"href":"https:\/\/www.life-belini.be\/fr\/wp-json\/wp\/v2\/users\/6"}],"replies":[{"embeddable":true,"href":"https:\/\/www.life-belini.be\/fr\/wp-json\/wp\/v2\/comments?post=8562"}],"version-history":[{"count":3,"href":"https:\/\/www.life-belini.be\/fr\/wp-json\/wp\/v2\/posts\/8562\/revisions"}],"predecessor-version":[{"id":8564,"href":"https:\/\/www.life-belini.be\/fr\/wp-json\/wp\/v2\/posts\/8562\/revisions\/8564"}],"wp:featuredmedia":[{"embeddable":true,"href":"https:\/\/www.life-belini.be\/fr\/wp-json\/wp\/v2\/media\/8553"}],"wp:attachment":[{"href":"https:\/\/www.life-belini.be\/fr\/wp-json\/wp\/v2\/media?parent=8562"}],"wp:term":[{"taxonomy":"category","embeddable":true,"href":"https:\/\/www.life-belini.be\/fr\/wp-json\/wp\/v2\/categories?post=8562"},{"taxonomy":"post_tag","embeddable":true,"href":"https:\/\/www.life-belini.be\/fr\/wp-json\/wp\/v2\/tags?post=8562"}],"curies":[{"name":"wp","href":"https:\/\/api.w.org\/{rel}","templated":true}]}}