{"id":8544,"date":"2024-07-09T16:10:35","date_gmt":"2024-07-09T16:10:35","guid":{"rendered":"https:\/\/www.life-belini.be\/?p=8544"},"modified":"2024-07-24T06:44:06","modified_gmt":"2024-07-24T06:44:06","slug":"le-meandre-du-vinkenberg-offre-une-capacite-tampon-supplementaire-en-plus-de-la-restauration-ecologique","status":"publish","type":"post","link":"https:\/\/www.life-belini.be\/fr\/le-meandre-du-vinkenberg-offre-une-capacite-tampon-supplementaire-en-plus-de-la-restauration-ecologique\/","title":{"rendered":"Le m\u00e9andre du Vinkenberg offre une capacit\u00e9 tampon suppl\u00e9mentaire en plus de la restauration \u00e9cologique."},"content":{"rendered":"<p><strong>Il a beaucoup plu ces derniers mois et nous avons souvent \u00e9t\u00e9 confront\u00e9s \u00e0 des niveaux d\u2019eau tr\u00e8s \u00e9lev\u00e9s. La rem\u00e9andration au Vinkenberg, effectu\u00e9e avec le soutien de LIFE Belini, se r\u00e9v\u00e8le \u00eatre une valeur ajout\u00e9e non seulement sur le plan \u00e9cologique, mais aussi en termes de capacit\u00e9 tampon.<\/strong><\/p>\n","protected":false},"excerpt":{"rendered":"<p>Il a beaucoup plu ces derniers mois et nous avons souvent \u00e9t\u00e9 confront\u00e9s \u00e0 des niveaux d\u2019eau tr\u00e8s \u00e9lev\u00e9s. La rem\u00e9andration au Vinkenberg, effectu\u00e9e avec le soutien de LIFE Belini, [&hellip;]<\/p>\n","protected":false},"author":6,"featured_media":8521,"comment_status":"closed","ping_status":"closed","sticky":false,"template":"","format":"standard","meta":{"_acf_changed":false,"_exactmetrics_skip_tracking":false,"_exactmetrics_sitenote_active":false,"_exactmetrics_sitenote_note":"","_exactmetrics_sitenote_category":0,"footnotes":""},"categories":[30],"tags":[],"class_list":["post-8544","post","type-post","status-publish","format-standard","has-post-thumbnail","hentry","category-news-fr"],"acf":[],"yoast_head":"<!-- This site is optimized with the Yoast SEO plugin v27.4 - https:\/\/yoast.com\/product\/yoast-seo-wordpress\/ -->\n<title>Le m\u00e9andre du Vinkenberg offre une capacit\u00e9 tampon suppl\u00e9mentaire en plus de la restauration \u00e9cologique. - LIFE Belini<\/title>\n<meta name=\"robots\" content=\"index, follow, max-snippet:-1, max-image-preview:large, max-video-preview:-1\" \/>\n<link rel=\"canonical\" href=\"https:\/\/www.life-belini.be\/en\/?p=9126\" \/>\n<meta property=\"og:locale\" content=\"fr_FR\" \/>\n<meta property=\"og:type\" content=\"article\" \/>\n<meta property=\"og:title\" content=\"Le m\u00e9andre du Vinkenberg offre une capacit\u00e9 tampon suppl\u00e9mentaire en plus de la restauration \u00e9cologique. - LIFE Belini\" \/>\n<meta property=\"og:description\" content=\"Il a beaucoup plu ces derniers mois et nous avons souvent \u00e9t\u00e9 confront\u00e9s \u00e0 des niveaux d\u2019eau tr\u00e8s \u00e9lev\u00e9s. La rem\u00e9andration au Vinkenberg, effectu\u00e9e avec le soutien de LIFE Belini, [&hellip;]\" \/>\n<meta property=\"og:url\" content=\"https:\/\/www.life-belini.be\/en\/?p=9126\" \/>\n<meta property=\"og:site_name\" content=\"LIFE Belini\" \/>\n<meta property=\"article:published_time\" content=\"2024-07-09T16:10:35+00:00\" \/>\n<meta property=\"article:modified_time\" content=\"2024-07-24T06:44:06+00:00\" \/>\n<meta property=\"og:image\" content=\"https:\/\/www.life-belini.be\/wp-content\/uploads\/2024\/07\/PXL_20240211_130521733_web.jpg\" \/>\n\t<meta property=\"og:image:width\" content=\"1280\" \/>\n\t<meta property=\"og:image:height\" content=\"720\" \/>\n\t<meta property=\"og:image:type\" content=\"image\/jpeg\" \/>\n<meta name=\"author\" content=\"Maureen Nuyts\" \/>\n<meta name=\"twitter:card\" content=\"summary_large_image\" \/>\n<meta name=\"twitter:label1\" content=\"\u00c9crit par\" \/>\n\t<meta name=\"twitter:data1\" content=\"Maureen Nuyts\" \/>\n\t<meta name=\"twitter:label2\" content=\"Dur\u00e9e de lecture estim\u00e9e\" \/>\n\t<meta name=\"twitter:data2\" content=\"1 minute\" \/>\n<script type=\"application\/ld+json\" class=\"yoast-schema-graph\">{\"@context\":\"https:\\\/\\\/schema.org\",\"@graph\":[{\"@type\":\"Article\",\"@id\":\"https:\\\/\\\/www.life-belini.be\\\/en\\\/?p=9126#article\",\"isPartOf\":{\"@id\":\"https:\\\/\\\/www.life-belini.be\\\/en\\\/?p=9126\"},\"author\":{\"name\":\"Maureen Nuyts\",\"@id\":\"https:\\\/\\\/www.life-belini.be\\\/nl\\\/#\\\/schema\\\/person\\\/84a9c6d38af471fa4c482917c2aa2b5b\"},\"headline\":\"Le m\u00e9andre du Vinkenberg offre une capacit\u00e9 tampon suppl\u00e9mentaire en plus de la restauration \u00e9cologique.\",\"datePublished\":\"2024-07-09T16:10:35+00:00\",\"dateModified\":\"2024-07-24T06:44:06+00:00\",\"mainEntityOfPage\":{\"@id\":\"https:\\\/\\\/www.life-belini.be\\\/en\\\/?p=9126\"},\"wordCount\":74,\"image\":{\"@id\":\"https:\\\/\\\/www.life-belini.be\\\/en\\\/?p=9126#primaryimage\"},\"thumbnailUrl\":\"https:\\\/\\\/www.life-belini.be\\\/wp-content\\\/uploads\\\/2024\\\/07\\\/PXL_20240211_130521733_web.jpg\",\"articleSection\":[\"news fr\"],\"inLanguage\":\"fr-FR\"},{\"@type\":\"WebPage\",\"@id\":\"https:\\\/\\\/www.life-belini.be\\\/en\\\/?p=9126\",\"url\":\"https:\\\/\\\/www.life-belini.be\\\/en\\\/?p=9126\",\"name\":\"Le m\u00e9andre du Vinkenberg offre une capacit\u00e9 tampon suppl\u00e9mentaire en plus de la restauration \u00e9cologique. - LIFE Belini\",\"isPartOf\":{\"@id\":\"https:\\\/\\\/www.life-belini.be\\\/nl\\\/#website\"},\"primaryImageOfPage\":{\"@id\":\"https:\\\/\\\/www.life-belini.be\\\/en\\\/?p=9126#primaryimage\"},\"image\":{\"@id\":\"https:\\\/\\\/www.life-belini.be\\\/en\\\/?p=9126#primaryimage\"},\"thumbnailUrl\":\"https:\\\/\\\/www.life-belini.be\\\/wp-content\\\/uploads\\\/2024\\\/07\\\/PXL_20240211_130521733_web.jpg\",\"datePublished\":\"2024-07-09T16:10:35+00:00\",\"dateModified\":\"2024-07-24T06:44:06+00:00\",\"author\":{\"@id\":\"https:\\\/\\\/www.life-belini.be\\\/nl\\\/#\\\/schema\\\/person\\\/84a9c6d38af471fa4c482917c2aa2b5b\"},\"breadcrumb\":{\"@id\":\"https:\\\/\\\/www.life-belini.be\\\/en\\\/?p=9126#breadcrumb\"},\"inLanguage\":\"fr-FR\",\"potentialAction\":[{\"@type\":\"ReadAction\",\"target\":[\"https:\\\/\\\/www.life-belini.be\\\/en\\\/?p=9126\"]}]},{\"@type\":\"ImageObject\",\"inLanguage\":\"fr-FR\",\"@id\":\"https:\\\/\\\/www.life-belini.be\\\/en\\\/?p=9126#primaryimage\",\"url\":\"https:\\\/\\\/www.life-belini.be\\\/wp-content\\\/uploads\\\/2024\\\/07\\\/PXL_20240211_130521733_web.jpg\",\"contentUrl\":\"https:\\\/\\\/www.life-belini.be\\\/wp-content\\\/uploads\\\/2024\\\/07\\\/PXL_20240211_130521733_web.jpg\",\"width\":1280,\"height\":720,\"caption\":\"Vinkenberg @De Vlaamse Waterweg\"},{\"@type\":\"BreadcrumbList\",\"@id\":\"https:\\\/\\\/www.life-belini.be\\\/en\\\/?p=9126#breadcrumb\",\"itemListElement\":[{\"@type\":\"ListItem\",\"position\":1,\"name\":\"Home\",\"item\":\"https:\\\/\\\/www.life-belini.be\\\/fr\\\/home-2\\\/\"},{\"@type\":\"ListItem\",\"position\":2,\"name\":\"Le m\u00e9andre du Vinkenberg offre une capacit\u00e9 tampon suppl\u00e9mentaire en plus de la restauration \u00e9cologique.\"}]},{\"@type\":\"WebSite\",\"@id\":\"https:\\\/\\\/www.life-belini.be\\\/nl\\\/#website\",\"url\":\"https:\\\/\\\/www.life-belini.be\\\/nl\\\/\",\"name\":\"LIFE Belini\",\"description\":\"Belgian initiative for making a leap forward towards good status in the river basin district of the Scheldt\",\"potentialAction\":[{\"@type\":\"SearchAction\",\"target\":{\"@type\":\"EntryPoint\",\"urlTemplate\":\"https:\\\/\\\/www.life-belini.be\\\/nl\\\/?s={search_term_string}\"},\"query-input\":{\"@type\":\"PropertyValueSpecification\",\"valueRequired\":true,\"valueName\":\"search_term_string\"}}],\"inLanguage\":\"fr-FR\"},{\"@type\":\"Person\",\"@id\":\"https:\\\/\\\/www.life-belini.be\\\/nl\\\/#\\\/schema\\\/person\\\/84a9c6d38af471fa4c482917c2aa2b5b\",\"name\":\"Maureen Nuyts\",\"url\":\"https:\\\/\\\/www.life-belini.be\\\/fr\\\/author\\\/maureen-nuyts\\\/\"}]}<\/script>\n<!-- \/ Yoast SEO plugin. -->","yoast_head_json":{"title":"Le m\u00e9andre du Vinkenberg offre une capacit\u00e9 tampon suppl\u00e9mentaire en plus de la restauration \u00e9cologique. - LIFE Belini","robots":{"index":"index","follow":"follow","max-snippet":"max-snippet:-1","max-image-preview":"max-image-preview:large","max-video-preview":"max-video-preview:-1"},"canonical":"https:\/\/www.life-belini.be\/en\/?p=9126","og_locale":"fr_FR","og_type":"article","og_title":"Le m\u00e9andre du Vinkenberg offre une capacit\u00e9 tampon suppl\u00e9mentaire en plus de la restauration \u00e9cologique. - LIFE Belini","og_description":"Il a beaucoup plu ces derniers mois et nous avons souvent \u00e9t\u00e9 confront\u00e9s \u00e0 des niveaux d\u2019eau tr\u00e8s \u00e9lev\u00e9s. La rem\u00e9andration au Vinkenberg, effectu\u00e9e avec le soutien de LIFE Belini, [&hellip;]","og_url":"https:\/\/www.life-belini.be\/en\/?p=9126","og_site_name":"LIFE Belini","article_published_time":"2024-07-09T16:10:35+00:00","article_modified_time":"2024-07-24T06:44:06+00:00","og_image":[{"width":1280,"height":720,"url":"https:\/\/www.life-belini.be\/wp-content\/uploads\/2024\/07\/PXL_20240211_130521733_web.jpg","type":"image\/jpeg"}],"author":"Maureen Nuyts","twitter_card":"summary_large_image","twitter_misc":{"\u00c9crit par":"Maureen Nuyts","Dur\u00e9e de lecture estim\u00e9e":"1 minute"},"schema":{"@context":"https:\/\/schema.org","@graph":[{"@type":"Article","@id":"https:\/\/www.life-belini.be\/en\/?p=9126#article","isPartOf":{"@id":"https:\/\/www.life-belini.be\/en\/?p=9126"},"author":{"name":"Maureen Nuyts","@id":"https:\/\/www.life-belini.be\/nl\/#\/schema\/person\/84a9c6d38af471fa4c482917c2aa2b5b"},"headline":"Le m\u00e9andre du Vinkenberg offre une capacit\u00e9 tampon suppl\u00e9mentaire en plus de la restauration \u00e9cologique.","datePublished":"2024-07-09T16:10:35+00:00","dateModified":"2024-07-24T06:44:06+00:00","mainEntityOfPage":{"@id":"https:\/\/www.life-belini.be\/en\/?p=9126"},"wordCount":74,"image":{"@id":"https:\/\/www.life-belini.be\/en\/?p=9126#primaryimage"},"thumbnailUrl":"https:\/\/www.life-belini.be\/wp-content\/uploads\/2024\/07\/PXL_20240211_130521733_web.jpg","articleSection":["news fr"],"inLanguage":"fr-FR"},{"@type":"WebPage","@id":"https:\/\/www.life-belini.be\/en\/?p=9126","url":"https:\/\/www.life-belini.be\/en\/?p=9126","name":"Le m\u00e9andre du Vinkenberg offre une capacit\u00e9 tampon suppl\u00e9mentaire en plus de la restauration \u00e9cologique. - LIFE Belini","isPartOf":{"@id":"https:\/\/www.life-belini.be\/nl\/#website"},"primaryImageOfPage":{"@id":"https:\/\/www.life-belini.be\/en\/?p=9126#primaryimage"},"image":{"@id":"https:\/\/www.life-belini.be\/en\/?p=9126#primaryimage"},"thumbnailUrl":"https:\/\/www.life-belini.be\/wp-content\/uploads\/2024\/07\/PXL_20240211_130521733_web.jpg","datePublished":"2024-07-09T16:10:35+00:00","dateModified":"2024-07-24T06:44:06+00:00","author":{"@id":"https:\/\/www.life-belini.be\/nl\/#\/schema\/person\/84a9c6d38af471fa4c482917c2aa2b5b"},"breadcrumb":{"@id":"https:\/\/www.life-belini.be\/en\/?p=9126#breadcrumb"},"inLanguage":"fr-FR","potentialAction":[{"@type":"ReadAction","target":["https:\/\/www.life-belini.be\/en\/?p=9126"]}]},{"@type":"ImageObject","inLanguage":"fr-FR","@id":"https:\/\/www.life-belini.be\/en\/?p=9126#primaryimage","url":"https:\/\/www.life-belini.be\/wp-content\/uploads\/2024\/07\/PXL_20240211_130521733_web.jpg","contentUrl":"https:\/\/www.life-belini.be\/wp-content\/uploads\/2024\/07\/PXL_20240211_130521733_web.jpg","width":1280,"height":720,"caption":"Vinkenberg @De Vlaamse Waterweg"},{"@type":"BreadcrumbList","@id":"https:\/\/www.life-belini.be\/en\/?p=9126#breadcrumb","itemListElement":[{"@type":"ListItem","position":1,"name":"Home","item":"https:\/\/www.life-belini.be\/fr\/home-2\/"},{"@type":"ListItem","position":2,"name":"Le m\u00e9andre du Vinkenberg offre une capacit\u00e9 tampon suppl\u00e9mentaire en plus de la restauration \u00e9cologique."}]},{"@type":"WebSite","@id":"https:\/\/www.life-belini.be\/nl\/#website","url":"https:\/\/www.life-belini.be\/nl\/","name":"LIFE Belini","description":"Belgian initiative for making a leap forward towards good status in the river basin district of the Scheldt","potentialAction":[{"@type":"SearchAction","target":{"@type":"EntryPoint","urlTemplate":"https:\/\/www.life-belini.be\/nl\/?s={search_term_string}"},"query-input":{"@type":"PropertyValueSpecification","valueRequired":true,"valueName":"search_term_string"}}],"inLanguage":"fr-FR"},{"@type":"Person","@id":"https:\/\/www.life-belini.be\/nl\/#\/schema\/person\/84a9c6d38af471fa4c482917c2aa2b5b","name":"Maureen Nuyts","url":"https:\/\/www.life-belini.be\/fr\/author\/maureen-nuyts\/"}]}},"_links":{"self":[{"href":"https:\/\/www.life-belini.be\/fr\/wp-json\/wp\/v2\/posts\/8544","targetHints":{"allow":["GET"]}}],"collection":[{"href":"https:\/\/www.life-belini.be\/fr\/wp-json\/wp\/v2\/posts"}],"about":[{"href":"https:\/\/www.life-belini.be\/fr\/wp-json\/wp\/v2\/types\/post"}],"author":[{"embeddable":true,"href":"https:\/\/www.life-belini.be\/fr\/wp-json\/wp\/v2\/users\/6"}],"replies":[{"embeddable":true,"href":"https:\/\/www.life-belini.be\/fr\/wp-json\/wp\/v2\/comments?post=8544"}],"version-history":[{"count":2,"href":"https:\/\/www.life-belini.be\/fr\/wp-json\/wp\/v2\/posts\/8544\/revisions"}],"predecessor-version":[{"id":8623,"href":"https:\/\/www.life-belini.be\/fr\/wp-json\/wp\/v2\/posts\/8544\/revisions\/8623"}],"wp:featuredmedia":[{"embeddable":true,"href":"https:\/\/www.life-belini.be\/fr\/wp-json\/wp\/v2\/media\/8521"}],"wp:attachment":[{"href":"https:\/\/www.life-belini.be\/fr\/wp-json\/wp\/v2\/media?parent=8544"}],"wp:term":[{"taxonomy":"category","embeddable":true,"href":"https:\/\/www.life-belini.be\/fr\/wp-json\/wp\/v2\/categories?post=8544"},{"taxonomy":"post_tag","embeddable":true,"href":"https:\/\/www.life-belini.be\/fr\/wp-json\/wp\/v2\/tags?post=8544"}],"curies":[{"name":"wp","href":"https:\/\/api.w.org\/{rel}","templated":true}]}}