{"id":8508,"date":"2024-06-17T13:00:00","date_gmt":"2024-06-17T13:00:00","guid":{"rendered":"https:\/\/www.life-belini.be\/?p=8508"},"modified":"2024-07-23T21:27:07","modified_gmt":"2024-07-23T21:27:07","slug":"en-2025-les-etangs-du-roi-et-la-vallee-de-lijse-recueilleront-a-nouveau-de-leau-de-pluie-propre-provenant-de-la-voirie","status":"publish","type":"post","link":"https:\/\/www.life-belini.be\/fr\/en-2025-les-etangs-du-roi-et-la-vallee-de-lijse-recueilleront-a-nouveau-de-leau-de-pluie-propre-provenant-de-la-voirie\/","title":{"rendered":"En 2025, les \u00e9tangs du Roi et la vall\u00e9e de l\u2019IJse recueilleront \u00e0 nouveau de l\u2019eau de pluie propre provenant de la voirie"},"content":{"rendered":"<p>Les \u00e9tangs du Roi forment une cha\u00eene de 12 \u00e9tangs. La zone source de l\u2019IJse les traverse et les alimente. Ils ont une valeur \u00e0 la fois paysag\u00e8re, culturelle et naturelle (Natura 2000). Jusqu\u2019\u00e0 pr\u00e9sent, les eaux de pluie provenant de la chauss\u00e9e du ring de Bruxelles sont dirig\u00e9es directement vers les \u00e9tangs. Cela va bient\u00f4t changer.<\/p>\n","protected":false},"excerpt":{"rendered":"<p>Les \u00e9tangs du Roi forment une cha\u00eene de 12 \u00e9tangs. La zone source de l\u2019IJse les traverse et les alimente. Ils ont une valeur \u00e0 la fois paysag\u00e8re, culturelle et [&hellip;]<\/p>\n","protected":false},"author":6,"featured_media":8471,"comment_status":"closed","ping_status":"closed","sticky":false,"template":"","format":"standard","meta":{"_acf_changed":false,"_exactmetrics_skip_tracking":false,"_exactmetrics_sitenote_active":false,"_exactmetrics_sitenote_note":"","_exactmetrics_sitenote_category":0,"footnotes":""},"categories":[30],"tags":[],"class_list":["post-8508","post","type-post","status-publish","format-standard","has-post-thumbnail","hentry","category-news-fr"],"acf":[],"yoast_head":"<!-- This site is optimized with the Yoast SEO plugin v27.4 - https:\/\/yoast.com\/product\/yoast-seo-wordpress\/ -->\n<title>En 2025, les \u00e9tangs du Roi et la vall\u00e9e de l\u2019IJse recueilleront \u00e0 nouveau de l\u2019eau de pluie propre provenant de la voirie - LIFE Belini<\/title>\n<meta name=\"robots\" content=\"index, follow, max-snippet:-1, max-image-preview:large, max-video-preview:-1\" \/>\n<link rel=\"canonical\" href=\"https:\/\/www.life-belini.be\/fr\/en-2025-les-etangs-du-roi-et-la-vallee-de-lijse-recueilleront-a-nouveau-de-leau-de-pluie-propre-provenant-de-la-voirie\/\" \/>\n<meta property=\"og:locale\" content=\"fr_FR\" \/>\n<meta property=\"og:type\" content=\"article\" \/>\n<meta property=\"og:title\" content=\"En 2025, les \u00e9tangs du Roi et la vall\u00e9e de l\u2019IJse recueilleront \u00e0 nouveau de l\u2019eau de pluie propre provenant de la voirie - LIFE Belini\" \/>\n<meta property=\"og:description\" content=\"Les \u00e9tangs du Roi forment une cha\u00eene de 12 \u00e9tangs. La zone source de l\u2019IJse les traverse et les alimente. Ils ont une valeur \u00e0 la fois paysag\u00e8re, culturelle et [&hellip;]\" \/>\n<meta property=\"og:url\" content=\"https:\/\/www.life-belini.be\/fr\/en-2025-les-etangs-du-roi-et-la-vallee-de-lijse-recueilleront-a-nouveau-de-leau-de-pluie-propre-provenant-de-la-voirie\/\" \/>\n<meta property=\"og:site_name\" content=\"LIFE Belini\" \/>\n<meta property=\"article:published_time\" content=\"2024-06-17T13:00:00+00:00\" \/>\n<meta property=\"article:modified_time\" content=\"2024-07-23T21:27:07+00:00\" \/>\n<meta property=\"og:image\" content=\"https:\/\/www.life-belini.be\/wp-content\/uploads\/2024\/07\/SitueringLocatieKoningsvijvers_map.jpg\" \/>\n\t<meta property=\"og:image:width\" content=\"636\" \/>\n\t<meta property=\"og:image:height\" content=\"354\" \/>\n\t<meta property=\"og:image:type\" content=\"image\/jpeg\" \/>\n<meta name=\"author\" content=\"Maureen Nuyts\" \/>\n<meta name=\"twitter:card\" content=\"summary_large_image\" \/>\n<meta name=\"twitter:label1\" content=\"\u00c9crit par\" \/>\n\t<meta name=\"twitter:data1\" content=\"Maureen Nuyts\" \/>\n\t<meta name=\"twitter:label2\" content=\"Dur\u00e9e de lecture estim\u00e9e\" \/>\n\t<meta name=\"twitter:data2\" content=\"1 minute\" \/>\n<script type=\"application\/ld+json\" class=\"yoast-schema-graph\">{\"@context\":\"https:\\\/\\\/schema.org\",\"@graph\":[{\"@type\":\"Article\",\"@id\":\"https:\\\/\\\/www.life-belini.be\\\/fr\\\/en-2025-les-etangs-du-roi-et-la-vallee-de-lijse-recueilleront-a-nouveau-de-leau-de-pluie-propre-provenant-de-la-voirie\\\/#article\",\"isPartOf\":{\"@id\":\"https:\\\/\\\/www.life-belini.be\\\/fr\\\/en-2025-les-etangs-du-roi-et-la-vallee-de-lijse-recueilleront-a-nouveau-de-leau-de-pluie-propre-provenant-de-la-voirie\\\/\"},\"author\":{\"name\":\"Maureen Nuyts\",\"@id\":\"https:\\\/\\\/www.life-belini.be\\\/nl\\\/#\\\/schema\\\/person\\\/84a9c6d38af471fa4c482917c2aa2b5b\"},\"headline\":\"En 2025, les \u00e9tangs du Roi et la vall\u00e9e de l\u2019IJse recueilleront \u00e0 nouveau de l\u2019eau de pluie propre provenant de la voirie\",\"datePublished\":\"2024-06-17T13:00:00+00:00\",\"dateModified\":\"2024-07-23T21:27:07+00:00\",\"mainEntityOfPage\":{\"@id\":\"https:\\\/\\\/www.life-belini.be\\\/fr\\\/en-2025-les-etangs-du-roi-et-la-vallee-de-lijse-recueilleront-a-nouveau-de-leau-de-pluie-propre-provenant-de-la-voirie\\\/\"},\"wordCount\":85,\"image\":{\"@id\":\"https:\\\/\\\/www.life-belini.be\\\/fr\\\/en-2025-les-etangs-du-roi-et-la-vallee-de-lijse-recueilleront-a-nouveau-de-leau-de-pluie-propre-provenant-de-la-voirie\\\/#primaryimage\"},\"thumbnailUrl\":\"https:\\\/\\\/www.life-belini.be\\\/wp-content\\\/uploads\\\/2024\\\/07\\\/SitueringLocatieKoningsvijvers_map.jpg\",\"articleSection\":[\"news fr\"],\"inLanguage\":\"fr-FR\"},{\"@type\":\"WebPage\",\"@id\":\"https:\\\/\\\/www.life-belini.be\\\/fr\\\/en-2025-les-etangs-du-roi-et-la-vallee-de-lijse-recueilleront-a-nouveau-de-leau-de-pluie-propre-provenant-de-la-voirie\\\/\",\"url\":\"https:\\\/\\\/www.life-belini.be\\\/fr\\\/en-2025-les-etangs-du-roi-et-la-vallee-de-lijse-recueilleront-a-nouveau-de-leau-de-pluie-propre-provenant-de-la-voirie\\\/\",\"name\":\"En 2025, les \u00e9tangs du Roi et la vall\u00e9e de l\u2019IJse recueilleront \u00e0 nouveau de l\u2019eau de pluie propre provenant de la voirie - LIFE Belini\",\"isPartOf\":{\"@id\":\"https:\\\/\\\/www.life-belini.be\\\/nl\\\/#website\"},\"primaryImageOfPage\":{\"@id\":\"https:\\\/\\\/www.life-belini.be\\\/fr\\\/en-2025-les-etangs-du-roi-et-la-vallee-de-lijse-recueilleront-a-nouveau-de-leau-de-pluie-propre-provenant-de-la-voirie\\\/#primaryimage\"},\"image\":{\"@id\":\"https:\\\/\\\/www.life-belini.be\\\/fr\\\/en-2025-les-etangs-du-roi-et-la-vallee-de-lijse-recueilleront-a-nouveau-de-leau-de-pluie-propre-provenant-de-la-voirie\\\/#primaryimage\"},\"thumbnailUrl\":\"https:\\\/\\\/www.life-belini.be\\\/wp-content\\\/uploads\\\/2024\\\/07\\\/SitueringLocatieKoningsvijvers_map.jpg\",\"datePublished\":\"2024-06-17T13:00:00+00:00\",\"dateModified\":\"2024-07-23T21:27:07+00:00\",\"author\":{\"@id\":\"https:\\\/\\\/www.life-belini.be\\\/nl\\\/#\\\/schema\\\/person\\\/84a9c6d38af471fa4c482917c2aa2b5b\"},\"breadcrumb\":{\"@id\":\"https:\\\/\\\/www.life-belini.be\\\/fr\\\/en-2025-les-etangs-du-roi-et-la-vallee-de-lijse-recueilleront-a-nouveau-de-leau-de-pluie-propre-provenant-de-la-voirie\\\/#breadcrumb\"},\"inLanguage\":\"fr-FR\",\"potentialAction\":[{\"@type\":\"ReadAction\",\"target\":[\"https:\\\/\\\/www.life-belini.be\\\/fr\\\/en-2025-les-etangs-du-roi-et-la-vallee-de-lijse-recueilleront-a-nouveau-de-leau-de-pluie-propre-provenant-de-la-voirie\\\/\"]}]},{\"@type\":\"ImageObject\",\"inLanguage\":\"fr-FR\",\"@id\":\"https:\\\/\\\/www.life-belini.be\\\/fr\\\/en-2025-les-etangs-du-roi-et-la-vallee-de-lijse-recueilleront-a-nouveau-de-leau-de-pluie-propre-provenant-de-la-voirie\\\/#primaryimage\",\"url\":\"https:\\\/\\\/www.life-belini.be\\\/wp-content\\\/uploads\\\/2024\\\/07\\\/SitueringLocatieKoningsvijvers_map.jpg\",\"contentUrl\":\"https:\\\/\\\/www.life-belini.be\\\/wp-content\\\/uploads\\\/2024\\\/07\\\/SitueringLocatieKoningsvijvers_map.jpg\",\"width\":636,\"height\":354,\"caption\":\"Location roadwater purification\"},{\"@type\":\"BreadcrumbList\",\"@id\":\"https:\\\/\\\/www.life-belini.be\\\/fr\\\/en-2025-les-etangs-du-roi-et-la-vallee-de-lijse-recueilleront-a-nouveau-de-leau-de-pluie-propre-provenant-de-la-voirie\\\/#breadcrumb\",\"itemListElement\":[{\"@type\":\"ListItem\",\"position\":1,\"name\":\"Home\",\"item\":\"https:\\\/\\\/www.life-belini.be\\\/fr\\\/home-2\\\/\"},{\"@type\":\"ListItem\",\"position\":2,\"name\":\"En 2025, les \u00e9tangs du Roi et la vall\u00e9e de l\u2019IJse recueilleront \u00e0 nouveau de l\u2019eau de pluie propre provenant de la voirie\"}]},{\"@type\":\"WebSite\",\"@id\":\"https:\\\/\\\/www.life-belini.be\\\/nl\\\/#website\",\"url\":\"https:\\\/\\\/www.life-belini.be\\\/nl\\\/\",\"name\":\"LIFE Belini\",\"description\":\"Belgian initiative for making a leap forward towards good status in the river basin district of the Scheldt\",\"potentialAction\":[{\"@type\":\"SearchAction\",\"target\":{\"@type\":\"EntryPoint\",\"urlTemplate\":\"https:\\\/\\\/www.life-belini.be\\\/nl\\\/?s={search_term_string}\"},\"query-input\":{\"@type\":\"PropertyValueSpecification\",\"valueRequired\":true,\"valueName\":\"search_term_string\"}}],\"inLanguage\":\"fr-FR\"},{\"@type\":\"Person\",\"@id\":\"https:\\\/\\\/www.life-belini.be\\\/nl\\\/#\\\/schema\\\/person\\\/84a9c6d38af471fa4c482917c2aa2b5b\",\"name\":\"Maureen Nuyts\",\"url\":\"https:\\\/\\\/www.life-belini.be\\\/fr\\\/author\\\/maureen-nuyts\\\/\"}]}<\/script>\n<!-- \/ Yoast SEO plugin. -->","yoast_head_json":{"title":"En 2025, les \u00e9tangs du Roi et la vall\u00e9e de l\u2019IJse recueilleront \u00e0 nouveau de l\u2019eau de pluie propre provenant de la voirie - LIFE Belini","robots":{"index":"index","follow":"follow","max-snippet":"max-snippet:-1","max-image-preview":"max-image-preview:large","max-video-preview":"max-video-preview:-1"},"canonical":"https:\/\/www.life-belini.be\/fr\/en-2025-les-etangs-du-roi-et-la-vallee-de-lijse-recueilleront-a-nouveau-de-leau-de-pluie-propre-provenant-de-la-voirie\/","og_locale":"fr_FR","og_type":"article","og_title":"En 2025, les \u00e9tangs du Roi et la vall\u00e9e de l\u2019IJse recueilleront \u00e0 nouveau de l\u2019eau de pluie propre provenant de la voirie - LIFE Belini","og_description":"Les \u00e9tangs du Roi forment une cha\u00eene de 12 \u00e9tangs. La zone source de l\u2019IJse les traverse et les alimente. Ils ont une valeur \u00e0 la fois paysag\u00e8re, culturelle et [&hellip;]","og_url":"https:\/\/www.life-belini.be\/fr\/en-2025-les-etangs-du-roi-et-la-vallee-de-lijse-recueilleront-a-nouveau-de-leau-de-pluie-propre-provenant-de-la-voirie\/","og_site_name":"LIFE Belini","article_published_time":"2024-06-17T13:00:00+00:00","article_modified_time":"2024-07-23T21:27:07+00:00","og_image":[{"width":636,"height":354,"url":"https:\/\/www.life-belini.be\/wp-content\/uploads\/2024\/07\/SitueringLocatieKoningsvijvers_map.jpg","type":"image\/jpeg"}],"author":"Maureen Nuyts","twitter_card":"summary_large_image","twitter_misc":{"\u00c9crit par":"Maureen Nuyts","Dur\u00e9e de lecture estim\u00e9e":"1 minute"},"schema":{"@context":"https:\/\/schema.org","@graph":[{"@type":"Article","@id":"https:\/\/www.life-belini.be\/fr\/en-2025-les-etangs-du-roi-et-la-vallee-de-lijse-recueilleront-a-nouveau-de-leau-de-pluie-propre-provenant-de-la-voirie\/#article","isPartOf":{"@id":"https:\/\/www.life-belini.be\/fr\/en-2025-les-etangs-du-roi-et-la-vallee-de-lijse-recueilleront-a-nouveau-de-leau-de-pluie-propre-provenant-de-la-voirie\/"},"author":{"name":"Maureen Nuyts","@id":"https:\/\/www.life-belini.be\/nl\/#\/schema\/person\/84a9c6d38af471fa4c482917c2aa2b5b"},"headline":"En 2025, les \u00e9tangs du Roi et la vall\u00e9e de l\u2019IJse recueilleront \u00e0 nouveau de l\u2019eau de pluie propre provenant de la voirie","datePublished":"2024-06-17T13:00:00+00:00","dateModified":"2024-07-23T21:27:07+00:00","mainEntityOfPage":{"@id":"https:\/\/www.life-belini.be\/fr\/en-2025-les-etangs-du-roi-et-la-vallee-de-lijse-recueilleront-a-nouveau-de-leau-de-pluie-propre-provenant-de-la-voirie\/"},"wordCount":85,"image":{"@id":"https:\/\/www.life-belini.be\/fr\/en-2025-les-etangs-du-roi-et-la-vallee-de-lijse-recueilleront-a-nouveau-de-leau-de-pluie-propre-provenant-de-la-voirie\/#primaryimage"},"thumbnailUrl":"https:\/\/www.life-belini.be\/wp-content\/uploads\/2024\/07\/SitueringLocatieKoningsvijvers_map.jpg","articleSection":["news fr"],"inLanguage":"fr-FR"},{"@type":"WebPage","@id":"https:\/\/www.life-belini.be\/fr\/en-2025-les-etangs-du-roi-et-la-vallee-de-lijse-recueilleront-a-nouveau-de-leau-de-pluie-propre-provenant-de-la-voirie\/","url":"https:\/\/www.life-belini.be\/fr\/en-2025-les-etangs-du-roi-et-la-vallee-de-lijse-recueilleront-a-nouveau-de-leau-de-pluie-propre-provenant-de-la-voirie\/","name":"En 2025, les \u00e9tangs du Roi et la vall\u00e9e de l\u2019IJse recueilleront \u00e0 nouveau de l\u2019eau de pluie propre provenant de la voirie - LIFE Belini","isPartOf":{"@id":"https:\/\/www.life-belini.be\/nl\/#website"},"primaryImageOfPage":{"@id":"https:\/\/www.life-belini.be\/fr\/en-2025-les-etangs-du-roi-et-la-vallee-de-lijse-recueilleront-a-nouveau-de-leau-de-pluie-propre-provenant-de-la-voirie\/#primaryimage"},"image":{"@id":"https:\/\/www.life-belini.be\/fr\/en-2025-les-etangs-du-roi-et-la-vallee-de-lijse-recueilleront-a-nouveau-de-leau-de-pluie-propre-provenant-de-la-voirie\/#primaryimage"},"thumbnailUrl":"https:\/\/www.life-belini.be\/wp-content\/uploads\/2024\/07\/SitueringLocatieKoningsvijvers_map.jpg","datePublished":"2024-06-17T13:00:00+00:00","dateModified":"2024-07-23T21:27:07+00:00","author":{"@id":"https:\/\/www.life-belini.be\/nl\/#\/schema\/person\/84a9c6d38af471fa4c482917c2aa2b5b"},"breadcrumb":{"@id":"https:\/\/www.life-belini.be\/fr\/en-2025-les-etangs-du-roi-et-la-vallee-de-lijse-recueilleront-a-nouveau-de-leau-de-pluie-propre-provenant-de-la-voirie\/#breadcrumb"},"inLanguage":"fr-FR","potentialAction":[{"@type":"ReadAction","target":["https:\/\/www.life-belini.be\/fr\/en-2025-les-etangs-du-roi-et-la-vallee-de-lijse-recueilleront-a-nouveau-de-leau-de-pluie-propre-provenant-de-la-voirie\/"]}]},{"@type":"ImageObject","inLanguage":"fr-FR","@id":"https:\/\/www.life-belini.be\/fr\/en-2025-les-etangs-du-roi-et-la-vallee-de-lijse-recueilleront-a-nouveau-de-leau-de-pluie-propre-provenant-de-la-voirie\/#primaryimage","url":"https:\/\/www.life-belini.be\/wp-content\/uploads\/2024\/07\/SitueringLocatieKoningsvijvers_map.jpg","contentUrl":"https:\/\/www.life-belini.be\/wp-content\/uploads\/2024\/07\/SitueringLocatieKoningsvijvers_map.jpg","width":636,"height":354,"caption":"Location roadwater purification"},{"@type":"BreadcrumbList","@id":"https:\/\/www.life-belini.be\/fr\/en-2025-les-etangs-du-roi-et-la-vallee-de-lijse-recueilleront-a-nouveau-de-leau-de-pluie-propre-provenant-de-la-voirie\/#breadcrumb","itemListElement":[{"@type":"ListItem","position":1,"name":"Home","item":"https:\/\/www.life-belini.be\/fr\/home-2\/"},{"@type":"ListItem","position":2,"name":"En 2025, les \u00e9tangs du Roi et la vall\u00e9e de l\u2019IJse recueilleront \u00e0 nouveau de l\u2019eau de pluie propre provenant de la voirie"}]},{"@type":"WebSite","@id":"https:\/\/www.life-belini.be\/nl\/#website","url":"https:\/\/www.life-belini.be\/nl\/","name":"LIFE Belini","description":"Belgian initiative for making a leap forward towards good status in the river basin district of the Scheldt","potentialAction":[{"@type":"SearchAction","target":{"@type":"EntryPoint","urlTemplate":"https:\/\/www.life-belini.be\/nl\/?s={search_term_string}"},"query-input":{"@type":"PropertyValueSpecification","valueRequired":true,"valueName":"search_term_string"}}],"inLanguage":"fr-FR"},{"@type":"Person","@id":"https:\/\/www.life-belini.be\/nl\/#\/schema\/person\/84a9c6d38af471fa4c482917c2aa2b5b","name":"Maureen Nuyts","url":"https:\/\/www.life-belini.be\/fr\/author\/maureen-nuyts\/"}]}},"_links":{"self":[{"href":"https:\/\/www.life-belini.be\/fr\/wp-json\/wp\/v2\/posts\/8508","targetHints":{"allow":["GET"]}}],"collection":[{"href":"https:\/\/www.life-belini.be\/fr\/wp-json\/wp\/v2\/posts"}],"about":[{"href":"https:\/\/www.life-belini.be\/fr\/wp-json\/wp\/v2\/types\/post"}],"author":[{"embeddable":true,"href":"https:\/\/www.life-belini.be\/fr\/wp-json\/wp\/v2\/users\/6"}],"replies":[{"embeddable":true,"href":"https:\/\/www.life-belini.be\/fr\/wp-json\/wp\/v2\/comments?post=8508"}],"version-history":[{"count":2,"href":"https:\/\/www.life-belini.be\/fr\/wp-json\/wp\/v2\/posts\/8508\/revisions"}],"predecessor-version":[{"id":8618,"href":"https:\/\/www.life-belini.be\/fr\/wp-json\/wp\/v2\/posts\/8508\/revisions\/8618"}],"wp:featuredmedia":[{"embeddable":true,"href":"https:\/\/www.life-belini.be\/fr\/wp-json\/wp\/v2\/media\/8471"}],"wp:attachment":[{"href":"https:\/\/www.life-belini.be\/fr\/wp-json\/wp\/v2\/media?parent=8508"}],"wp:term":[{"taxonomy":"category","embeddable":true,"href":"https:\/\/www.life-belini.be\/fr\/wp-json\/wp\/v2\/categories?post=8508"},{"taxonomy":"post_tag","embeddable":true,"href":"https:\/\/www.life-belini.be\/fr\/wp-json\/wp\/v2\/tags?post=8508"}],"curies":[{"name":"wp","href":"https:\/\/api.w.org\/{rel}","templated":true}]}}