{"id":8425,"date":"2024-05-29T14:13:01","date_gmt":"2024-05-29T14:13:01","guid":{"rendered":"https:\/\/www.life-belini.be\/waterdiertjes-spotten-in-overijse-en-sint-stevens-woluwe\/"},"modified":"2024-07-23T21:13:54","modified_gmt":"2024-07-23T21:13:54","slug":"observer-les-animaux-aquatiques-a-overijse-et-dans-le-nouveau-parc-de-woluwe-saint-etienne","status":"publish","type":"post","link":"https:\/\/www.life-belini.be\/fr\/observer-les-animaux-aquatiques-a-overijse-et-dans-le-nouveau-parc-de-woluwe-saint-etienne\/","title":{"rendered":"Observer les animaux aquatiques \u00e0 Overijse et dans le nouveau parc de Woluwe-Saint-\u00c9tienne"},"content":{"rendered":"<p><strong>Lors de la journ\u00e9e du patrimoine du 21 avril 2024, les travaux de l\u2019Agence flamande terrienne dans le cadre de la r\u00e9novation rurale de la vall\u00e9e de l\u2019IJse au parc du ch\u00e2teau de l\u2019Isque ont \u00e9t\u00e9 inaugur\u00e9s en collaboration avec les communes d\u2019Overijse et l\u2019\u00e9cole \u2018t Kasteeltje. Le dimanche 26 mai, le nouveau parc de la vall\u00e9e de la Woluwe \u00e0 Woluwe-Saint-\u00c9tienne a \u00e9t\u00e9 inaugur\u00e9 en grande pompe.<\/strong><\/p>\n","protected":false},"excerpt":{"rendered":"<p>Lors de la journ\u00e9e du patrimoine du 21 avril 2024, les travaux de l\u2019Agence flamande terrienne dans le cadre de la r\u00e9novation rurale de la vall\u00e9e de l\u2019IJse au parc [&hellip;]<\/p>\n","protected":false},"author":6,"featured_media":8418,"comment_status":"closed","ping_status":"closed","sticky":false,"template":"","format":"standard","meta":{"_acf_changed":false,"_exactmetrics_skip_tracking":false,"_exactmetrics_sitenote_active":false,"_exactmetrics_sitenote_note":"","_exactmetrics_sitenote_category":0,"footnotes":""},"categories":[30],"tags":[],"class_list":["post-8425","post","type-post","status-publish","format-standard","has-post-thumbnail","hentry","category-news-fr"],"acf":[],"yoast_head":"<!-- This site is optimized with the Yoast SEO plugin v27.4 - https:\/\/yoast.com\/product\/yoast-seo-wordpress\/ -->\n<title>Observer les animaux aquatiques \u00e0 Overijse et dans le nouveau parc de Woluwe-Saint-\u00c9tienne - LIFE Belini<\/title>\n<meta name=\"robots\" content=\"index, follow, max-snippet:-1, max-image-preview:large, max-video-preview:-1\" \/>\n<link rel=\"canonical\" href=\"https:\/\/www.life-belini.be\/fr\/observer-les-animaux-aquatiques-a-overijse-et-dans-le-nouveau-parc-de-woluwe-saint-etienne\/\" \/>\n<meta property=\"og:locale\" content=\"fr_FR\" \/>\n<meta property=\"og:type\" content=\"article\" \/>\n<meta property=\"og:title\" content=\"Observer les animaux aquatiques \u00e0 Overijse et dans le nouveau parc de Woluwe-Saint-\u00c9tienne - LIFE Belini\" \/>\n<meta property=\"og:description\" content=\"Lors de la journ\u00e9e du patrimoine du 21 avril 2024, les travaux de l\u2019Agence flamande terrienne dans le cadre de la r\u00e9novation rurale de la vall\u00e9e de l\u2019IJse au parc [&hellip;]\" \/>\n<meta property=\"og:url\" content=\"https:\/\/www.life-belini.be\/fr\/observer-les-animaux-aquatiques-a-overijse-et-dans-le-nouveau-parc-de-woluwe-saint-etienne\/\" \/>\n<meta property=\"og:site_name\" content=\"LIFE Belini\" \/>\n<meta property=\"article:published_time\" content=\"2024-05-29T14:13:01+00:00\" \/>\n<meta property=\"article:modified_time\" content=\"2024-07-23T21:13:54+00:00\" \/>\n<meta property=\"og:image\" content=\"https:\/\/www.life-belini.be\/wp-content\/uploads\/2024\/07\/woluwedal_web009.jpg\" \/>\n\t<meta property=\"og:image:width\" content=\"1472\" \/>\n\t<meta property=\"og:image:height\" content=\"680\" \/>\n\t<meta property=\"og:image:type\" content=\"image\/jpeg\" \/>\n<meta name=\"author\" content=\"Maureen Nuyts\" \/>\n<meta name=\"twitter:card\" content=\"summary_large_image\" \/>\n<meta name=\"twitter:label1\" content=\"\u00c9crit par\" \/>\n\t<meta name=\"twitter:data1\" content=\"Maureen Nuyts\" \/>\n\t<meta name=\"twitter:label2\" content=\"Dur\u00e9e de lecture estim\u00e9e\" \/>\n\t<meta name=\"twitter:data2\" content=\"1 minute\" \/>\n<script type=\"application\/ld+json\" class=\"yoast-schema-graph\">{\"@context\":\"https:\\\/\\\/schema.org\",\"@graph\":[{\"@type\":\"Article\",\"@id\":\"https:\\\/\\\/www.life-belini.be\\\/fr\\\/observer-les-animaux-aquatiques-a-overijse-et-dans-le-nouveau-parc-de-woluwe-saint-etienne\\\/#article\",\"isPartOf\":{\"@id\":\"https:\\\/\\\/www.life-belini.be\\\/fr\\\/observer-les-animaux-aquatiques-a-overijse-et-dans-le-nouveau-parc-de-woluwe-saint-etienne\\\/\"},\"author\":{\"name\":\"Maureen Nuyts\",\"@id\":\"https:\\\/\\\/www.life-belini.be\\\/nl\\\/#\\\/schema\\\/person\\\/84a9c6d38af471fa4c482917c2aa2b5b\"},\"headline\":\"Observer les animaux aquatiques \u00e0 Overijse et dans le nouveau parc de Woluwe-Saint-\u00c9tienne\",\"datePublished\":\"2024-05-29T14:13:01+00:00\",\"dateModified\":\"2024-07-23T21:13:54+00:00\",\"mainEntityOfPage\":{\"@id\":\"https:\\\/\\\/www.life-belini.be\\\/fr\\\/observer-les-animaux-aquatiques-a-overijse-et-dans-le-nouveau-parc-de-woluwe-saint-etienne\\\/\"},\"wordCount\":89,\"image\":{\"@id\":\"https:\\\/\\\/www.life-belini.be\\\/fr\\\/observer-les-animaux-aquatiques-a-overijse-et-dans-le-nouveau-parc-de-woluwe-saint-etienne\\\/#primaryimage\"},\"thumbnailUrl\":\"https:\\\/\\\/www.life-belini.be\\\/wp-content\\\/uploads\\\/2024\\\/07\\\/woluwedal_web009.jpg\",\"articleSection\":[\"news fr\"],\"inLanguage\":\"fr-FR\"},{\"@type\":\"WebPage\",\"@id\":\"https:\\\/\\\/www.life-belini.be\\\/fr\\\/observer-les-animaux-aquatiques-a-overijse-et-dans-le-nouveau-parc-de-woluwe-saint-etienne\\\/\",\"url\":\"https:\\\/\\\/www.life-belini.be\\\/fr\\\/observer-les-animaux-aquatiques-a-overijse-et-dans-le-nouveau-parc-de-woluwe-saint-etienne\\\/\",\"name\":\"Observer les animaux aquatiques \u00e0 Overijse et dans le nouveau parc de Woluwe-Saint-\u00c9tienne - LIFE Belini\",\"isPartOf\":{\"@id\":\"https:\\\/\\\/www.life-belini.be\\\/nl\\\/#website\"},\"primaryImageOfPage\":{\"@id\":\"https:\\\/\\\/www.life-belini.be\\\/fr\\\/observer-les-animaux-aquatiques-a-overijse-et-dans-le-nouveau-parc-de-woluwe-saint-etienne\\\/#primaryimage\"},\"image\":{\"@id\":\"https:\\\/\\\/www.life-belini.be\\\/fr\\\/observer-les-animaux-aquatiques-a-overijse-et-dans-le-nouveau-parc-de-woluwe-saint-etienne\\\/#primaryimage\"},\"thumbnailUrl\":\"https:\\\/\\\/www.life-belini.be\\\/wp-content\\\/uploads\\\/2024\\\/07\\\/woluwedal_web009.jpg\",\"datePublished\":\"2024-05-29T14:13:01+00:00\",\"dateModified\":\"2024-07-23T21:13:54+00:00\",\"author\":{\"@id\":\"https:\\\/\\\/www.life-belini.be\\\/nl\\\/#\\\/schema\\\/person\\\/84a9c6d38af471fa4c482917c2aa2b5b\"},\"breadcrumb\":{\"@id\":\"https:\\\/\\\/www.life-belini.be\\\/fr\\\/observer-les-animaux-aquatiques-a-overijse-et-dans-le-nouveau-parc-de-woluwe-saint-etienne\\\/#breadcrumb\"},\"inLanguage\":\"fr-FR\",\"potentialAction\":[{\"@type\":\"ReadAction\",\"target\":[\"https:\\\/\\\/www.life-belini.be\\\/fr\\\/observer-les-animaux-aquatiques-a-overijse-et-dans-le-nouveau-parc-de-woluwe-saint-etienne\\\/\"]}]},{\"@type\":\"ImageObject\",\"inLanguage\":\"fr-FR\",\"@id\":\"https:\\\/\\\/www.life-belini.be\\\/fr\\\/observer-les-animaux-aquatiques-a-overijse-et-dans-le-nouveau-parc-de-woluwe-saint-etienne\\\/#primaryimage\",\"url\":\"https:\\\/\\\/www.life-belini.be\\\/wp-content\\\/uploads\\\/2024\\\/07\\\/woluwedal_web009.jpg\",\"contentUrl\":\"https:\\\/\\\/www.life-belini.be\\\/wp-content\\\/uploads\\\/2024\\\/07\\\/woluwedal_web009.jpg\",\"width\":1472,\"height\":680},{\"@type\":\"BreadcrumbList\",\"@id\":\"https:\\\/\\\/www.life-belini.be\\\/fr\\\/observer-les-animaux-aquatiques-a-overijse-et-dans-le-nouveau-parc-de-woluwe-saint-etienne\\\/#breadcrumb\",\"itemListElement\":[{\"@type\":\"ListItem\",\"position\":1,\"name\":\"Home\",\"item\":\"https:\\\/\\\/www.life-belini.be\\\/fr\\\/home-2\\\/\"},{\"@type\":\"ListItem\",\"position\":2,\"name\":\"Observer les animaux aquatiques \u00e0 Overijse et dans le nouveau parc de Woluwe-Saint-\u00c9tienne\"}]},{\"@type\":\"WebSite\",\"@id\":\"https:\\\/\\\/www.life-belini.be\\\/nl\\\/#website\",\"url\":\"https:\\\/\\\/www.life-belini.be\\\/nl\\\/\",\"name\":\"LIFE Belini\",\"description\":\"Belgian initiative for making a leap forward towards good status in the river basin district of the Scheldt\",\"potentialAction\":[{\"@type\":\"SearchAction\",\"target\":{\"@type\":\"EntryPoint\",\"urlTemplate\":\"https:\\\/\\\/www.life-belini.be\\\/nl\\\/?s={search_term_string}\"},\"query-input\":{\"@type\":\"PropertyValueSpecification\",\"valueRequired\":true,\"valueName\":\"search_term_string\"}}],\"inLanguage\":\"fr-FR\"},{\"@type\":\"Person\",\"@id\":\"https:\\\/\\\/www.life-belini.be\\\/nl\\\/#\\\/schema\\\/person\\\/84a9c6d38af471fa4c482917c2aa2b5b\",\"name\":\"Maureen Nuyts\",\"url\":\"https:\\\/\\\/www.life-belini.be\\\/fr\\\/author\\\/maureen-nuyts\\\/\"}]}<\/script>\n<!-- \/ Yoast SEO plugin. -->","yoast_head_json":{"title":"Observer les animaux aquatiques \u00e0 Overijse et dans le nouveau parc de Woluwe-Saint-\u00c9tienne - LIFE Belini","robots":{"index":"index","follow":"follow","max-snippet":"max-snippet:-1","max-image-preview":"max-image-preview:large","max-video-preview":"max-video-preview:-1"},"canonical":"https:\/\/www.life-belini.be\/fr\/observer-les-animaux-aquatiques-a-overijse-et-dans-le-nouveau-parc-de-woluwe-saint-etienne\/","og_locale":"fr_FR","og_type":"article","og_title":"Observer les animaux aquatiques \u00e0 Overijse et dans le nouveau parc de Woluwe-Saint-\u00c9tienne - LIFE Belini","og_description":"Lors de la journ\u00e9e du patrimoine du 21 avril 2024, les travaux de l\u2019Agence flamande terrienne dans le cadre de la r\u00e9novation rurale de la vall\u00e9e de l\u2019IJse au parc [&hellip;]","og_url":"https:\/\/www.life-belini.be\/fr\/observer-les-animaux-aquatiques-a-overijse-et-dans-le-nouveau-parc-de-woluwe-saint-etienne\/","og_site_name":"LIFE Belini","article_published_time":"2024-05-29T14:13:01+00:00","article_modified_time":"2024-07-23T21:13:54+00:00","og_image":[{"width":1472,"height":680,"url":"https:\/\/www.life-belini.be\/wp-content\/uploads\/2024\/07\/woluwedal_web009.jpg","type":"image\/jpeg"}],"author":"Maureen Nuyts","twitter_card":"summary_large_image","twitter_misc":{"\u00c9crit par":"Maureen Nuyts","Dur\u00e9e de lecture estim\u00e9e":"1 minute"},"schema":{"@context":"https:\/\/schema.org","@graph":[{"@type":"Article","@id":"https:\/\/www.life-belini.be\/fr\/observer-les-animaux-aquatiques-a-overijse-et-dans-le-nouveau-parc-de-woluwe-saint-etienne\/#article","isPartOf":{"@id":"https:\/\/www.life-belini.be\/fr\/observer-les-animaux-aquatiques-a-overijse-et-dans-le-nouveau-parc-de-woluwe-saint-etienne\/"},"author":{"name":"Maureen Nuyts","@id":"https:\/\/www.life-belini.be\/nl\/#\/schema\/person\/84a9c6d38af471fa4c482917c2aa2b5b"},"headline":"Observer les animaux aquatiques \u00e0 Overijse et dans le nouveau parc de Woluwe-Saint-\u00c9tienne","datePublished":"2024-05-29T14:13:01+00:00","dateModified":"2024-07-23T21:13:54+00:00","mainEntityOfPage":{"@id":"https:\/\/www.life-belini.be\/fr\/observer-les-animaux-aquatiques-a-overijse-et-dans-le-nouveau-parc-de-woluwe-saint-etienne\/"},"wordCount":89,"image":{"@id":"https:\/\/www.life-belini.be\/fr\/observer-les-animaux-aquatiques-a-overijse-et-dans-le-nouveau-parc-de-woluwe-saint-etienne\/#primaryimage"},"thumbnailUrl":"https:\/\/www.life-belini.be\/wp-content\/uploads\/2024\/07\/woluwedal_web009.jpg","articleSection":["news fr"],"inLanguage":"fr-FR"},{"@type":"WebPage","@id":"https:\/\/www.life-belini.be\/fr\/observer-les-animaux-aquatiques-a-overijse-et-dans-le-nouveau-parc-de-woluwe-saint-etienne\/","url":"https:\/\/www.life-belini.be\/fr\/observer-les-animaux-aquatiques-a-overijse-et-dans-le-nouveau-parc-de-woluwe-saint-etienne\/","name":"Observer les animaux aquatiques \u00e0 Overijse et dans le nouveau parc de Woluwe-Saint-\u00c9tienne - LIFE Belini","isPartOf":{"@id":"https:\/\/www.life-belini.be\/nl\/#website"},"primaryImageOfPage":{"@id":"https:\/\/www.life-belini.be\/fr\/observer-les-animaux-aquatiques-a-overijse-et-dans-le-nouveau-parc-de-woluwe-saint-etienne\/#primaryimage"},"image":{"@id":"https:\/\/www.life-belini.be\/fr\/observer-les-animaux-aquatiques-a-overijse-et-dans-le-nouveau-parc-de-woluwe-saint-etienne\/#primaryimage"},"thumbnailUrl":"https:\/\/www.life-belini.be\/wp-content\/uploads\/2024\/07\/woluwedal_web009.jpg","datePublished":"2024-05-29T14:13:01+00:00","dateModified":"2024-07-23T21:13:54+00:00","author":{"@id":"https:\/\/www.life-belini.be\/nl\/#\/schema\/person\/84a9c6d38af471fa4c482917c2aa2b5b"},"breadcrumb":{"@id":"https:\/\/www.life-belini.be\/fr\/observer-les-animaux-aquatiques-a-overijse-et-dans-le-nouveau-parc-de-woluwe-saint-etienne\/#breadcrumb"},"inLanguage":"fr-FR","potentialAction":[{"@type":"ReadAction","target":["https:\/\/www.life-belini.be\/fr\/observer-les-animaux-aquatiques-a-overijse-et-dans-le-nouveau-parc-de-woluwe-saint-etienne\/"]}]},{"@type":"ImageObject","inLanguage":"fr-FR","@id":"https:\/\/www.life-belini.be\/fr\/observer-les-animaux-aquatiques-a-overijse-et-dans-le-nouveau-parc-de-woluwe-saint-etienne\/#primaryimage","url":"https:\/\/www.life-belini.be\/wp-content\/uploads\/2024\/07\/woluwedal_web009.jpg","contentUrl":"https:\/\/www.life-belini.be\/wp-content\/uploads\/2024\/07\/woluwedal_web009.jpg","width":1472,"height":680},{"@type":"BreadcrumbList","@id":"https:\/\/www.life-belini.be\/fr\/observer-les-animaux-aquatiques-a-overijse-et-dans-le-nouveau-parc-de-woluwe-saint-etienne\/#breadcrumb","itemListElement":[{"@type":"ListItem","position":1,"name":"Home","item":"https:\/\/www.life-belini.be\/fr\/home-2\/"},{"@type":"ListItem","position":2,"name":"Observer les animaux aquatiques \u00e0 Overijse et dans le nouveau parc de Woluwe-Saint-\u00c9tienne"}]},{"@type":"WebSite","@id":"https:\/\/www.life-belini.be\/nl\/#website","url":"https:\/\/www.life-belini.be\/nl\/","name":"LIFE Belini","description":"Belgian initiative for making a leap forward towards good status in the river basin district of the Scheldt","potentialAction":[{"@type":"SearchAction","target":{"@type":"EntryPoint","urlTemplate":"https:\/\/www.life-belini.be\/nl\/?s={search_term_string}"},"query-input":{"@type":"PropertyValueSpecification","valueRequired":true,"valueName":"search_term_string"}}],"inLanguage":"fr-FR"},{"@type":"Person","@id":"https:\/\/www.life-belini.be\/nl\/#\/schema\/person\/84a9c6d38af471fa4c482917c2aa2b5b","name":"Maureen Nuyts","url":"https:\/\/www.life-belini.be\/fr\/author\/maureen-nuyts\/"}]}},"_links":{"self":[{"href":"https:\/\/www.life-belini.be\/fr\/wp-json\/wp\/v2\/posts\/8425","targetHints":{"allow":["GET"]}}],"collection":[{"href":"https:\/\/www.life-belini.be\/fr\/wp-json\/wp\/v2\/posts"}],"about":[{"href":"https:\/\/www.life-belini.be\/fr\/wp-json\/wp\/v2\/types\/post"}],"author":[{"embeddable":true,"href":"https:\/\/www.life-belini.be\/fr\/wp-json\/wp\/v2\/users\/6"}],"replies":[{"embeddable":true,"href":"https:\/\/www.life-belini.be\/fr\/wp-json\/wp\/v2\/comments?post=8425"}],"version-history":[{"count":4,"href":"https:\/\/www.life-belini.be\/fr\/wp-json\/wp\/v2\/posts\/8425\/revisions"}],"predecessor-version":[{"id":8611,"href":"https:\/\/www.life-belini.be\/fr\/wp-json\/wp\/v2\/posts\/8425\/revisions\/8611"}],"wp:featuredmedia":[{"embeddable":true,"href":"https:\/\/www.life-belini.be\/fr\/wp-json\/wp\/v2\/media\/8418"}],"wp:attachment":[{"href":"https:\/\/www.life-belini.be\/fr\/wp-json\/wp\/v2\/media?parent=8425"}],"wp:term":[{"taxonomy":"category","embeddable":true,"href":"https:\/\/www.life-belini.be\/fr\/wp-json\/wp\/v2\/categories?post=8425"},{"taxonomy":"post_tag","embeddable":true,"href":"https:\/\/www.life-belini.be\/fr\/wp-json\/wp\/v2\/tags?post=8425"}],"curies":[{"name":"wp","href":"https:\/\/api.w.org\/{rel}","templated":true}]}}