{"id":8213,"date":"2024-02-28T17:03:13","date_gmt":"2024-02-28T17:03:13","guid":{"rendered":"https:\/\/www.life-belini.be\/brussel-viert-wereldwaterdag-met-conferentie-waterkwaliteit-en-levenskwaliteit-in-de-stad\/"},"modified":"2024-02-28T17:39:54","modified_gmt":"2024-02-28T17:39:54","slug":"bruxelles-celebre-la-journee-mondiale-de-leau-avec-une-conference-sur-la-qualite-de-leau-et-la-qualite-de-vie-dans-la-ville","status":"publish","type":"post","link":"https:\/\/www.life-belini.be\/fr\/bruxelles-celebre-la-journee-mondiale-de-leau-avec-une-conference-sur-la-qualite-de-leau-et-la-qualite-de-vie-dans-la-ville\/","title":{"rendered":"Bruxelles c\u00e9l\u00e8bre la Journ\u00e9e mondiale de l&rsquo;eau avec une conf\u00e9rence sur la qualit\u00e9 de l&rsquo;eau et la qualit\u00e9 de vie dans la ville"},"content":{"rendered":"<p><strong><span class=\"colored-text\">Dans le cadre de la Journ\u00e9e mondiale de l&rsquo;eau, Bruxelles Environnement organise une conf\u00e9rence sur le th\u00e8me \u00ab\u00a0Qualit\u00e9 de l\u2019eau et qualit\u00e9 de vie en ville : ensemble, relevons les d\u00e9fis r\u00e9gionaux ! Au programme, des conf\u00e9rences, des d\u00e9bats et des t\u00e9moignages sur la protection de l&rsquo;eau en ville, son impact sur notre qualit\u00e9 de vie, notre sant\u00e9 et notre environnement.<\/span><\/strong><\/p>\n<p>&nbsp;<\/p>\n","protected":false},"excerpt":{"rendered":"<p>Dans le cadre de la Journ\u00e9e mondiale de l&rsquo;eau, Bruxelles Environnement organise une conf\u00e9rence sur le th\u00e8me \u00ab\u00a0Qualit\u00e9 de l\u2019eau et qualit\u00e9 de vie en ville : ensemble, relevons les [&hellip;]<\/p>\n","protected":false},"author":6,"featured_media":4677,"comment_status":"closed","ping_status":"closed","sticky":false,"template":"","format":"standard","meta":{"_acf_changed":false,"_exactmetrics_skip_tracking":false,"_exactmetrics_sitenote_active":false,"_exactmetrics_sitenote_note":"","_exactmetrics_sitenote_category":0,"footnotes":""},"categories":[30],"tags":[],"class_list":["post-8213","post","type-post","status-publish","format-standard","has-post-thumbnail","hentry","category-news-fr"],"acf":[],"yoast_head":"<!-- This site is optimized with the Yoast SEO plugin v27.4 - https:\/\/yoast.com\/product\/yoast-seo-wordpress\/ -->\n<title>Bruxelles c\u00e9l\u00e8bre la Journ\u00e9e mondiale de l&#039;eau avec une conf\u00e9rence sur la qualit\u00e9 de l&#039;eau et la qualit\u00e9 de vie dans la ville - LIFE Belini<\/title>\n<meta name=\"robots\" content=\"index, follow, max-snippet:-1, max-image-preview:large, max-video-preview:-1\" \/>\n<link rel=\"canonical\" href=\"https:\/\/www.life-belini.be\/fr\/bruxelles-celebre-la-journee-mondiale-de-leau-avec-une-conference-sur-la-qualite-de-leau-et-la-qualite-de-vie-dans-la-ville\/\" \/>\n<meta property=\"og:locale\" content=\"fr_FR\" \/>\n<meta property=\"og:type\" content=\"article\" \/>\n<meta property=\"og:title\" content=\"Bruxelles c\u00e9l\u00e8bre la Journ\u00e9e mondiale de l&#039;eau avec une conf\u00e9rence sur la qualit\u00e9 de l&#039;eau et la qualit\u00e9 de vie dans la ville - LIFE Belini\" \/>\n<meta property=\"og:description\" content=\"Dans le cadre de la Journ\u00e9e mondiale de l&rsquo;eau, Bruxelles Environnement organise une conf\u00e9rence sur le th\u00e8me \u00ab\u00a0Qualit\u00e9 de l\u2019eau et qualit\u00e9 de vie en ville : ensemble, relevons les [&hellip;]\" \/>\n<meta property=\"og:url\" content=\"https:\/\/www.life-belini.be\/fr\/bruxelles-celebre-la-journee-mondiale-de-leau-avec-une-conference-sur-la-qualite-de-leau-et-la-qualite-de-vie-dans-la-ville\/\" \/>\n<meta property=\"og:site_name\" content=\"LIFE Belini\" \/>\n<meta property=\"article:published_time\" content=\"2024-02-28T17:03:13+00:00\" \/>\n<meta property=\"article:modified_time\" content=\"2024-02-28T17:39:54+00:00\" \/>\n<meta property=\"og:image\" content=\"https:\/\/www.life-belini.be\/wp-content\/uploads\/IMG_20200309_113105643-scaled-e1594922630860.jpg\" \/>\n\t<meta property=\"og:image:width\" content=\"2560\" \/>\n\t<meta property=\"og:image:height\" content=\"1920\" \/>\n\t<meta property=\"og:image:type\" content=\"image\/jpeg\" \/>\n<meta name=\"author\" content=\"Maureen Nuyts\" \/>\n<meta name=\"twitter:card\" content=\"summary_large_image\" \/>\n<meta name=\"twitter:label1\" content=\"\u00c9crit par\" \/>\n\t<meta name=\"twitter:data1\" content=\"Maureen Nuyts\" \/>\n\t<meta name=\"twitter:label2\" content=\"Dur\u00e9e de lecture estim\u00e9e\" \/>\n\t<meta name=\"twitter:data2\" content=\"1 minute\" \/>\n<script type=\"application\/ld+json\" class=\"yoast-schema-graph\">{\"@context\":\"https:\\\/\\\/schema.org\",\"@graph\":[{\"@type\":\"Article\",\"@id\":\"https:\\\/\\\/www.life-belini.be\\\/fr\\\/bruxelles-celebre-la-journee-mondiale-de-leau-avec-une-conference-sur-la-qualite-de-leau-et-la-qualite-de-vie-dans-la-ville\\\/#article\",\"isPartOf\":{\"@id\":\"https:\\\/\\\/www.life-belini.be\\\/fr\\\/bruxelles-celebre-la-journee-mondiale-de-leau-avec-une-conference-sur-la-qualite-de-leau-et-la-qualite-de-vie-dans-la-ville\\\/\"},\"author\":{\"name\":\"Maureen Nuyts\",\"@id\":\"https:\\\/\\\/www.life-belini.be\\\/nl\\\/#\\\/schema\\\/person\\\/84a9c6d38af471fa4c482917c2aa2b5b\"},\"headline\":\"Bruxelles c\u00e9l\u00e8bre la Journ\u00e9e mondiale de l&rsquo;eau avec une conf\u00e9rence sur la qualit\u00e9 de l&rsquo;eau et la qualit\u00e9 de vie dans la ville\",\"datePublished\":\"2024-02-28T17:03:13+00:00\",\"dateModified\":\"2024-02-28T17:39:54+00:00\",\"mainEntityOfPage\":{\"@id\":\"https:\\\/\\\/www.life-belini.be\\\/fr\\\/bruxelles-celebre-la-journee-mondiale-de-leau-avec-une-conference-sur-la-qualite-de-leau-et-la-qualite-de-vie-dans-la-ville\\\/\"},\"wordCount\":100,\"image\":{\"@id\":\"https:\\\/\\\/www.life-belini.be\\\/fr\\\/bruxelles-celebre-la-journee-mondiale-de-leau-avec-une-conference-sur-la-qualite-de-leau-et-la-qualite-de-vie-dans-la-ville\\\/#primaryimage\"},\"thumbnailUrl\":\"https:\\\/\\\/www.life-belini.be\\\/wp-content\\\/uploads\\\/IMG_20200309_113105643-scaled-e1594922630860.jpg\",\"articleSection\":[\"news fr\"],\"inLanguage\":\"fr-FR\"},{\"@type\":\"WebPage\",\"@id\":\"https:\\\/\\\/www.life-belini.be\\\/fr\\\/bruxelles-celebre-la-journee-mondiale-de-leau-avec-une-conference-sur-la-qualite-de-leau-et-la-qualite-de-vie-dans-la-ville\\\/\",\"url\":\"https:\\\/\\\/www.life-belini.be\\\/fr\\\/bruxelles-celebre-la-journee-mondiale-de-leau-avec-une-conference-sur-la-qualite-de-leau-et-la-qualite-de-vie-dans-la-ville\\\/\",\"name\":\"Bruxelles c\u00e9l\u00e8bre la Journ\u00e9e mondiale de l'eau avec une conf\u00e9rence sur la qualit\u00e9 de l'eau et la qualit\u00e9 de vie dans la ville - LIFE Belini\",\"isPartOf\":{\"@id\":\"https:\\\/\\\/www.life-belini.be\\\/nl\\\/#website\"},\"primaryImageOfPage\":{\"@id\":\"https:\\\/\\\/www.life-belini.be\\\/fr\\\/bruxelles-celebre-la-journee-mondiale-de-leau-avec-une-conference-sur-la-qualite-de-leau-et-la-qualite-de-vie-dans-la-ville\\\/#primaryimage\"},\"image\":{\"@id\":\"https:\\\/\\\/www.life-belini.be\\\/fr\\\/bruxelles-celebre-la-journee-mondiale-de-leau-avec-une-conference-sur-la-qualite-de-leau-et-la-qualite-de-vie-dans-la-ville\\\/#primaryimage\"},\"thumbnailUrl\":\"https:\\\/\\\/www.life-belini.be\\\/wp-content\\\/uploads\\\/IMG_20200309_113105643-scaled-e1594922630860.jpg\",\"datePublished\":\"2024-02-28T17:03:13+00:00\",\"dateModified\":\"2024-02-28T17:39:54+00:00\",\"author\":{\"@id\":\"https:\\\/\\\/www.life-belini.be\\\/nl\\\/#\\\/schema\\\/person\\\/84a9c6d38af471fa4c482917c2aa2b5b\"},\"breadcrumb\":{\"@id\":\"https:\\\/\\\/www.life-belini.be\\\/fr\\\/bruxelles-celebre-la-journee-mondiale-de-leau-avec-une-conference-sur-la-qualite-de-leau-et-la-qualite-de-vie-dans-la-ville\\\/#breadcrumb\"},\"inLanguage\":\"fr-FR\",\"potentialAction\":[{\"@type\":\"ReadAction\",\"target\":[\"https:\\\/\\\/www.life-belini.be\\\/fr\\\/bruxelles-celebre-la-journee-mondiale-de-leau-avec-une-conference-sur-la-qualite-de-leau-et-la-qualite-de-vie-dans-la-ville\\\/\"]}]},{\"@type\":\"ImageObject\",\"inLanguage\":\"fr-FR\",\"@id\":\"https:\\\/\\\/www.life-belini.be\\\/fr\\\/bruxelles-celebre-la-journee-mondiale-de-leau-avec-une-conference-sur-la-qualite-de-leau-et-la-qualite-de-vie-dans-la-ville\\\/#primaryimage\",\"url\":\"https:\\\/\\\/www.life-belini.be\\\/wp-content\\\/uploads\\\/IMG_20200309_113105643-scaled-e1594922630860.jpg\",\"contentUrl\":\"https:\\\/\\\/www.life-belini.be\\\/wp-content\\\/uploads\\\/IMG_20200309_113105643-scaled-e1594922630860.jpg\",\"width\":2560,\"height\":1920},{\"@type\":\"BreadcrumbList\",\"@id\":\"https:\\\/\\\/www.life-belini.be\\\/fr\\\/bruxelles-celebre-la-journee-mondiale-de-leau-avec-une-conference-sur-la-qualite-de-leau-et-la-qualite-de-vie-dans-la-ville\\\/#breadcrumb\",\"itemListElement\":[{\"@type\":\"ListItem\",\"position\":1,\"name\":\"Home\",\"item\":\"https:\\\/\\\/www.life-belini.be\\\/fr\\\/home-2\\\/\"},{\"@type\":\"ListItem\",\"position\":2,\"name\":\"Bruxelles c\u00e9l\u00e8bre la Journ\u00e9e mondiale de l&#8217;eau avec une conf\u00e9rence sur la qualit\u00e9 de l&#8217;eau et la qualit\u00e9 de vie dans la ville\"}]},{\"@type\":\"WebSite\",\"@id\":\"https:\\\/\\\/www.life-belini.be\\\/nl\\\/#website\",\"url\":\"https:\\\/\\\/www.life-belini.be\\\/nl\\\/\",\"name\":\"LIFE Belini\",\"description\":\"Belgian initiative for making a leap forward towards good status in the river basin district of the Scheldt\",\"potentialAction\":[{\"@type\":\"SearchAction\",\"target\":{\"@type\":\"EntryPoint\",\"urlTemplate\":\"https:\\\/\\\/www.life-belini.be\\\/nl\\\/?s={search_term_string}\"},\"query-input\":{\"@type\":\"PropertyValueSpecification\",\"valueRequired\":true,\"valueName\":\"search_term_string\"}}],\"inLanguage\":\"fr-FR\"},{\"@type\":\"Person\",\"@id\":\"https:\\\/\\\/www.life-belini.be\\\/nl\\\/#\\\/schema\\\/person\\\/84a9c6d38af471fa4c482917c2aa2b5b\",\"name\":\"Maureen Nuyts\",\"url\":\"https:\\\/\\\/www.life-belini.be\\\/fr\\\/author\\\/maureen-nuyts\\\/\"}]}<\/script>\n<!-- \/ Yoast SEO plugin. -->","yoast_head_json":{"title":"Bruxelles c\u00e9l\u00e8bre la Journ\u00e9e mondiale de l'eau avec une conf\u00e9rence sur la qualit\u00e9 de l'eau et la qualit\u00e9 de vie dans la ville - LIFE Belini","robots":{"index":"index","follow":"follow","max-snippet":"max-snippet:-1","max-image-preview":"max-image-preview:large","max-video-preview":"max-video-preview:-1"},"canonical":"https:\/\/www.life-belini.be\/fr\/bruxelles-celebre-la-journee-mondiale-de-leau-avec-une-conference-sur-la-qualite-de-leau-et-la-qualite-de-vie-dans-la-ville\/","og_locale":"fr_FR","og_type":"article","og_title":"Bruxelles c\u00e9l\u00e8bre la Journ\u00e9e mondiale de l'eau avec une conf\u00e9rence sur la qualit\u00e9 de l'eau et la qualit\u00e9 de vie dans la ville - LIFE Belini","og_description":"Dans le cadre de la Journ\u00e9e mondiale de l&rsquo;eau, Bruxelles Environnement organise une conf\u00e9rence sur le th\u00e8me \u00ab\u00a0Qualit\u00e9 de l\u2019eau et qualit\u00e9 de vie en ville : ensemble, relevons les [&hellip;]","og_url":"https:\/\/www.life-belini.be\/fr\/bruxelles-celebre-la-journee-mondiale-de-leau-avec-une-conference-sur-la-qualite-de-leau-et-la-qualite-de-vie-dans-la-ville\/","og_site_name":"LIFE Belini","article_published_time":"2024-02-28T17:03:13+00:00","article_modified_time":"2024-02-28T17:39:54+00:00","og_image":[{"width":2560,"height":1920,"url":"https:\/\/www.life-belini.be\/wp-content\/uploads\/IMG_20200309_113105643-scaled-e1594922630860.jpg","type":"image\/jpeg"}],"author":"Maureen Nuyts","twitter_card":"summary_large_image","twitter_misc":{"\u00c9crit par":"Maureen Nuyts","Dur\u00e9e de lecture estim\u00e9e":"1 minute"},"schema":{"@context":"https:\/\/schema.org","@graph":[{"@type":"Article","@id":"https:\/\/www.life-belini.be\/fr\/bruxelles-celebre-la-journee-mondiale-de-leau-avec-une-conference-sur-la-qualite-de-leau-et-la-qualite-de-vie-dans-la-ville\/#article","isPartOf":{"@id":"https:\/\/www.life-belini.be\/fr\/bruxelles-celebre-la-journee-mondiale-de-leau-avec-une-conference-sur-la-qualite-de-leau-et-la-qualite-de-vie-dans-la-ville\/"},"author":{"name":"Maureen Nuyts","@id":"https:\/\/www.life-belini.be\/nl\/#\/schema\/person\/84a9c6d38af471fa4c482917c2aa2b5b"},"headline":"Bruxelles c\u00e9l\u00e8bre la Journ\u00e9e mondiale de l&rsquo;eau avec une conf\u00e9rence sur la qualit\u00e9 de l&rsquo;eau et la qualit\u00e9 de vie dans la ville","datePublished":"2024-02-28T17:03:13+00:00","dateModified":"2024-02-28T17:39:54+00:00","mainEntityOfPage":{"@id":"https:\/\/www.life-belini.be\/fr\/bruxelles-celebre-la-journee-mondiale-de-leau-avec-une-conference-sur-la-qualite-de-leau-et-la-qualite-de-vie-dans-la-ville\/"},"wordCount":100,"image":{"@id":"https:\/\/www.life-belini.be\/fr\/bruxelles-celebre-la-journee-mondiale-de-leau-avec-une-conference-sur-la-qualite-de-leau-et-la-qualite-de-vie-dans-la-ville\/#primaryimage"},"thumbnailUrl":"https:\/\/www.life-belini.be\/wp-content\/uploads\/IMG_20200309_113105643-scaled-e1594922630860.jpg","articleSection":["news fr"],"inLanguage":"fr-FR"},{"@type":"WebPage","@id":"https:\/\/www.life-belini.be\/fr\/bruxelles-celebre-la-journee-mondiale-de-leau-avec-une-conference-sur-la-qualite-de-leau-et-la-qualite-de-vie-dans-la-ville\/","url":"https:\/\/www.life-belini.be\/fr\/bruxelles-celebre-la-journee-mondiale-de-leau-avec-une-conference-sur-la-qualite-de-leau-et-la-qualite-de-vie-dans-la-ville\/","name":"Bruxelles c\u00e9l\u00e8bre la Journ\u00e9e mondiale de l'eau avec une conf\u00e9rence sur la qualit\u00e9 de l'eau et la qualit\u00e9 de vie dans la ville - LIFE Belini","isPartOf":{"@id":"https:\/\/www.life-belini.be\/nl\/#website"},"primaryImageOfPage":{"@id":"https:\/\/www.life-belini.be\/fr\/bruxelles-celebre-la-journee-mondiale-de-leau-avec-une-conference-sur-la-qualite-de-leau-et-la-qualite-de-vie-dans-la-ville\/#primaryimage"},"image":{"@id":"https:\/\/www.life-belini.be\/fr\/bruxelles-celebre-la-journee-mondiale-de-leau-avec-une-conference-sur-la-qualite-de-leau-et-la-qualite-de-vie-dans-la-ville\/#primaryimage"},"thumbnailUrl":"https:\/\/www.life-belini.be\/wp-content\/uploads\/IMG_20200309_113105643-scaled-e1594922630860.jpg","datePublished":"2024-02-28T17:03:13+00:00","dateModified":"2024-02-28T17:39:54+00:00","author":{"@id":"https:\/\/www.life-belini.be\/nl\/#\/schema\/person\/84a9c6d38af471fa4c482917c2aa2b5b"},"breadcrumb":{"@id":"https:\/\/www.life-belini.be\/fr\/bruxelles-celebre-la-journee-mondiale-de-leau-avec-une-conference-sur-la-qualite-de-leau-et-la-qualite-de-vie-dans-la-ville\/#breadcrumb"},"inLanguage":"fr-FR","potentialAction":[{"@type":"ReadAction","target":["https:\/\/www.life-belini.be\/fr\/bruxelles-celebre-la-journee-mondiale-de-leau-avec-une-conference-sur-la-qualite-de-leau-et-la-qualite-de-vie-dans-la-ville\/"]}]},{"@type":"ImageObject","inLanguage":"fr-FR","@id":"https:\/\/www.life-belini.be\/fr\/bruxelles-celebre-la-journee-mondiale-de-leau-avec-une-conference-sur-la-qualite-de-leau-et-la-qualite-de-vie-dans-la-ville\/#primaryimage","url":"https:\/\/www.life-belini.be\/wp-content\/uploads\/IMG_20200309_113105643-scaled-e1594922630860.jpg","contentUrl":"https:\/\/www.life-belini.be\/wp-content\/uploads\/IMG_20200309_113105643-scaled-e1594922630860.jpg","width":2560,"height":1920},{"@type":"BreadcrumbList","@id":"https:\/\/www.life-belini.be\/fr\/bruxelles-celebre-la-journee-mondiale-de-leau-avec-une-conference-sur-la-qualite-de-leau-et-la-qualite-de-vie-dans-la-ville\/#breadcrumb","itemListElement":[{"@type":"ListItem","position":1,"name":"Home","item":"https:\/\/www.life-belini.be\/fr\/home-2\/"},{"@type":"ListItem","position":2,"name":"Bruxelles c\u00e9l\u00e8bre la Journ\u00e9e mondiale de l&#8217;eau avec une conf\u00e9rence sur la qualit\u00e9 de l&#8217;eau et la qualit\u00e9 de vie dans la ville"}]},{"@type":"WebSite","@id":"https:\/\/www.life-belini.be\/nl\/#website","url":"https:\/\/www.life-belini.be\/nl\/","name":"LIFE Belini","description":"Belgian initiative for making a leap forward towards good status in the river basin district of the Scheldt","potentialAction":[{"@type":"SearchAction","target":{"@type":"EntryPoint","urlTemplate":"https:\/\/www.life-belini.be\/nl\/?s={search_term_string}"},"query-input":{"@type":"PropertyValueSpecification","valueRequired":true,"valueName":"search_term_string"}}],"inLanguage":"fr-FR"},{"@type":"Person","@id":"https:\/\/www.life-belini.be\/nl\/#\/schema\/person\/84a9c6d38af471fa4c482917c2aa2b5b","name":"Maureen Nuyts","url":"https:\/\/www.life-belini.be\/fr\/author\/maureen-nuyts\/"}]}},"_links":{"self":[{"href":"https:\/\/www.life-belini.be\/fr\/wp-json\/wp\/v2\/posts\/8213","targetHints":{"allow":["GET"]}}],"collection":[{"href":"https:\/\/www.life-belini.be\/fr\/wp-json\/wp\/v2\/posts"}],"about":[{"href":"https:\/\/www.life-belini.be\/fr\/wp-json\/wp\/v2\/types\/post"}],"author":[{"embeddable":true,"href":"https:\/\/www.life-belini.be\/fr\/wp-json\/wp\/v2\/users\/6"}],"replies":[{"embeddable":true,"href":"https:\/\/www.life-belini.be\/fr\/wp-json\/wp\/v2\/comments?post=8213"}],"version-history":[{"count":5,"href":"https:\/\/www.life-belini.be\/fr\/wp-json\/wp\/v2\/posts\/8213\/revisions"}],"predecessor-version":[{"id":8214,"href":"https:\/\/www.life-belini.be\/fr\/wp-json\/wp\/v2\/posts\/8213\/revisions\/8214"}],"wp:featuredmedia":[{"embeddable":true,"href":"https:\/\/www.life-belini.be\/fr\/wp-json\/wp\/v2\/media\/4677"}],"wp:attachment":[{"href":"https:\/\/www.life-belini.be\/fr\/wp-json\/wp\/v2\/media?parent=8213"}],"wp:term":[{"taxonomy":"category","embeddable":true,"href":"https:\/\/www.life-belini.be\/fr\/wp-json\/wp\/v2\/categories?post=8213"},{"taxonomy":"post_tag","embeddable":true,"href":"https:\/\/www.life-belini.be\/fr\/wp-json\/wp\/v2\/tags?post=8213"}],"curies":[{"name":"wp","href":"https:\/\/api.w.org\/{rel}","templated":true}]}}