{"id":8059,"date":"2023-12-13T11:18:36","date_gmt":"2023-12-13T11:18:36","guid":{"rendered":"https:\/\/www.life-belini.be\/kennisuitwisseling-met-projecten-natural-course-life-ip-en-nbs4local-interreg-europe\/"},"modified":"2023-12-20T09:42:31","modified_gmt":"2023-12-20T09:42:31","slug":"partage-de-connaissances-avec-les-projets-natural-course-et-nbs4local","status":"publish","type":"post","link":"https:\/\/www.life-belini.be\/fr\/partage-de-connaissances-avec-les-projets-natural-course-et-nbs4local\/","title":{"rendered":"Partage de connaissances avec les projets Natural Course (LIFE IP) et NBS4local (Interreg Europe)"},"content":{"rendered":"<p><strong>Le partage d\u2019exp\u00e9riences et de connaissances repr\u00e9sente une plue-value appr\u00e9ciable lors de la participation \u00e0 des projets europ\u00e9ens. En effet, nous avons eu vite fait de constater que nos pays voisins \u00e9taient souvent confront\u00e9s aux m\u00eames d\u00e9fis que nous. Lors de notre derni\u00e8re r\u00e9union avec nos partenaires, nous avons rencontr\u00e9 Rob Horsley du Rivers Trust, coordinateur du projet LIFE IP Natural Course qui se termine l\u2019ann\u00e9e prochaine.<\/strong><\/p>\n","protected":false},"excerpt":{"rendered":"<p>Le partage d\u2019exp\u00e9riences et de connaissances repr\u00e9sente une plue-value appr\u00e9ciable lors de la participation \u00e0 des projets europ\u00e9ens. En effet, nous avons eu vite fait de constater que nos pays [&hellip;]<\/p>\n","protected":false},"author":6,"featured_media":7898,"comment_status":"closed","ping_status":"closed","sticky":false,"template":"","format":"standard","meta":{"_acf_changed":false,"_exactmetrics_skip_tracking":false,"_exactmetrics_sitenote_active":false,"_exactmetrics_sitenote_note":"","_exactmetrics_sitenote_category":0,"footnotes":""},"categories":[30],"tags":[],"class_list":["post-8059","post","type-post","status-publish","format-standard","has-post-thumbnail","hentry","category-news-fr"],"acf":[],"yoast_head":"<!-- This site is optimized with the Yoast SEO plugin v27.4 - https:\/\/yoast.com\/product\/yoast-seo-wordpress\/ -->\n<title>Partage de connaissances avec les projets Natural Course (LIFE IP) et NBS4local (Interreg Europe) - LIFE Belini<\/title>\n<meta name=\"description\" content=\"Lors de notre derni\u00e8re r\u00e9union de partenaires, nous avons rencontr\u00e9 Rob Horsley du Rivers Trust, coordinateur du projet LIFE IP Natural Course qui se termine l&#039;ann\u00e9e prochaine.\" \/>\n<meta name=\"robots\" content=\"index, follow, max-snippet:-1, max-image-preview:large, max-video-preview:-1\" \/>\n<link rel=\"canonical\" href=\"https:\/\/www.life-belini.be\/fr\/partage-de-connaissances-avec-les-projets-natural-course-et-nbs4local\/\" \/>\n<meta property=\"og:locale\" content=\"fr_FR\" \/>\n<meta property=\"og:type\" content=\"article\" \/>\n<meta property=\"og:title\" content=\"Partage de connaissances avec les projets Natural Course (LIFE IP) et NBS4local (Interreg Europe) - LIFE Belini\" \/>\n<meta property=\"og:description\" content=\"Lors de notre derni\u00e8re r\u00e9union de partenaires, nous avons rencontr\u00e9 Rob Horsley du Rivers Trust, coordinateur du projet LIFE IP Natural Course qui se termine l&#039;ann\u00e9e prochaine.\" \/>\n<meta property=\"og:url\" content=\"https:\/\/www.life-belini.be\/fr\/partage-de-connaissances-avec-les-projets-natural-course-et-nbs4local\/\" \/>\n<meta property=\"og:site_name\" content=\"LIFE Belini\" \/>\n<meta property=\"article:published_time\" content=\"2023-12-13T11:18:36+00:00\" \/>\n<meta property=\"article:modified_time\" content=\"2023-12-20T09:42:31+00:00\" \/>\n<meta property=\"og:image\" content=\"https:\/\/www.life-belini.be\/wp-content\/uploads\/2023\/12\/20231121_150403-scaled.jpg\" \/>\n\t<meta property=\"og:image:width\" content=\"2560\" \/>\n\t<meta property=\"og:image:height\" content=\"1154\" \/>\n\t<meta property=\"og:image:type\" content=\"image\/jpeg\" \/>\n<meta name=\"author\" content=\"Maureen Nuyts\" \/>\n<meta name=\"twitter:card\" content=\"summary_large_image\" \/>\n<meta name=\"twitter:label1\" content=\"\u00c9crit par\" \/>\n\t<meta name=\"twitter:data1\" content=\"Maureen Nuyts\" \/>\n\t<meta name=\"twitter:label2\" content=\"Dur\u00e9e de lecture estim\u00e9e\" \/>\n\t<meta name=\"twitter:data2\" content=\"1 minute\" \/>\n<script type=\"application\/ld+json\" class=\"yoast-schema-graph\">{\"@context\":\"https:\\\/\\\/schema.org\",\"@graph\":[{\"@type\":\"Article\",\"@id\":\"https:\\\/\\\/www.life-belini.be\\\/fr\\\/partage-de-connaissances-avec-les-projets-natural-course-et-nbs4local\\\/#article\",\"isPartOf\":{\"@id\":\"https:\\\/\\\/www.life-belini.be\\\/fr\\\/partage-de-connaissances-avec-les-projets-natural-course-et-nbs4local\\\/\"},\"author\":{\"name\":\"Maureen Nuyts\",\"@id\":\"https:\\\/\\\/www.life-belini.be\\\/nl\\\/#\\\/schema\\\/person\\\/84a9c6d38af471fa4c482917c2aa2b5b\"},\"headline\":\"Partage de connaissances avec les projets Natural Course (LIFE IP) et NBS4local (Interreg Europe)\",\"datePublished\":\"2023-12-13T11:18:36+00:00\",\"dateModified\":\"2023-12-20T09:42:31+00:00\",\"mainEntityOfPage\":{\"@id\":\"https:\\\/\\\/www.life-belini.be\\\/fr\\\/partage-de-connaissances-avec-les-projets-natural-course-et-nbs4local\\\/\"},\"wordCount\":93,\"image\":{\"@id\":\"https:\\\/\\\/www.life-belini.be\\\/fr\\\/partage-de-connaissances-avec-les-projets-natural-course-et-nbs4local\\\/#primaryimage\"},\"thumbnailUrl\":\"https:\\\/\\\/www.life-belini.be\\\/wp-content\\\/uploads\\\/2023\\\/12\\\/20231121_150403-scaled.jpg\",\"articleSection\":[\"news fr\"],\"inLanguage\":\"fr-FR\"},{\"@type\":\"WebPage\",\"@id\":\"https:\\\/\\\/www.life-belini.be\\\/fr\\\/partage-de-connaissances-avec-les-projets-natural-course-et-nbs4local\\\/\",\"url\":\"https:\\\/\\\/www.life-belini.be\\\/fr\\\/partage-de-connaissances-avec-les-projets-natural-course-et-nbs4local\\\/\",\"name\":\"Partage de connaissances avec les projets Natural Course (LIFE IP) et NBS4local (Interreg Europe) - LIFE Belini\",\"isPartOf\":{\"@id\":\"https:\\\/\\\/www.life-belini.be\\\/nl\\\/#website\"},\"primaryImageOfPage\":{\"@id\":\"https:\\\/\\\/www.life-belini.be\\\/fr\\\/partage-de-connaissances-avec-les-projets-natural-course-et-nbs4local\\\/#primaryimage\"},\"image\":{\"@id\":\"https:\\\/\\\/www.life-belini.be\\\/fr\\\/partage-de-connaissances-avec-les-projets-natural-course-et-nbs4local\\\/#primaryimage\"},\"thumbnailUrl\":\"https:\\\/\\\/www.life-belini.be\\\/wp-content\\\/uploads\\\/2023\\\/12\\\/20231121_150403-scaled.jpg\",\"datePublished\":\"2023-12-13T11:18:36+00:00\",\"dateModified\":\"2023-12-20T09:42:31+00:00\",\"author\":{\"@id\":\"https:\\\/\\\/www.life-belini.be\\\/nl\\\/#\\\/schema\\\/person\\\/84a9c6d38af471fa4c482917c2aa2b5b\"},\"description\":\"Lors de notre derni\u00e8re r\u00e9union de partenaires, nous avons rencontr\u00e9 Rob Horsley du Rivers Trust, coordinateur du projet LIFE IP Natural Course qui se termine l'ann\u00e9e prochaine.\",\"breadcrumb\":{\"@id\":\"https:\\\/\\\/www.life-belini.be\\\/fr\\\/partage-de-connaissances-avec-les-projets-natural-course-et-nbs4local\\\/#breadcrumb\"},\"inLanguage\":\"fr-FR\",\"potentialAction\":[{\"@type\":\"ReadAction\",\"target\":[\"https:\\\/\\\/www.life-belini.be\\\/fr\\\/partage-de-connaissances-avec-les-projets-natural-course-et-nbs4local\\\/\"]}]},{\"@type\":\"ImageObject\",\"inLanguage\":\"fr-FR\",\"@id\":\"https:\\\/\\\/www.life-belini.be\\\/fr\\\/partage-de-connaissances-avec-les-projets-natural-course-et-nbs4local\\\/#primaryimage\",\"url\":\"https:\\\/\\\/www.life-belini.be\\\/wp-content\\\/uploads\\\/2023\\\/12\\\/20231121_150403-scaled.jpg\",\"contentUrl\":\"https:\\\/\\\/www.life-belini.be\\\/wp-content\\\/uploads\\\/2023\\\/12\\\/20231121_150403-scaled.jpg\",\"width\":2560,\"height\":1154},{\"@type\":\"BreadcrumbList\",\"@id\":\"https:\\\/\\\/www.life-belini.be\\\/fr\\\/partage-de-connaissances-avec-les-projets-natural-course-et-nbs4local\\\/#breadcrumb\",\"itemListElement\":[{\"@type\":\"ListItem\",\"position\":1,\"name\":\"Home\",\"item\":\"https:\\\/\\\/www.life-belini.be\\\/fr\\\/home-2\\\/\"},{\"@type\":\"ListItem\",\"position\":2,\"name\":\"Partage de connaissances avec les projets Natural Course (LIFE IP) et NBS4local (Interreg Europe)\"}]},{\"@type\":\"WebSite\",\"@id\":\"https:\\\/\\\/www.life-belini.be\\\/nl\\\/#website\",\"url\":\"https:\\\/\\\/www.life-belini.be\\\/nl\\\/\",\"name\":\"LIFE Belini\",\"description\":\"Belgian initiative for making a leap forward towards good status in the river basin district of the Scheldt\",\"potentialAction\":[{\"@type\":\"SearchAction\",\"target\":{\"@type\":\"EntryPoint\",\"urlTemplate\":\"https:\\\/\\\/www.life-belini.be\\\/nl\\\/?s={search_term_string}\"},\"query-input\":{\"@type\":\"PropertyValueSpecification\",\"valueRequired\":true,\"valueName\":\"search_term_string\"}}],\"inLanguage\":\"fr-FR\"},{\"@type\":\"Person\",\"@id\":\"https:\\\/\\\/www.life-belini.be\\\/nl\\\/#\\\/schema\\\/person\\\/84a9c6d38af471fa4c482917c2aa2b5b\",\"name\":\"Maureen Nuyts\",\"url\":\"https:\\\/\\\/www.life-belini.be\\\/fr\\\/author\\\/maureen-nuyts\\\/\"}]}<\/script>\n<!-- \/ Yoast SEO plugin. -->","yoast_head_json":{"title":"Partage de connaissances avec les projets Natural Course (LIFE IP) et NBS4local (Interreg Europe) - LIFE Belini","description":"Lors de notre derni\u00e8re r\u00e9union de partenaires, nous avons rencontr\u00e9 Rob Horsley du Rivers Trust, coordinateur du projet LIFE IP Natural Course qui se termine l'ann\u00e9e prochaine.","robots":{"index":"index","follow":"follow","max-snippet":"max-snippet:-1","max-image-preview":"max-image-preview:large","max-video-preview":"max-video-preview:-1"},"canonical":"https:\/\/www.life-belini.be\/fr\/partage-de-connaissances-avec-les-projets-natural-course-et-nbs4local\/","og_locale":"fr_FR","og_type":"article","og_title":"Partage de connaissances avec les projets Natural Course (LIFE IP) et NBS4local (Interreg Europe) - LIFE Belini","og_description":"Lors de notre derni\u00e8re r\u00e9union de partenaires, nous avons rencontr\u00e9 Rob Horsley du Rivers Trust, coordinateur du projet LIFE IP Natural Course qui se termine l'ann\u00e9e prochaine.","og_url":"https:\/\/www.life-belini.be\/fr\/partage-de-connaissances-avec-les-projets-natural-course-et-nbs4local\/","og_site_name":"LIFE Belini","article_published_time":"2023-12-13T11:18:36+00:00","article_modified_time":"2023-12-20T09:42:31+00:00","og_image":[{"width":2560,"height":1154,"url":"https:\/\/www.life-belini.be\/wp-content\/uploads\/2023\/12\/20231121_150403-scaled.jpg","type":"image\/jpeg"}],"author":"Maureen Nuyts","twitter_card":"summary_large_image","twitter_misc":{"\u00c9crit par":"Maureen Nuyts","Dur\u00e9e de lecture estim\u00e9e":"1 minute"},"schema":{"@context":"https:\/\/schema.org","@graph":[{"@type":"Article","@id":"https:\/\/www.life-belini.be\/fr\/partage-de-connaissances-avec-les-projets-natural-course-et-nbs4local\/#article","isPartOf":{"@id":"https:\/\/www.life-belini.be\/fr\/partage-de-connaissances-avec-les-projets-natural-course-et-nbs4local\/"},"author":{"name":"Maureen Nuyts","@id":"https:\/\/www.life-belini.be\/nl\/#\/schema\/person\/84a9c6d38af471fa4c482917c2aa2b5b"},"headline":"Partage de connaissances avec les projets Natural Course (LIFE IP) et NBS4local (Interreg Europe)","datePublished":"2023-12-13T11:18:36+00:00","dateModified":"2023-12-20T09:42:31+00:00","mainEntityOfPage":{"@id":"https:\/\/www.life-belini.be\/fr\/partage-de-connaissances-avec-les-projets-natural-course-et-nbs4local\/"},"wordCount":93,"image":{"@id":"https:\/\/www.life-belini.be\/fr\/partage-de-connaissances-avec-les-projets-natural-course-et-nbs4local\/#primaryimage"},"thumbnailUrl":"https:\/\/www.life-belini.be\/wp-content\/uploads\/2023\/12\/20231121_150403-scaled.jpg","articleSection":["news fr"],"inLanguage":"fr-FR"},{"@type":"WebPage","@id":"https:\/\/www.life-belini.be\/fr\/partage-de-connaissances-avec-les-projets-natural-course-et-nbs4local\/","url":"https:\/\/www.life-belini.be\/fr\/partage-de-connaissances-avec-les-projets-natural-course-et-nbs4local\/","name":"Partage de connaissances avec les projets Natural Course (LIFE IP) et NBS4local (Interreg Europe) - LIFE Belini","isPartOf":{"@id":"https:\/\/www.life-belini.be\/nl\/#website"},"primaryImageOfPage":{"@id":"https:\/\/www.life-belini.be\/fr\/partage-de-connaissances-avec-les-projets-natural-course-et-nbs4local\/#primaryimage"},"image":{"@id":"https:\/\/www.life-belini.be\/fr\/partage-de-connaissances-avec-les-projets-natural-course-et-nbs4local\/#primaryimage"},"thumbnailUrl":"https:\/\/www.life-belini.be\/wp-content\/uploads\/2023\/12\/20231121_150403-scaled.jpg","datePublished":"2023-12-13T11:18:36+00:00","dateModified":"2023-12-20T09:42:31+00:00","author":{"@id":"https:\/\/www.life-belini.be\/nl\/#\/schema\/person\/84a9c6d38af471fa4c482917c2aa2b5b"},"description":"Lors de notre derni\u00e8re r\u00e9union de partenaires, nous avons rencontr\u00e9 Rob Horsley du Rivers Trust, coordinateur du projet LIFE IP Natural Course qui se termine l'ann\u00e9e prochaine.","breadcrumb":{"@id":"https:\/\/www.life-belini.be\/fr\/partage-de-connaissances-avec-les-projets-natural-course-et-nbs4local\/#breadcrumb"},"inLanguage":"fr-FR","potentialAction":[{"@type":"ReadAction","target":["https:\/\/www.life-belini.be\/fr\/partage-de-connaissances-avec-les-projets-natural-course-et-nbs4local\/"]}]},{"@type":"ImageObject","inLanguage":"fr-FR","@id":"https:\/\/www.life-belini.be\/fr\/partage-de-connaissances-avec-les-projets-natural-course-et-nbs4local\/#primaryimage","url":"https:\/\/www.life-belini.be\/wp-content\/uploads\/2023\/12\/20231121_150403-scaled.jpg","contentUrl":"https:\/\/www.life-belini.be\/wp-content\/uploads\/2023\/12\/20231121_150403-scaled.jpg","width":2560,"height":1154},{"@type":"BreadcrumbList","@id":"https:\/\/www.life-belini.be\/fr\/partage-de-connaissances-avec-les-projets-natural-course-et-nbs4local\/#breadcrumb","itemListElement":[{"@type":"ListItem","position":1,"name":"Home","item":"https:\/\/www.life-belini.be\/fr\/home-2\/"},{"@type":"ListItem","position":2,"name":"Partage de connaissances avec les projets Natural Course (LIFE IP) et NBS4local (Interreg Europe)"}]},{"@type":"WebSite","@id":"https:\/\/www.life-belini.be\/nl\/#website","url":"https:\/\/www.life-belini.be\/nl\/","name":"LIFE Belini","description":"Belgian initiative for making a leap forward towards good status in the river basin district of the Scheldt","potentialAction":[{"@type":"SearchAction","target":{"@type":"EntryPoint","urlTemplate":"https:\/\/www.life-belini.be\/nl\/?s={search_term_string}"},"query-input":{"@type":"PropertyValueSpecification","valueRequired":true,"valueName":"search_term_string"}}],"inLanguage":"fr-FR"},{"@type":"Person","@id":"https:\/\/www.life-belini.be\/nl\/#\/schema\/person\/84a9c6d38af471fa4c482917c2aa2b5b","name":"Maureen Nuyts","url":"https:\/\/www.life-belini.be\/fr\/author\/maureen-nuyts\/"}]}},"_links":{"self":[{"href":"https:\/\/www.life-belini.be\/fr\/wp-json\/wp\/v2\/posts\/8059","targetHints":{"allow":["GET"]}}],"collection":[{"href":"https:\/\/www.life-belini.be\/fr\/wp-json\/wp\/v2\/posts"}],"about":[{"href":"https:\/\/www.life-belini.be\/fr\/wp-json\/wp\/v2\/types\/post"}],"author":[{"embeddable":true,"href":"https:\/\/www.life-belini.be\/fr\/wp-json\/wp\/v2\/users\/6"}],"replies":[{"embeddable":true,"href":"https:\/\/www.life-belini.be\/fr\/wp-json\/wp\/v2\/comments?post=8059"}],"version-history":[{"count":7,"href":"https:\/\/www.life-belini.be\/fr\/wp-json\/wp\/v2\/posts\/8059\/revisions"}],"predecessor-version":[{"id":8175,"href":"https:\/\/www.life-belini.be\/fr\/wp-json\/wp\/v2\/posts\/8059\/revisions\/8175"}],"wp:featuredmedia":[{"embeddable":true,"href":"https:\/\/www.life-belini.be\/fr\/wp-json\/wp\/v2\/media\/7898"}],"wp:attachment":[{"href":"https:\/\/www.life-belini.be\/fr\/wp-json\/wp\/v2\/media?parent=8059"}],"wp:term":[{"taxonomy":"category","embeddable":true,"href":"https:\/\/www.life-belini.be\/fr\/wp-json\/wp\/v2\/categories?post=8059"},{"taxonomy":"post_tag","embeddable":true,"href":"https:\/\/www.life-belini.be\/fr\/wp-json\/wp\/v2\/tags?post=8059"}],"curies":[{"name":"wp","href":"https:\/\/api.w.org\/{rel}","templated":true}]}}