{"id":7653,"date":"2023-11-21T15:17:25","date_gmt":"2023-11-21T15:17:25","guid":{"rendered":"https:\/\/www.life-belini.be\/interregionale-bijeenkomst-overstromingen-in-het-zennebekken\/"},"modified":"2023-12-19T20:10:22","modified_gmt":"2023-12-19T20:10:22","slug":"reunion-interregionale-inondations-dans-le-bassin-de-la-senne","status":"publish","type":"post","link":"https:\/\/www.life-belini.be\/fr\/reunion-interregionale-inondations-dans-le-bassin-de-la-senne\/","title":{"rendered":"R\u00e9union interr\u00e9gionale Inondations dans le bassin de la Senne"},"content":{"rendered":"<p><strong>La Senne est la seule rivi\u00e8re de Belgique \u00e0 traverser les 3 R\u00e9gions du pays. Il est donc important que les diff\u00e9rentes r\u00e9gions coop\u00e8rent et \u00e9changent bien des informations entre elles. C&rsquo;est la raison pour laquelle Le Contrat de Rivi\u00e8re Senne, Coordination\u00a0 Senne et le Bekkensecretariaat Dijle-Zenne (Secretariat du bassin Dyle-Senne), en tant que partenaires dans les diff\u00e9rentes r\u00e9gions, ont organis\u00e9 2 moments d&rsquo;\u00e9change et d&rsquo;information sur la gestion des inondations dans la Senne.<\/strong><\/p>\n<p>&nbsp;<\/p>\n","protected":false},"excerpt":{"rendered":"<p>La Senne est la seule rivi\u00e8re de Belgique \u00e0 traverser les 3 R\u00e9gions du pays. Il est donc important que les diff\u00e9rentes r\u00e9gions coop\u00e8rent et \u00e9changent bien des informations entre [&hellip;]<\/p>\n","protected":false},"author":6,"featured_media":8016,"comment_status":"closed","ping_status":"closed","sticky":false,"template":"","format":"standard","meta":{"_acf_changed":false,"_exactmetrics_skip_tracking":false,"_exactmetrics_sitenote_active":false,"_exactmetrics_sitenote_note":"","_exactmetrics_sitenote_category":0,"footnotes":""},"categories":[30],"tags":[],"class_list":["post-7653","post","type-post","status-publish","format-standard","has-post-thumbnail","hentry","category-news-fr"],"acf":[],"yoast_head":"<!-- This site is optimized with the Yoast SEO plugin v27.4 - https:\/\/yoast.com\/product\/yoast-seo-wordpress\/ -->\n<title>R\u00e9union interr\u00e9gionale Inondations dans le bassin de la Senne - LIFE Belini<\/title>\n<meta name=\"description\" content=\"La Senne traverse les 3 R\u00e9gions du pays. Les partenaires dans les diff\u00e9rentes r\u00e9gions, ont organis\u00e9 2 moments d&#039;\u00e9change et d&#039;information sur la gestion des inondations.\" \/>\n<meta name=\"robots\" content=\"index, follow, max-snippet:-1, max-image-preview:large, max-video-preview:-1\" \/>\n<link rel=\"canonical\" href=\"https:\/\/www.life-belini.be\/fr\/reunion-interregionale-inondations-dans-le-bassin-de-la-senne\/\" \/>\n<meta property=\"og:locale\" content=\"fr_FR\" \/>\n<meta property=\"og:type\" content=\"article\" \/>\n<meta property=\"og:title\" content=\"R\u00e9union interr\u00e9gionale Inondations dans le bassin de la Senne - LIFE Belini\" \/>\n<meta property=\"og:description\" content=\"La Senne traverse les 3 R\u00e9gions du pays. Les partenaires dans les diff\u00e9rentes r\u00e9gions, ont organis\u00e9 2 moments d&#039;\u00e9change et d&#039;information sur la gestion des inondations.\" \/>\n<meta property=\"og:url\" content=\"https:\/\/www.life-belini.be\/fr\/reunion-interregionale-inondations-dans-le-bassin-de-la-senne\/\" \/>\n<meta property=\"og:site_name\" content=\"LIFE Belini\" \/>\n<meta property=\"article:published_time\" content=\"2023-11-21T15:17:25+00:00\" \/>\n<meta property=\"article:modified_time\" content=\"2023-12-19T20:10:22+00:00\" \/>\n<meta property=\"og:image\" content=\"https:\/\/www.life-belini.be\/wp-content\/uploads\/2023\/11\/Overstromingen-Zenne-19.jpg\" \/>\n\t<meta property=\"og:image:width\" content=\"1225\" \/>\n\t<meta property=\"og:image:height\" content=\"816\" \/>\n\t<meta property=\"og:image:type\" content=\"image\/jpeg\" \/>\n<meta name=\"author\" content=\"Maureen Nuyts\" \/>\n<meta name=\"twitter:card\" content=\"summary_large_image\" \/>\n<meta name=\"twitter:label1\" content=\"\u00c9crit par\" \/>\n\t<meta name=\"twitter:data1\" content=\"Maureen Nuyts\" \/>\n\t<meta name=\"twitter:label2\" content=\"Dur\u00e9e de lecture estim\u00e9e\" \/>\n\t<meta name=\"twitter:data2\" content=\"1 minute\" \/>\n<script type=\"application\/ld+json\" class=\"yoast-schema-graph\">{\"@context\":\"https:\\\/\\\/schema.org\",\"@graph\":[{\"@type\":\"Article\",\"@id\":\"https:\\\/\\\/www.life-belini.be\\\/fr\\\/reunion-interregionale-inondations-dans-le-bassin-de-la-senne\\\/#article\",\"isPartOf\":{\"@id\":\"https:\\\/\\\/www.life-belini.be\\\/fr\\\/reunion-interregionale-inondations-dans-le-bassin-de-la-senne\\\/\"},\"author\":{\"name\":\"Maureen Nuyts\",\"@id\":\"https:\\\/\\\/www.life-belini.be\\\/nl\\\/#\\\/schema\\\/person\\\/84a9c6d38af471fa4c482917c2aa2b5b\"},\"headline\":\"R\u00e9union interr\u00e9gionale Inondations dans le bassin de la Senne\",\"datePublished\":\"2023-11-21T15:17:25+00:00\",\"dateModified\":\"2023-12-19T20:10:22+00:00\",\"mainEntityOfPage\":{\"@id\":\"https:\\\/\\\/www.life-belini.be\\\/fr\\\/reunion-interregionale-inondations-dans-le-bassin-de-la-senne\\\/\"},\"wordCount\":94,\"image\":{\"@id\":\"https:\\\/\\\/www.life-belini.be\\\/fr\\\/reunion-interregionale-inondations-dans-le-bassin-de-la-senne\\\/#primaryimage\"},\"thumbnailUrl\":\"https:\\\/\\\/www.life-belini.be\\\/wp-content\\\/uploads\\\/2023\\\/11\\\/Overstromingen-Zenne-19.jpg\",\"articleSection\":[\"news fr\"],\"inLanguage\":\"fr-FR\"},{\"@type\":\"WebPage\",\"@id\":\"https:\\\/\\\/www.life-belini.be\\\/fr\\\/reunion-interregionale-inondations-dans-le-bassin-de-la-senne\\\/\",\"url\":\"https:\\\/\\\/www.life-belini.be\\\/fr\\\/reunion-interregionale-inondations-dans-le-bassin-de-la-senne\\\/\",\"name\":\"R\u00e9union interr\u00e9gionale Inondations dans le bassin de la Senne - LIFE Belini\",\"isPartOf\":{\"@id\":\"https:\\\/\\\/www.life-belini.be\\\/nl\\\/#website\"},\"primaryImageOfPage\":{\"@id\":\"https:\\\/\\\/www.life-belini.be\\\/fr\\\/reunion-interregionale-inondations-dans-le-bassin-de-la-senne\\\/#primaryimage\"},\"image\":{\"@id\":\"https:\\\/\\\/www.life-belini.be\\\/fr\\\/reunion-interregionale-inondations-dans-le-bassin-de-la-senne\\\/#primaryimage\"},\"thumbnailUrl\":\"https:\\\/\\\/www.life-belini.be\\\/wp-content\\\/uploads\\\/2023\\\/11\\\/Overstromingen-Zenne-19.jpg\",\"datePublished\":\"2023-11-21T15:17:25+00:00\",\"dateModified\":\"2023-12-19T20:10:22+00:00\",\"author\":{\"@id\":\"https:\\\/\\\/www.life-belini.be\\\/nl\\\/#\\\/schema\\\/person\\\/84a9c6d38af471fa4c482917c2aa2b5b\"},\"description\":\"La Senne traverse les 3 R\u00e9gions du pays. Les partenaires dans les diff\u00e9rentes r\u00e9gions, ont organis\u00e9 2 moments d'\u00e9change et d'information sur la gestion des inondations.\",\"breadcrumb\":{\"@id\":\"https:\\\/\\\/www.life-belini.be\\\/fr\\\/reunion-interregionale-inondations-dans-le-bassin-de-la-senne\\\/#breadcrumb\"},\"inLanguage\":\"fr-FR\",\"potentialAction\":[{\"@type\":\"ReadAction\",\"target\":[\"https:\\\/\\\/www.life-belini.be\\\/fr\\\/reunion-interregionale-inondations-dans-le-bassin-de-la-senne\\\/\"]}]},{\"@type\":\"ImageObject\",\"inLanguage\":\"fr-FR\",\"@id\":\"https:\\\/\\\/www.life-belini.be\\\/fr\\\/reunion-interregionale-inondations-dans-le-bassin-de-la-senne\\\/#primaryimage\",\"url\":\"https:\\\/\\\/www.life-belini.be\\\/wp-content\\\/uploads\\\/2023\\\/11\\\/Overstromingen-Zenne-19.jpg\",\"contentUrl\":\"https:\\\/\\\/www.life-belini.be\\\/wp-content\\\/uploads\\\/2023\\\/11\\\/Overstromingen-Zenne-19.jpg\",\"width\":1225,\"height\":816},{\"@type\":\"BreadcrumbList\",\"@id\":\"https:\\\/\\\/www.life-belini.be\\\/fr\\\/reunion-interregionale-inondations-dans-le-bassin-de-la-senne\\\/#breadcrumb\",\"itemListElement\":[{\"@type\":\"ListItem\",\"position\":1,\"name\":\"Home\",\"item\":\"https:\\\/\\\/www.life-belini.be\\\/fr\\\/home-2\\\/\"},{\"@type\":\"ListItem\",\"position\":2,\"name\":\"R\u00e9union interr\u00e9gionale Inondations dans le bassin de la Senne\"}]},{\"@type\":\"WebSite\",\"@id\":\"https:\\\/\\\/www.life-belini.be\\\/nl\\\/#website\",\"url\":\"https:\\\/\\\/www.life-belini.be\\\/nl\\\/\",\"name\":\"LIFE Belini\",\"description\":\"Belgian initiative for making a leap forward towards good status in the river basin district of the Scheldt\",\"potentialAction\":[{\"@type\":\"SearchAction\",\"target\":{\"@type\":\"EntryPoint\",\"urlTemplate\":\"https:\\\/\\\/www.life-belini.be\\\/nl\\\/?s={search_term_string}\"},\"query-input\":{\"@type\":\"PropertyValueSpecification\",\"valueRequired\":true,\"valueName\":\"search_term_string\"}}],\"inLanguage\":\"fr-FR\"},{\"@type\":\"Person\",\"@id\":\"https:\\\/\\\/www.life-belini.be\\\/nl\\\/#\\\/schema\\\/person\\\/84a9c6d38af471fa4c482917c2aa2b5b\",\"name\":\"Maureen Nuyts\",\"url\":\"https:\\\/\\\/www.life-belini.be\\\/fr\\\/author\\\/maureen-nuyts\\\/\"}]}<\/script>\n<!-- \/ Yoast SEO plugin. -->","yoast_head_json":{"title":"R\u00e9union interr\u00e9gionale Inondations dans le bassin de la Senne - LIFE Belini","description":"La Senne traverse les 3 R\u00e9gions du pays. Les partenaires dans les diff\u00e9rentes r\u00e9gions, ont organis\u00e9 2 moments d'\u00e9change et d'information sur la gestion des inondations.","robots":{"index":"index","follow":"follow","max-snippet":"max-snippet:-1","max-image-preview":"max-image-preview:large","max-video-preview":"max-video-preview:-1"},"canonical":"https:\/\/www.life-belini.be\/fr\/reunion-interregionale-inondations-dans-le-bassin-de-la-senne\/","og_locale":"fr_FR","og_type":"article","og_title":"R\u00e9union interr\u00e9gionale Inondations dans le bassin de la Senne - LIFE Belini","og_description":"La Senne traverse les 3 R\u00e9gions du pays. Les partenaires dans les diff\u00e9rentes r\u00e9gions, ont organis\u00e9 2 moments d'\u00e9change et d'information sur la gestion des inondations.","og_url":"https:\/\/www.life-belini.be\/fr\/reunion-interregionale-inondations-dans-le-bassin-de-la-senne\/","og_site_name":"LIFE Belini","article_published_time":"2023-11-21T15:17:25+00:00","article_modified_time":"2023-12-19T20:10:22+00:00","og_image":[{"width":1225,"height":816,"url":"https:\/\/www.life-belini.be\/wp-content\/uploads\/2023\/11\/Overstromingen-Zenne-19.jpg","type":"image\/jpeg"}],"author":"Maureen Nuyts","twitter_card":"summary_large_image","twitter_misc":{"\u00c9crit par":"Maureen Nuyts","Dur\u00e9e de lecture estim\u00e9e":"1 minute"},"schema":{"@context":"https:\/\/schema.org","@graph":[{"@type":"Article","@id":"https:\/\/www.life-belini.be\/fr\/reunion-interregionale-inondations-dans-le-bassin-de-la-senne\/#article","isPartOf":{"@id":"https:\/\/www.life-belini.be\/fr\/reunion-interregionale-inondations-dans-le-bassin-de-la-senne\/"},"author":{"name":"Maureen Nuyts","@id":"https:\/\/www.life-belini.be\/nl\/#\/schema\/person\/84a9c6d38af471fa4c482917c2aa2b5b"},"headline":"R\u00e9union interr\u00e9gionale Inondations dans le bassin de la Senne","datePublished":"2023-11-21T15:17:25+00:00","dateModified":"2023-12-19T20:10:22+00:00","mainEntityOfPage":{"@id":"https:\/\/www.life-belini.be\/fr\/reunion-interregionale-inondations-dans-le-bassin-de-la-senne\/"},"wordCount":94,"image":{"@id":"https:\/\/www.life-belini.be\/fr\/reunion-interregionale-inondations-dans-le-bassin-de-la-senne\/#primaryimage"},"thumbnailUrl":"https:\/\/www.life-belini.be\/wp-content\/uploads\/2023\/11\/Overstromingen-Zenne-19.jpg","articleSection":["news fr"],"inLanguage":"fr-FR"},{"@type":"WebPage","@id":"https:\/\/www.life-belini.be\/fr\/reunion-interregionale-inondations-dans-le-bassin-de-la-senne\/","url":"https:\/\/www.life-belini.be\/fr\/reunion-interregionale-inondations-dans-le-bassin-de-la-senne\/","name":"R\u00e9union interr\u00e9gionale Inondations dans le bassin de la Senne - LIFE Belini","isPartOf":{"@id":"https:\/\/www.life-belini.be\/nl\/#website"},"primaryImageOfPage":{"@id":"https:\/\/www.life-belini.be\/fr\/reunion-interregionale-inondations-dans-le-bassin-de-la-senne\/#primaryimage"},"image":{"@id":"https:\/\/www.life-belini.be\/fr\/reunion-interregionale-inondations-dans-le-bassin-de-la-senne\/#primaryimage"},"thumbnailUrl":"https:\/\/www.life-belini.be\/wp-content\/uploads\/2023\/11\/Overstromingen-Zenne-19.jpg","datePublished":"2023-11-21T15:17:25+00:00","dateModified":"2023-12-19T20:10:22+00:00","author":{"@id":"https:\/\/www.life-belini.be\/nl\/#\/schema\/person\/84a9c6d38af471fa4c482917c2aa2b5b"},"description":"La Senne traverse les 3 R\u00e9gions du pays. Les partenaires dans les diff\u00e9rentes r\u00e9gions, ont organis\u00e9 2 moments d'\u00e9change et d'information sur la gestion des inondations.","breadcrumb":{"@id":"https:\/\/www.life-belini.be\/fr\/reunion-interregionale-inondations-dans-le-bassin-de-la-senne\/#breadcrumb"},"inLanguage":"fr-FR","potentialAction":[{"@type":"ReadAction","target":["https:\/\/www.life-belini.be\/fr\/reunion-interregionale-inondations-dans-le-bassin-de-la-senne\/"]}]},{"@type":"ImageObject","inLanguage":"fr-FR","@id":"https:\/\/www.life-belini.be\/fr\/reunion-interregionale-inondations-dans-le-bassin-de-la-senne\/#primaryimage","url":"https:\/\/www.life-belini.be\/wp-content\/uploads\/2023\/11\/Overstromingen-Zenne-19.jpg","contentUrl":"https:\/\/www.life-belini.be\/wp-content\/uploads\/2023\/11\/Overstromingen-Zenne-19.jpg","width":1225,"height":816},{"@type":"BreadcrumbList","@id":"https:\/\/www.life-belini.be\/fr\/reunion-interregionale-inondations-dans-le-bassin-de-la-senne\/#breadcrumb","itemListElement":[{"@type":"ListItem","position":1,"name":"Home","item":"https:\/\/www.life-belini.be\/fr\/home-2\/"},{"@type":"ListItem","position":2,"name":"R\u00e9union interr\u00e9gionale Inondations dans le bassin de la Senne"}]},{"@type":"WebSite","@id":"https:\/\/www.life-belini.be\/nl\/#website","url":"https:\/\/www.life-belini.be\/nl\/","name":"LIFE Belini","description":"Belgian initiative for making a leap forward towards good status in the river basin district of the Scheldt","potentialAction":[{"@type":"SearchAction","target":{"@type":"EntryPoint","urlTemplate":"https:\/\/www.life-belini.be\/nl\/?s={search_term_string}"},"query-input":{"@type":"PropertyValueSpecification","valueRequired":true,"valueName":"search_term_string"}}],"inLanguage":"fr-FR"},{"@type":"Person","@id":"https:\/\/www.life-belini.be\/nl\/#\/schema\/person\/84a9c6d38af471fa4c482917c2aa2b5b","name":"Maureen Nuyts","url":"https:\/\/www.life-belini.be\/fr\/author\/maureen-nuyts\/"}]}},"_links":{"self":[{"href":"https:\/\/www.life-belini.be\/fr\/wp-json\/wp\/v2\/posts\/7653","targetHints":{"allow":["GET"]}}],"collection":[{"href":"https:\/\/www.life-belini.be\/fr\/wp-json\/wp\/v2\/posts"}],"about":[{"href":"https:\/\/www.life-belini.be\/fr\/wp-json\/wp\/v2\/types\/post"}],"author":[{"embeddable":true,"href":"https:\/\/www.life-belini.be\/fr\/wp-json\/wp\/v2\/users\/6"}],"replies":[{"embeddable":true,"href":"https:\/\/www.life-belini.be\/fr\/wp-json\/wp\/v2\/comments?post=7653"}],"version-history":[{"count":11,"href":"https:\/\/www.life-belini.be\/fr\/wp-json\/wp\/v2\/posts\/7653\/revisions"}],"predecessor-version":[{"id":8154,"href":"https:\/\/www.life-belini.be\/fr\/wp-json\/wp\/v2\/posts\/7653\/revisions\/8154"}],"wp:featuredmedia":[{"embeddable":true,"href":"https:\/\/www.life-belini.be\/fr\/wp-json\/wp\/v2\/media\/8016"}],"wp:attachment":[{"href":"https:\/\/www.life-belini.be\/fr\/wp-json\/wp\/v2\/media?parent=7653"}],"wp:term":[{"taxonomy":"category","embeddable":true,"href":"https:\/\/www.life-belini.be\/fr\/wp-json\/wp\/v2\/categories?post=7653"},{"taxonomy":"post_tag","embeddable":true,"href":"https:\/\/www.life-belini.be\/fr\/wp-json\/wp\/v2\/tags?post=7653"}],"curies":[{"name":"wp","href":"https:\/\/api.w.org\/{rel}","templated":true}]}}