{"id":7499,"date":"2023-03-10T15:32:23","date_gmt":"2023-03-10T15:32:23","guid":{"rendered":"https:\/\/www.life-belini.be\/?p=7499"},"modified":"2023-03-16T16:15:09","modified_gmt":"2023-03-16T16:15:09","slug":"fiers-de-nos-rivieres-en-2023","status":"publish","type":"post","link":"https:\/\/www.life-belini.be\/fr\/fiers-de-nos-rivieres-en-2023\/","title":{"rendered":"Fiers de nos Rivi\u00e8res en 2023 !"},"content":{"rendered":"<p>Bien que notre campagne \u00ab\u00a0Fiere Rivieren &#8211; Rivi\u00e8res Fi\u00e8res\u00a0\u00bb ait officiellement saut\u00e9 une ann\u00e9e, nous aimerions bien mettre en lumi\u00e8re certaines activit\u00e9s. Apr\u00e8s tout, nous sommes toujours <strong>fiers de nos rivi\u00e8res<\/strong> ! Aussi en 2023, nous ne laisserons pas passer <strong>la Journ\u00e9e Mondiale de l&rsquo;Eau du 22 mars<\/strong>.<\/p>\n<p>Les <strong>journ\u00e9es de l&rsquo;eau<\/strong> se poursuivent. Et certaines activit\u00e9s seront \u00e9galement organis\u00e9es par nos partenaires dans la zone du projet LIFE Belini !<\/p>\n<p>La poursuite de campagnes presque parall\u00e8les dans les trois r\u00e9gions, m\u00eame apr\u00e8s Belini, semble assur\u00e9e !<\/p>\n<p><span style=\"color: #000000;\">Vous cherchez une recommandation pour une journ\u00e9e ludique d\u00e9di\u00e9e \u00e0 la Journ\u00e9e Mondiale de l&rsquo;Eau en 2023 ? Visitez <a style=\"color: #000000;\" href=\"https:\/\/www.waterdagen.be\/activiteiten\/beleven-de-beemd\/\">l&rsquo;inauguration de l&rsquo;Alsembergse Beemd<\/a> pr\u00e8s de la vall\u00e9e du Molenbeek en Flandre le <strong>26 mars<\/strong> ! Le site de Beersel sera officiellement inaugur\u00e9 avec une collation et un robinet et des animations en marge pour les enfants seront propos\u00e9es.<\/span><\/p>\n<p><span style=\"color: #000000;\">Nous recommandons \u00e9galement vivement la promenade guid\u00e9e du <strong>2 avril<\/strong> \u00e0 Ittre (10h et 14h) (<a style=\"color: #000000;\" href=\"http:\/\/www.crsenne.be\/jwe\/\">activit\u00e9 num\u00e9ro 10 pour la sous-zone de Zenne<\/a>) ! C&rsquo;est l\u00e0 que sera inaugur\u00e9e et c\u00e9l\u00e9br\u00e9e la quatri\u00e8me Zone d&rsquo;Immersion Temporaire (ZIT) naturelle de Gaesbecq.<\/span><\/p>\n<p>Les <strong>activit\u00e9s organis\u00e9es dans la zone du projet LIFE Belini en 2023<\/strong> ont \u00e9t\u00e9 compil\u00e9es sur notre page <strong><a href=\"https:\/\/www.life-belini.be\/fr\/rivieres-fieres\/\">d&rsquo;\u00e9v\u00e9nements<\/a>.<\/strong><\/p>\n<p>Pour plus d&rsquo;informations sur toutes les activit\u00e9s organis\u00e9es dans le cadre des journ\u00e9es de l&rsquo;eau, cliquez sur les liens ci-dessous.<\/p>\n<ul>\n<li><strong><span style=\"color: #000000;\"><a style=\"color: #000000;\" href=\"https:\/\/www.waterdagen.be\/\">Flandre, du 18 mars au 26 mars 2023<\/a><\/span><\/strong><\/li>\n<li><strong><span style=\"color: #000000;\"><a style=\"color: #000000;\" href=\"https:\/\/environnement.brussels\/citoyen\/agenda\/campaign\/journees-bruxelloises-de-leau-2023\">Bruxelles, du 19 mars au 26 mars 2023<\/a><\/span><\/strong><\/li>\n<li><strong><span style=\"color: #000000;\"><a style=\"color: #000000;\" href=\"http:\/\/environnement.wallonie.be\/JWE\/\">Wallonie, du 17 mars au 2 avril 2023<\/a><\/span><\/strong><\/li>\n<\/ul>\n","protected":false},"excerpt":{"rendered":"<p>Bien que notre campagne \u00ab\u00a0Fiere Rivieren &#8211; Rivi\u00e8res Fi\u00e8res\u00a0\u00bb ait officiellement saut\u00e9 une ann\u00e9e, nous aimerions bien mettre en lumi\u00e8re certaines activit\u00e9s. Apr\u00e8s tout, nous sommes toujours fiers de nos [&hellip;]<\/p>\n","protected":false},"author":7,"featured_media":7487,"comment_status":"closed","ping_status":"closed","sticky":false,"template":"","format":"standard","meta":{"_acf_changed":false,"_exactmetrics_skip_tracking":false,"_exactmetrics_sitenote_active":false,"_exactmetrics_sitenote_note":"","_exactmetrics_sitenote_category":0,"footnotes":""},"categories":[30],"tags":[],"class_list":["post-7499","post","type-post","status-publish","format-standard","has-post-thumbnail","hentry","category-news-fr"],"acf":[],"yoast_head":"<!-- This site is optimized with the Yoast SEO plugin v27.4 - https:\/\/yoast.com\/product\/yoast-seo-wordpress\/ -->\n<title>Fiers de nos Rivi\u00e8res en 2023 ! - LIFE Belini<\/title>\n<meta name=\"robots\" content=\"index, follow, max-snippet:-1, max-image-preview:large, max-video-preview:-1\" \/>\n<link rel=\"canonical\" href=\"https:\/\/www.life-belini.be\/fr\/fiers-de-nos-rivieres-en-2023\/\" \/>\n<meta property=\"og:locale\" content=\"fr_FR\" \/>\n<meta property=\"og:type\" content=\"article\" \/>\n<meta property=\"og:title\" content=\"Fiers de nos Rivi\u00e8res en 2023 ! - LIFE Belini\" \/>\n<meta property=\"og:description\" content=\"Bien que notre campagne \u00ab\u00a0Fiere Rivieren &#8211; Rivi\u00e8res Fi\u00e8res\u00a0\u00bb ait officiellement saut\u00e9 une ann\u00e9e, nous aimerions bien mettre en lumi\u00e8re certaines activit\u00e9s. Apr\u00e8s tout, nous sommes toujours fiers de nos [&hellip;]\" \/>\n<meta property=\"og:url\" content=\"https:\/\/www.life-belini.be\/fr\/fiers-de-nos-rivieres-en-2023\/\" \/>\n<meta property=\"og:site_name\" content=\"LIFE Belini\" \/>\n<meta property=\"article:published_time\" content=\"2023-03-10T15:32:23+00:00\" \/>\n<meta property=\"article:modified_time\" content=\"2023-03-16T16:15:09+00:00\" \/>\n<meta property=\"og:image\" content=\"https:\/\/www.life-belini.be\/wp-content\/uploads\/2023\/03\/banner-fiere-rivieren_rivieresfieres_nodate_no-belini.png\" \/>\n\t<meta property=\"og:image:width\" content=\"901\" \/>\n\t<meta property=\"og:image:height\" content=\"428\" \/>\n\t<meta property=\"og:image:type\" content=\"image\/png\" \/>\n<meta name=\"author\" content=\"Belini\" \/>\n<meta name=\"twitter:card\" content=\"summary_large_image\" \/>\n<meta name=\"twitter:label1\" content=\"\u00c9crit par\" \/>\n\t<meta name=\"twitter:data1\" content=\"Belini\" \/>\n\t<meta name=\"twitter:label2\" content=\"Dur\u00e9e de lecture estim\u00e9e\" \/>\n\t<meta name=\"twitter:data2\" content=\"2 minutes\" \/>\n<script type=\"application\/ld+json\" class=\"yoast-schema-graph\">{\"@context\":\"https:\\\/\\\/schema.org\",\"@graph\":[{\"@type\":\"Article\",\"@id\":\"https:\\\/\\\/www.life-belini.be\\\/fr\\\/fiers-de-nos-rivieres-en-2023\\\/#article\",\"isPartOf\":{\"@id\":\"https:\\\/\\\/www.life-belini.be\\\/fr\\\/fiers-de-nos-rivieres-en-2023\\\/\"},\"author\":{\"name\":\"Belini\",\"@id\":\"https:\\\/\\\/www.life-belini.be\\\/nl\\\/#\\\/schema\\\/person\\\/b94136ff8b48ec02617a0a9ceee01cab\"},\"headline\":\"Fiers de nos Rivi\u00e8res en 2023 !\",\"datePublished\":\"2023-03-10T15:32:23+00:00\",\"dateModified\":\"2023-03-16T16:15:09+00:00\",\"mainEntityOfPage\":{\"@id\":\"https:\\\/\\\/www.life-belini.be\\\/fr\\\/fiers-de-nos-rivieres-en-2023\\\/\"},\"wordCount\":277,\"image\":{\"@id\":\"https:\\\/\\\/www.life-belini.be\\\/fr\\\/fiers-de-nos-rivieres-en-2023\\\/#primaryimage\"},\"thumbnailUrl\":\"https:\\\/\\\/www.life-belini.be\\\/wp-content\\\/uploads\\\/2023\\\/03\\\/banner-fiere-rivieren_rivieresfieres_nodate_no-belini.png\",\"articleSection\":[\"news fr\"],\"inLanguage\":\"fr-FR\"},{\"@type\":\"WebPage\",\"@id\":\"https:\\\/\\\/www.life-belini.be\\\/fr\\\/fiers-de-nos-rivieres-en-2023\\\/\",\"url\":\"https:\\\/\\\/www.life-belini.be\\\/fr\\\/fiers-de-nos-rivieres-en-2023\\\/\",\"name\":\"Fiers de nos Rivi\u00e8res en 2023 ! - LIFE Belini\",\"isPartOf\":{\"@id\":\"https:\\\/\\\/www.life-belini.be\\\/nl\\\/#website\"},\"primaryImageOfPage\":{\"@id\":\"https:\\\/\\\/www.life-belini.be\\\/fr\\\/fiers-de-nos-rivieres-en-2023\\\/#primaryimage\"},\"image\":{\"@id\":\"https:\\\/\\\/www.life-belini.be\\\/fr\\\/fiers-de-nos-rivieres-en-2023\\\/#primaryimage\"},\"thumbnailUrl\":\"https:\\\/\\\/www.life-belini.be\\\/wp-content\\\/uploads\\\/2023\\\/03\\\/banner-fiere-rivieren_rivieresfieres_nodate_no-belini.png\",\"datePublished\":\"2023-03-10T15:32:23+00:00\",\"dateModified\":\"2023-03-16T16:15:09+00:00\",\"author\":{\"@id\":\"https:\\\/\\\/www.life-belini.be\\\/nl\\\/#\\\/schema\\\/person\\\/b94136ff8b48ec02617a0a9ceee01cab\"},\"breadcrumb\":{\"@id\":\"https:\\\/\\\/www.life-belini.be\\\/fr\\\/fiers-de-nos-rivieres-en-2023\\\/#breadcrumb\"},\"inLanguage\":\"fr-FR\",\"potentialAction\":[{\"@type\":\"ReadAction\",\"target\":[\"https:\\\/\\\/www.life-belini.be\\\/fr\\\/fiers-de-nos-rivieres-en-2023\\\/\"]}]},{\"@type\":\"ImageObject\",\"inLanguage\":\"fr-FR\",\"@id\":\"https:\\\/\\\/www.life-belini.be\\\/fr\\\/fiers-de-nos-rivieres-en-2023\\\/#primaryimage\",\"url\":\"https:\\\/\\\/www.life-belini.be\\\/wp-content\\\/uploads\\\/2023\\\/03\\\/banner-fiere-rivieren_rivieresfieres_nodate_no-belini.png\",\"contentUrl\":\"https:\\\/\\\/www.life-belini.be\\\/wp-content\\\/uploads\\\/2023\\\/03\\\/banner-fiere-rivieren_rivieresfieres_nodate_no-belini.png\",\"width\":901,\"height\":428},{\"@type\":\"BreadcrumbList\",\"@id\":\"https:\\\/\\\/www.life-belini.be\\\/fr\\\/fiers-de-nos-rivieres-en-2023\\\/#breadcrumb\",\"itemListElement\":[{\"@type\":\"ListItem\",\"position\":1,\"name\":\"Home\",\"item\":\"https:\\\/\\\/www.life-belini.be\\\/fr\\\/home-2\\\/\"},{\"@type\":\"ListItem\",\"position\":2,\"name\":\"Fiers de nos Rivi\u00e8res en 2023 !\"}]},{\"@type\":\"WebSite\",\"@id\":\"https:\\\/\\\/www.life-belini.be\\\/nl\\\/#website\",\"url\":\"https:\\\/\\\/www.life-belini.be\\\/nl\\\/\",\"name\":\"LIFE Belini\",\"description\":\"Belgian initiative for making a leap forward towards good status in the river basin district of the Scheldt\",\"potentialAction\":[{\"@type\":\"SearchAction\",\"target\":{\"@type\":\"EntryPoint\",\"urlTemplate\":\"https:\\\/\\\/www.life-belini.be\\\/nl\\\/?s={search_term_string}\"},\"query-input\":{\"@type\":\"PropertyValueSpecification\",\"valueRequired\":true,\"valueName\":\"search_term_string\"}}],\"inLanguage\":\"fr-FR\"},{\"@type\":\"Person\",\"@id\":\"https:\\\/\\\/www.life-belini.be\\\/nl\\\/#\\\/schema\\\/person\\\/b94136ff8b48ec02617a0a9ceee01cab\",\"name\":\"Belini\",\"url\":\"https:\\\/\\\/www.life-belini.be\\\/fr\\\/author\\\/belini\\\/\"}]}<\/script>\n<!-- \/ Yoast SEO plugin. -->","yoast_head_json":{"title":"Fiers de nos Rivi\u00e8res en 2023 ! - LIFE Belini","robots":{"index":"index","follow":"follow","max-snippet":"max-snippet:-1","max-image-preview":"max-image-preview:large","max-video-preview":"max-video-preview:-1"},"canonical":"https:\/\/www.life-belini.be\/fr\/fiers-de-nos-rivieres-en-2023\/","og_locale":"fr_FR","og_type":"article","og_title":"Fiers de nos Rivi\u00e8res en 2023 ! - LIFE Belini","og_description":"Bien que notre campagne \u00ab\u00a0Fiere Rivieren &#8211; Rivi\u00e8res Fi\u00e8res\u00a0\u00bb ait officiellement saut\u00e9 une ann\u00e9e, nous aimerions bien mettre en lumi\u00e8re certaines activit\u00e9s. Apr\u00e8s tout, nous sommes toujours fiers de nos [&hellip;]","og_url":"https:\/\/www.life-belini.be\/fr\/fiers-de-nos-rivieres-en-2023\/","og_site_name":"LIFE Belini","article_published_time":"2023-03-10T15:32:23+00:00","article_modified_time":"2023-03-16T16:15:09+00:00","og_image":[{"width":901,"height":428,"url":"https:\/\/www.life-belini.be\/wp-content\/uploads\/2023\/03\/banner-fiere-rivieren_rivieresfieres_nodate_no-belini.png","type":"image\/png"}],"author":"Belini","twitter_card":"summary_large_image","twitter_misc":{"\u00c9crit par":"Belini","Dur\u00e9e de lecture estim\u00e9e":"2 minutes"},"schema":{"@context":"https:\/\/schema.org","@graph":[{"@type":"Article","@id":"https:\/\/www.life-belini.be\/fr\/fiers-de-nos-rivieres-en-2023\/#article","isPartOf":{"@id":"https:\/\/www.life-belini.be\/fr\/fiers-de-nos-rivieres-en-2023\/"},"author":{"name":"Belini","@id":"https:\/\/www.life-belini.be\/nl\/#\/schema\/person\/b94136ff8b48ec02617a0a9ceee01cab"},"headline":"Fiers de nos Rivi\u00e8res en 2023 !","datePublished":"2023-03-10T15:32:23+00:00","dateModified":"2023-03-16T16:15:09+00:00","mainEntityOfPage":{"@id":"https:\/\/www.life-belini.be\/fr\/fiers-de-nos-rivieres-en-2023\/"},"wordCount":277,"image":{"@id":"https:\/\/www.life-belini.be\/fr\/fiers-de-nos-rivieres-en-2023\/#primaryimage"},"thumbnailUrl":"https:\/\/www.life-belini.be\/wp-content\/uploads\/2023\/03\/banner-fiere-rivieren_rivieresfieres_nodate_no-belini.png","articleSection":["news fr"],"inLanguage":"fr-FR"},{"@type":"WebPage","@id":"https:\/\/www.life-belini.be\/fr\/fiers-de-nos-rivieres-en-2023\/","url":"https:\/\/www.life-belini.be\/fr\/fiers-de-nos-rivieres-en-2023\/","name":"Fiers de nos Rivi\u00e8res en 2023 ! - LIFE Belini","isPartOf":{"@id":"https:\/\/www.life-belini.be\/nl\/#website"},"primaryImageOfPage":{"@id":"https:\/\/www.life-belini.be\/fr\/fiers-de-nos-rivieres-en-2023\/#primaryimage"},"image":{"@id":"https:\/\/www.life-belini.be\/fr\/fiers-de-nos-rivieres-en-2023\/#primaryimage"},"thumbnailUrl":"https:\/\/www.life-belini.be\/wp-content\/uploads\/2023\/03\/banner-fiere-rivieren_rivieresfieres_nodate_no-belini.png","datePublished":"2023-03-10T15:32:23+00:00","dateModified":"2023-03-16T16:15:09+00:00","author":{"@id":"https:\/\/www.life-belini.be\/nl\/#\/schema\/person\/b94136ff8b48ec02617a0a9ceee01cab"},"breadcrumb":{"@id":"https:\/\/www.life-belini.be\/fr\/fiers-de-nos-rivieres-en-2023\/#breadcrumb"},"inLanguage":"fr-FR","potentialAction":[{"@type":"ReadAction","target":["https:\/\/www.life-belini.be\/fr\/fiers-de-nos-rivieres-en-2023\/"]}]},{"@type":"ImageObject","inLanguage":"fr-FR","@id":"https:\/\/www.life-belini.be\/fr\/fiers-de-nos-rivieres-en-2023\/#primaryimage","url":"https:\/\/www.life-belini.be\/wp-content\/uploads\/2023\/03\/banner-fiere-rivieren_rivieresfieres_nodate_no-belini.png","contentUrl":"https:\/\/www.life-belini.be\/wp-content\/uploads\/2023\/03\/banner-fiere-rivieren_rivieresfieres_nodate_no-belini.png","width":901,"height":428},{"@type":"BreadcrumbList","@id":"https:\/\/www.life-belini.be\/fr\/fiers-de-nos-rivieres-en-2023\/#breadcrumb","itemListElement":[{"@type":"ListItem","position":1,"name":"Home","item":"https:\/\/www.life-belini.be\/fr\/home-2\/"},{"@type":"ListItem","position":2,"name":"Fiers de nos Rivi\u00e8res en 2023 !"}]},{"@type":"WebSite","@id":"https:\/\/www.life-belini.be\/nl\/#website","url":"https:\/\/www.life-belini.be\/nl\/","name":"LIFE Belini","description":"Belgian initiative for making a leap forward towards good status in the river basin district of the Scheldt","potentialAction":[{"@type":"SearchAction","target":{"@type":"EntryPoint","urlTemplate":"https:\/\/www.life-belini.be\/nl\/?s={search_term_string}"},"query-input":{"@type":"PropertyValueSpecification","valueRequired":true,"valueName":"search_term_string"}}],"inLanguage":"fr-FR"},{"@type":"Person","@id":"https:\/\/www.life-belini.be\/nl\/#\/schema\/person\/b94136ff8b48ec02617a0a9ceee01cab","name":"Belini","url":"https:\/\/www.life-belini.be\/fr\/author\/belini\/"}]}},"_links":{"self":[{"href":"https:\/\/www.life-belini.be\/fr\/wp-json\/wp\/v2\/posts\/7499","targetHints":{"allow":["GET"]}}],"collection":[{"href":"https:\/\/www.life-belini.be\/fr\/wp-json\/wp\/v2\/posts"}],"about":[{"href":"https:\/\/www.life-belini.be\/fr\/wp-json\/wp\/v2\/types\/post"}],"author":[{"embeddable":true,"href":"https:\/\/www.life-belini.be\/fr\/wp-json\/wp\/v2\/users\/7"}],"replies":[{"embeddable":true,"href":"https:\/\/www.life-belini.be\/fr\/wp-json\/wp\/v2\/comments?post=7499"}],"version-history":[{"count":6,"href":"https:\/\/www.life-belini.be\/fr\/wp-json\/wp\/v2\/posts\/7499\/revisions"}],"predecessor-version":[{"id":7627,"href":"https:\/\/www.life-belini.be\/fr\/wp-json\/wp\/v2\/posts\/7499\/revisions\/7627"}],"wp:featuredmedia":[{"embeddable":true,"href":"https:\/\/www.life-belini.be\/fr\/wp-json\/wp\/v2\/media\/7487"}],"wp:attachment":[{"href":"https:\/\/www.life-belini.be\/fr\/wp-json\/wp\/v2\/media?parent=7499"}],"wp:term":[{"taxonomy":"category","embeddable":true,"href":"https:\/\/www.life-belini.be\/fr\/wp-json\/wp\/v2\/categories?post=7499"},{"taxonomy":"post_tag","embeddable":true,"href":"https:\/\/www.life-belini.be\/fr\/wp-json\/wp\/v2\/tags?post=7499"}],"curies":[{"name":"wp","href":"https:\/\/api.w.org\/{rel}","templated":true}]}}