{"id":7445,"date":"2022-10-14T12:59:32","date_gmt":"2022-10-14T12:59:32","guid":{"rendered":"https:\/\/www.life-belini.be\/?p=7445"},"modified":"2023-03-10T13:02:14","modified_gmt":"2023-03-10T13:02:14","slug":"journee-dyle-senne-reussie-levende-woluwe","status":"publish","type":"post","link":"https:\/\/www.life-belini.be\/fr\/journee-dyle-senne-reussie-levende-woluwe\/","title":{"rendered":"Journ\u00e9e Dyle-Senne r\u00e9ussie : \u00ab Leve(n)de Woluwe \u00bb"},"content":{"rendered":"<p>Le 14 octobre, la Vlaamse Milieumaatschappij et le projet strat\u00e9gique Woluwe ont organis\u00e9 la troisi\u00e8me Journ\u00e9e Dyle-Senne \u00e0 Kraainem. Une \u00e9dition tr\u00e8s r\u00e9ussie avec une centaine de participants int\u00e9ress\u00e9s et un d\u00e9part en fanfare pour le projet strat\u00e9gique \u00ab\u00a0Leve(n)de Woluwe\u00a0\u00bb dans le cadre duquel de nombreux partenaires s\u2019engagent \u00e0 redonner \u00e0 la vall\u00e9e fluviale sa gloire d\u2019antan\u00a0!<\/p>\n","protected":false},"excerpt":{"rendered":"<p>Le 14 octobre, la Vlaamse Milieumaatschappij et le projet strat\u00e9gique Woluwe ont organis\u00e9 la troisi\u00e8me Journ\u00e9e Dyle-Senne \u00e0 Kraainem. Une \u00e9dition tr\u00e8s r\u00e9ussie avec une centaine de participants int\u00e9ress\u00e9s et [&hellip;]<\/p>\n","protected":false},"author":7,"featured_media":7312,"comment_status":"closed","ping_status":"closed","sticky":false,"template":"","format":"standard","meta":{"_acf_changed":false,"_exactmetrics_skip_tracking":false,"_exactmetrics_sitenote_active":false,"_exactmetrics_sitenote_note":"","_exactmetrics_sitenote_category":0,"footnotes":""},"categories":[30],"tags":[],"class_list":["post-7445","post","type-post","status-publish","format-standard","has-post-thumbnail","hentry","category-news-fr"],"acf":[],"yoast_head":"<!-- This site is optimized with the Yoast SEO plugin v27.4 - https:\/\/yoast.com\/product\/yoast-seo-wordpress\/ -->\n<title>Journ\u00e9e Dyle-Senne r\u00e9ussie : \u00ab Leve(n)de Woluwe \u00bb - LIFE Belini<\/title>\n<meta name=\"robots\" content=\"index, follow, max-snippet:-1, max-image-preview:large, max-video-preview:-1\" \/>\n<link rel=\"canonical\" href=\"https:\/\/www.life-belini.be\/fr\/journee-dyle-senne-reussie-levende-woluwe\/\" \/>\n<meta property=\"og:locale\" content=\"fr_FR\" \/>\n<meta property=\"og:type\" content=\"article\" \/>\n<meta property=\"og:title\" content=\"Journ\u00e9e Dyle-Senne r\u00e9ussie : \u00ab Leve(n)de Woluwe \u00bb - LIFE Belini\" \/>\n<meta property=\"og:description\" content=\"Le 14 octobre, la Vlaamse Milieumaatschappij et le projet strat\u00e9gique Woluwe ont organis\u00e9 la troisi\u00e8me Journ\u00e9e Dyle-Senne \u00e0 Kraainem. Une \u00e9dition tr\u00e8s r\u00e9ussie avec une centaine de participants int\u00e9ress\u00e9s et [&hellip;]\" \/>\n<meta property=\"og:url\" content=\"https:\/\/www.life-belini.be\/fr\/journee-dyle-senne-reussie-levende-woluwe\/\" \/>\n<meta property=\"og:site_name\" content=\"LIFE Belini\" \/>\n<meta property=\"article:published_time\" content=\"2022-10-14T12:59:32+00:00\" \/>\n<meta property=\"article:modified_time\" content=\"2023-03-10T13:02:14+00:00\" \/>\n<meta property=\"og:image\" content=\"https:\/\/www.life-belini.be\/wp-content\/uploads\/2022\/10\/DZ-dag2022_7.jpg\" \/>\n\t<meta property=\"og:image:width\" content=\"2048\" \/>\n\t<meta property=\"og:image:height\" content=\"1365\" \/>\n\t<meta property=\"og:image:type\" content=\"image\/jpeg\" \/>\n<meta name=\"author\" content=\"Belini\" \/>\n<meta name=\"twitter:card\" content=\"summary_large_image\" \/>\n<meta name=\"twitter:label1\" content=\"\u00c9crit par\" \/>\n\t<meta name=\"twitter:data1\" content=\"Belini\" \/>\n\t<meta name=\"twitter:label2\" content=\"Dur\u00e9e de lecture estim\u00e9e\" \/>\n\t<meta name=\"twitter:data2\" content=\"1 minute\" \/>\n<script type=\"application\/ld+json\" class=\"yoast-schema-graph\">{\"@context\":\"https:\\\/\\\/schema.org\",\"@graph\":[{\"@type\":\"Article\",\"@id\":\"https:\\\/\\\/www.life-belini.be\\\/fr\\\/journee-dyle-senne-reussie-levende-woluwe\\\/#article\",\"isPartOf\":{\"@id\":\"https:\\\/\\\/www.life-belini.be\\\/fr\\\/journee-dyle-senne-reussie-levende-woluwe\\\/\"},\"author\":{\"name\":\"Belini\",\"@id\":\"https:\\\/\\\/www.life-belini.be\\\/nl\\\/#\\\/schema\\\/person\\\/b94136ff8b48ec02617a0a9ceee01cab\"},\"headline\":\"Journ\u00e9e Dyle-Senne r\u00e9ussie : \u00ab Leve(n)de Woluwe \u00bb\",\"datePublished\":\"2022-10-14T12:59:32+00:00\",\"dateModified\":\"2023-03-10T13:02:14+00:00\",\"mainEntityOfPage\":{\"@id\":\"https:\\\/\\\/www.life-belini.be\\\/fr\\\/journee-dyle-senne-reussie-levende-woluwe\\\/\"},\"wordCount\":76,\"image\":{\"@id\":\"https:\\\/\\\/www.life-belini.be\\\/fr\\\/journee-dyle-senne-reussie-levende-woluwe\\\/#primaryimage\"},\"thumbnailUrl\":\"https:\\\/\\\/www.life-belini.be\\\/wp-content\\\/uploads\\\/2022\\\/10\\\/DZ-dag2022_7.jpg\",\"articleSection\":[\"news fr\"],\"inLanguage\":\"fr-FR\"},{\"@type\":\"WebPage\",\"@id\":\"https:\\\/\\\/www.life-belini.be\\\/fr\\\/journee-dyle-senne-reussie-levende-woluwe\\\/\",\"url\":\"https:\\\/\\\/www.life-belini.be\\\/fr\\\/journee-dyle-senne-reussie-levende-woluwe\\\/\",\"name\":\"Journ\u00e9e Dyle-Senne r\u00e9ussie : \u00ab Leve(n)de Woluwe \u00bb - LIFE Belini\",\"isPartOf\":{\"@id\":\"https:\\\/\\\/www.life-belini.be\\\/nl\\\/#website\"},\"primaryImageOfPage\":{\"@id\":\"https:\\\/\\\/www.life-belini.be\\\/fr\\\/journee-dyle-senne-reussie-levende-woluwe\\\/#primaryimage\"},\"image\":{\"@id\":\"https:\\\/\\\/www.life-belini.be\\\/fr\\\/journee-dyle-senne-reussie-levende-woluwe\\\/#primaryimage\"},\"thumbnailUrl\":\"https:\\\/\\\/www.life-belini.be\\\/wp-content\\\/uploads\\\/2022\\\/10\\\/DZ-dag2022_7.jpg\",\"datePublished\":\"2022-10-14T12:59:32+00:00\",\"dateModified\":\"2023-03-10T13:02:14+00:00\",\"author\":{\"@id\":\"https:\\\/\\\/www.life-belini.be\\\/nl\\\/#\\\/schema\\\/person\\\/b94136ff8b48ec02617a0a9ceee01cab\"},\"breadcrumb\":{\"@id\":\"https:\\\/\\\/www.life-belini.be\\\/fr\\\/journee-dyle-senne-reussie-levende-woluwe\\\/#breadcrumb\"},\"inLanguage\":\"fr-FR\",\"potentialAction\":[{\"@type\":\"ReadAction\",\"target\":[\"https:\\\/\\\/www.life-belini.be\\\/fr\\\/journee-dyle-senne-reussie-levende-woluwe\\\/\"]}]},{\"@type\":\"ImageObject\",\"inLanguage\":\"fr-FR\",\"@id\":\"https:\\\/\\\/www.life-belini.be\\\/fr\\\/journee-dyle-senne-reussie-levende-woluwe\\\/#primaryimage\",\"url\":\"https:\\\/\\\/www.life-belini.be\\\/wp-content\\\/uploads\\\/2022\\\/10\\\/DZ-dag2022_7.jpg\",\"contentUrl\":\"https:\\\/\\\/www.life-belini.be\\\/wp-content\\\/uploads\\\/2022\\\/10\\\/DZ-dag2022_7.jpg\",\"width\":2048,\"height\":1365},{\"@type\":\"BreadcrumbList\",\"@id\":\"https:\\\/\\\/www.life-belini.be\\\/fr\\\/journee-dyle-senne-reussie-levende-woluwe\\\/#breadcrumb\",\"itemListElement\":[{\"@type\":\"ListItem\",\"position\":1,\"name\":\"Home\",\"item\":\"https:\\\/\\\/www.life-belini.be\\\/fr\\\/home-2\\\/\"},{\"@type\":\"ListItem\",\"position\":2,\"name\":\"Journ\u00e9e Dyle-Senne r\u00e9ussie : \u00ab Leve(n)de Woluwe \u00bb\"}]},{\"@type\":\"WebSite\",\"@id\":\"https:\\\/\\\/www.life-belini.be\\\/nl\\\/#website\",\"url\":\"https:\\\/\\\/www.life-belini.be\\\/nl\\\/\",\"name\":\"LIFE Belini\",\"description\":\"Belgian initiative for making a leap forward towards good status in the river basin district of the Scheldt\",\"potentialAction\":[{\"@type\":\"SearchAction\",\"target\":{\"@type\":\"EntryPoint\",\"urlTemplate\":\"https:\\\/\\\/www.life-belini.be\\\/nl\\\/?s={search_term_string}\"},\"query-input\":{\"@type\":\"PropertyValueSpecification\",\"valueRequired\":true,\"valueName\":\"search_term_string\"}}],\"inLanguage\":\"fr-FR\"},{\"@type\":\"Person\",\"@id\":\"https:\\\/\\\/www.life-belini.be\\\/nl\\\/#\\\/schema\\\/person\\\/b94136ff8b48ec02617a0a9ceee01cab\",\"name\":\"Belini\",\"url\":\"https:\\\/\\\/www.life-belini.be\\\/fr\\\/author\\\/belini\\\/\"}]}<\/script>\n<!-- \/ Yoast SEO plugin. -->","yoast_head_json":{"title":"Journ\u00e9e Dyle-Senne r\u00e9ussie : \u00ab Leve(n)de Woluwe \u00bb - LIFE Belini","robots":{"index":"index","follow":"follow","max-snippet":"max-snippet:-1","max-image-preview":"max-image-preview:large","max-video-preview":"max-video-preview:-1"},"canonical":"https:\/\/www.life-belini.be\/fr\/journee-dyle-senne-reussie-levende-woluwe\/","og_locale":"fr_FR","og_type":"article","og_title":"Journ\u00e9e Dyle-Senne r\u00e9ussie : \u00ab Leve(n)de Woluwe \u00bb - LIFE Belini","og_description":"Le 14 octobre, la Vlaamse Milieumaatschappij et le projet strat\u00e9gique Woluwe ont organis\u00e9 la troisi\u00e8me Journ\u00e9e Dyle-Senne \u00e0 Kraainem. Une \u00e9dition tr\u00e8s r\u00e9ussie avec une centaine de participants int\u00e9ress\u00e9s et [&hellip;]","og_url":"https:\/\/www.life-belini.be\/fr\/journee-dyle-senne-reussie-levende-woluwe\/","og_site_name":"LIFE Belini","article_published_time":"2022-10-14T12:59:32+00:00","article_modified_time":"2023-03-10T13:02:14+00:00","og_image":[{"width":2048,"height":1365,"url":"https:\/\/www.life-belini.be\/wp-content\/uploads\/2022\/10\/DZ-dag2022_7.jpg","type":"image\/jpeg"}],"author":"Belini","twitter_card":"summary_large_image","twitter_misc":{"\u00c9crit par":"Belini","Dur\u00e9e de lecture estim\u00e9e":"1 minute"},"schema":{"@context":"https:\/\/schema.org","@graph":[{"@type":"Article","@id":"https:\/\/www.life-belini.be\/fr\/journee-dyle-senne-reussie-levende-woluwe\/#article","isPartOf":{"@id":"https:\/\/www.life-belini.be\/fr\/journee-dyle-senne-reussie-levende-woluwe\/"},"author":{"name":"Belini","@id":"https:\/\/www.life-belini.be\/nl\/#\/schema\/person\/b94136ff8b48ec02617a0a9ceee01cab"},"headline":"Journ\u00e9e Dyle-Senne r\u00e9ussie : \u00ab Leve(n)de Woluwe \u00bb","datePublished":"2022-10-14T12:59:32+00:00","dateModified":"2023-03-10T13:02:14+00:00","mainEntityOfPage":{"@id":"https:\/\/www.life-belini.be\/fr\/journee-dyle-senne-reussie-levende-woluwe\/"},"wordCount":76,"image":{"@id":"https:\/\/www.life-belini.be\/fr\/journee-dyle-senne-reussie-levende-woluwe\/#primaryimage"},"thumbnailUrl":"https:\/\/www.life-belini.be\/wp-content\/uploads\/2022\/10\/DZ-dag2022_7.jpg","articleSection":["news fr"],"inLanguage":"fr-FR"},{"@type":"WebPage","@id":"https:\/\/www.life-belini.be\/fr\/journee-dyle-senne-reussie-levende-woluwe\/","url":"https:\/\/www.life-belini.be\/fr\/journee-dyle-senne-reussie-levende-woluwe\/","name":"Journ\u00e9e Dyle-Senne r\u00e9ussie : \u00ab Leve(n)de Woluwe \u00bb - LIFE Belini","isPartOf":{"@id":"https:\/\/www.life-belini.be\/nl\/#website"},"primaryImageOfPage":{"@id":"https:\/\/www.life-belini.be\/fr\/journee-dyle-senne-reussie-levende-woluwe\/#primaryimage"},"image":{"@id":"https:\/\/www.life-belini.be\/fr\/journee-dyle-senne-reussie-levende-woluwe\/#primaryimage"},"thumbnailUrl":"https:\/\/www.life-belini.be\/wp-content\/uploads\/2022\/10\/DZ-dag2022_7.jpg","datePublished":"2022-10-14T12:59:32+00:00","dateModified":"2023-03-10T13:02:14+00:00","author":{"@id":"https:\/\/www.life-belini.be\/nl\/#\/schema\/person\/b94136ff8b48ec02617a0a9ceee01cab"},"breadcrumb":{"@id":"https:\/\/www.life-belini.be\/fr\/journee-dyle-senne-reussie-levende-woluwe\/#breadcrumb"},"inLanguage":"fr-FR","potentialAction":[{"@type":"ReadAction","target":["https:\/\/www.life-belini.be\/fr\/journee-dyle-senne-reussie-levende-woluwe\/"]}]},{"@type":"ImageObject","inLanguage":"fr-FR","@id":"https:\/\/www.life-belini.be\/fr\/journee-dyle-senne-reussie-levende-woluwe\/#primaryimage","url":"https:\/\/www.life-belini.be\/wp-content\/uploads\/2022\/10\/DZ-dag2022_7.jpg","contentUrl":"https:\/\/www.life-belini.be\/wp-content\/uploads\/2022\/10\/DZ-dag2022_7.jpg","width":2048,"height":1365},{"@type":"BreadcrumbList","@id":"https:\/\/www.life-belini.be\/fr\/journee-dyle-senne-reussie-levende-woluwe\/#breadcrumb","itemListElement":[{"@type":"ListItem","position":1,"name":"Home","item":"https:\/\/www.life-belini.be\/fr\/home-2\/"},{"@type":"ListItem","position":2,"name":"Journ\u00e9e Dyle-Senne r\u00e9ussie : \u00ab Leve(n)de Woluwe \u00bb"}]},{"@type":"WebSite","@id":"https:\/\/www.life-belini.be\/nl\/#website","url":"https:\/\/www.life-belini.be\/nl\/","name":"LIFE Belini","description":"Belgian initiative for making a leap forward towards good status in the river basin district of the Scheldt","potentialAction":[{"@type":"SearchAction","target":{"@type":"EntryPoint","urlTemplate":"https:\/\/www.life-belini.be\/nl\/?s={search_term_string}"},"query-input":{"@type":"PropertyValueSpecification","valueRequired":true,"valueName":"search_term_string"}}],"inLanguage":"fr-FR"},{"@type":"Person","@id":"https:\/\/www.life-belini.be\/nl\/#\/schema\/person\/b94136ff8b48ec02617a0a9ceee01cab","name":"Belini","url":"https:\/\/www.life-belini.be\/fr\/author\/belini\/"}]}},"_links":{"self":[{"href":"https:\/\/www.life-belini.be\/fr\/wp-json\/wp\/v2\/posts\/7445","targetHints":{"allow":["GET"]}}],"collection":[{"href":"https:\/\/www.life-belini.be\/fr\/wp-json\/wp\/v2\/posts"}],"about":[{"href":"https:\/\/www.life-belini.be\/fr\/wp-json\/wp\/v2\/types\/post"}],"author":[{"embeddable":true,"href":"https:\/\/www.life-belini.be\/fr\/wp-json\/wp\/v2\/users\/7"}],"replies":[{"embeddable":true,"href":"https:\/\/www.life-belini.be\/fr\/wp-json\/wp\/v2\/comments?post=7445"}],"version-history":[{"count":5,"href":"https:\/\/www.life-belini.be\/fr\/wp-json\/wp\/v2\/posts\/7445\/revisions"}],"predecessor-version":[{"id":7451,"href":"https:\/\/www.life-belini.be\/fr\/wp-json\/wp\/v2\/posts\/7445\/revisions\/7451"}],"wp:featuredmedia":[{"embeddable":true,"href":"https:\/\/www.life-belini.be\/fr\/wp-json\/wp\/v2\/media\/7312"}],"wp:attachment":[{"href":"https:\/\/www.life-belini.be\/fr\/wp-json\/wp\/v2\/media?parent=7445"}],"wp:term":[{"taxonomy":"category","embeddable":true,"href":"https:\/\/www.life-belini.be\/fr\/wp-json\/wp\/v2\/categories?post=7445"},{"taxonomy":"post_tag","embeddable":true,"href":"https:\/\/www.life-belini.be\/fr\/wp-json\/wp\/v2\/tags?post=7445"}],"curies":[{"name":"wp","href":"https:\/\/api.w.org\/{rel}","templated":true}]}}