{"id":7440,"date":"2022-08-25T12:51:01","date_gmt":"2022-08-25T12:51:01","guid":{"rendered":"https:\/\/www.life-belini.be\/?p=7440"},"modified":"2023-03-10T13:04:06","modified_gmt":"2023-03-10T13:04:06","slug":"lyse-voit-a-nouveau-la-lumiere-du-jour-a-overijse","status":"publish","type":"post","link":"https:\/\/www.life-belini.be\/fr\/lyse-voit-a-nouveau-la-lumiere-du-jour-a-overijse\/","title":{"rendered":"L\u2019Yse voit \u00e0 nouveau la lumi\u00e8re du jour \u00e0 Overijse"},"content":{"rendered":"<p>L\u2019Yse enjolive \u00e0 nouveau la ville pr\u00e8s du parc de la Jan Baptist Dekeyserstraat \u00e0 Overijse.<\/p>\n<p>Avec les travaux d\u2019assainissement dans la Jan Baptist Dekeyserstraat \u00e0 Overijse, l\u2019occasion a \u00e9t\u00e9 saisie de r\u00e9tablir ici l\u2019Yse canalis\u00e9e \u00e0 ciel ouvert.<\/p>\n<p>Pour ce faire, la province du Brabant flamand et la commune d\u2019Overijse se sont associ\u00e9es \u00e0 Aquafin.<\/p>\n<p>Un cours d\u2019eau d\u2019une soixantaine de m\u00e8tres voit d\u00e9sormais \u00e0 nouveau la lumi\u00e8re du jour. \u00ab\u00a0Ces travaux s\u2019inscrivent dans le cadre de nos efforts pr\u00e9c\u00e9dents visant \u00e0 accro\u00eetre la qualit\u00e9 \u00e9cologique de l\u2019Yse\u00a0\u00bb, a d\u00e9clar\u00e9 Bart Nevens, d\u00e9put\u00e9 aux cours d\u2019eau.<\/p>\n<p>Pour l\u2019ouverture de l\u2019Yse, la province du Brabant flamand, avec le soutien du projet LIFE Belini, a investi 90\u00a0000 euros.<\/p>\n<p>Les travaux ont eu lieu \u00e0 l\u2019automne 2021. Entre-temps, un an plus tard, ils sont bien int\u00e9gr\u00e9s dans le paysage.<\/p>\n<p>Au niveau de Belini, ces travaux s\u2019inscrivent dans un projet plus vaste intitul\u00e9 \u00ab\u00a0Restauration de l\u2019hydromorphologie dans la vall\u00e9e de l\u2019Yse\u00a0\u00bb.<\/p>\n","protected":false},"excerpt":{"rendered":"<p>L\u2019Yse enjolive \u00e0 nouveau la ville pr\u00e8s du parc de la Jan Baptist Dekeyserstraat \u00e0 Overijse. Avec les travaux d\u2019assainissement dans la Jan Baptist Dekeyserstraat \u00e0 Overijse, l\u2019occasion a \u00e9t\u00e9 [&hellip;]<\/p>\n","protected":false},"author":7,"featured_media":7349,"comment_status":"closed","ping_status":"closed","sticky":false,"template":"","format":"standard","meta":{"_acf_changed":false,"_exactmetrics_skip_tracking":false,"_exactmetrics_sitenote_active":false,"_exactmetrics_sitenote_note":"","_exactmetrics_sitenote_category":0,"footnotes":""},"categories":[30],"tags":[],"class_list":["post-7440","post","type-post","status-publish","format-standard","has-post-thumbnail","hentry","category-news-fr"],"acf":[],"yoast_head":"<!-- This site is optimized with the Yoast SEO plugin v27.4 - https:\/\/yoast.com\/product\/yoast-seo-wordpress\/ -->\n<title>L\u2019Yse voit \u00e0 nouveau la lumi\u00e8re du jour \u00e0 Overijse - LIFE Belini<\/title>\n<meta name=\"robots\" content=\"index, follow, max-snippet:-1, max-image-preview:large, max-video-preview:-1\" \/>\n<link rel=\"canonical\" href=\"https:\/\/www.life-belini.be\/fr\/lyse-voit-a-nouveau-la-lumiere-du-jour-a-overijse\/\" \/>\n<meta property=\"og:locale\" content=\"fr_FR\" \/>\n<meta property=\"og:type\" content=\"article\" \/>\n<meta property=\"og:title\" content=\"L\u2019Yse voit \u00e0 nouveau la lumi\u00e8re du jour \u00e0 Overijse - LIFE Belini\" \/>\n<meta property=\"og:description\" content=\"L\u2019Yse enjolive \u00e0 nouveau la ville pr\u00e8s du parc de la Jan Baptist Dekeyserstraat \u00e0 Overijse. Avec les travaux d\u2019assainissement dans la Jan Baptist Dekeyserstraat \u00e0 Overijse, l\u2019occasion a \u00e9t\u00e9 [&hellip;]\" \/>\n<meta property=\"og:url\" content=\"https:\/\/www.life-belini.be\/fr\/lyse-voit-a-nouveau-la-lumiere-du-jour-a-overijse\/\" \/>\n<meta property=\"og:site_name\" content=\"LIFE Belini\" \/>\n<meta property=\"article:published_time\" content=\"2022-08-25T12:51:01+00:00\" \/>\n<meta property=\"article:modified_time\" content=\"2023-03-10T13:04:06+00:00\" \/>\n<meta property=\"og:image\" content=\"https:\/\/www.life-belini.be\/wp-content\/uploads\/2023\/03\/zomer2022-einde.jpg\" \/>\n\t<meta property=\"og:image:width\" content=\"1920\" \/>\n\t<meta property=\"og:image:height\" content=\"1281\" \/>\n\t<meta property=\"og:image:type\" content=\"image\/jpeg\" \/>\n<meta name=\"author\" content=\"Belini\" \/>\n<meta name=\"twitter:card\" content=\"summary_large_image\" \/>\n<meta name=\"twitter:label1\" content=\"\u00c9crit par\" \/>\n\t<meta name=\"twitter:data1\" content=\"Belini\" \/>\n\t<meta name=\"twitter:label2\" content=\"Dur\u00e9e de lecture estim\u00e9e\" \/>\n\t<meta name=\"twitter:data2\" content=\"1 minute\" \/>\n<script type=\"application\/ld+json\" class=\"yoast-schema-graph\">{\"@context\":\"https:\\\/\\\/schema.org\",\"@graph\":[{\"@type\":\"Article\",\"@id\":\"https:\\\/\\\/www.life-belini.be\\\/fr\\\/lyse-voit-a-nouveau-la-lumiere-du-jour-a-overijse\\\/#article\",\"isPartOf\":{\"@id\":\"https:\\\/\\\/www.life-belini.be\\\/fr\\\/lyse-voit-a-nouveau-la-lumiere-du-jour-a-overijse\\\/\"},\"author\":{\"name\":\"Belini\",\"@id\":\"https:\\\/\\\/www.life-belini.be\\\/nl\\\/#\\\/schema\\\/person\\\/b94136ff8b48ec02617a0a9ceee01cab\"},\"headline\":\"L\u2019Yse voit \u00e0 nouveau la lumi\u00e8re du jour \u00e0 Overijse\",\"datePublished\":\"2022-08-25T12:51:01+00:00\",\"dateModified\":\"2023-03-10T13:04:06+00:00\",\"mainEntityOfPage\":{\"@id\":\"https:\\\/\\\/www.life-belini.be\\\/fr\\\/lyse-voit-a-nouveau-la-lumiere-du-jour-a-overijse\\\/\"},\"wordCount\":189,\"image\":{\"@id\":\"https:\\\/\\\/www.life-belini.be\\\/fr\\\/lyse-voit-a-nouveau-la-lumiere-du-jour-a-overijse\\\/#primaryimage\"},\"thumbnailUrl\":\"https:\\\/\\\/www.life-belini.be\\\/wp-content\\\/uploads\\\/2023\\\/03\\\/zomer2022-einde.jpg\",\"articleSection\":[\"news fr\"],\"inLanguage\":\"fr-FR\"},{\"@type\":\"WebPage\",\"@id\":\"https:\\\/\\\/www.life-belini.be\\\/fr\\\/lyse-voit-a-nouveau-la-lumiere-du-jour-a-overijse\\\/\",\"url\":\"https:\\\/\\\/www.life-belini.be\\\/fr\\\/lyse-voit-a-nouveau-la-lumiere-du-jour-a-overijse\\\/\",\"name\":\"L\u2019Yse voit \u00e0 nouveau la lumi\u00e8re du jour \u00e0 Overijse - LIFE Belini\",\"isPartOf\":{\"@id\":\"https:\\\/\\\/www.life-belini.be\\\/nl\\\/#website\"},\"primaryImageOfPage\":{\"@id\":\"https:\\\/\\\/www.life-belini.be\\\/fr\\\/lyse-voit-a-nouveau-la-lumiere-du-jour-a-overijse\\\/#primaryimage\"},\"image\":{\"@id\":\"https:\\\/\\\/www.life-belini.be\\\/fr\\\/lyse-voit-a-nouveau-la-lumiere-du-jour-a-overijse\\\/#primaryimage\"},\"thumbnailUrl\":\"https:\\\/\\\/www.life-belini.be\\\/wp-content\\\/uploads\\\/2023\\\/03\\\/zomer2022-einde.jpg\",\"datePublished\":\"2022-08-25T12:51:01+00:00\",\"dateModified\":\"2023-03-10T13:04:06+00:00\",\"author\":{\"@id\":\"https:\\\/\\\/www.life-belini.be\\\/nl\\\/#\\\/schema\\\/person\\\/b94136ff8b48ec02617a0a9ceee01cab\"},\"breadcrumb\":{\"@id\":\"https:\\\/\\\/www.life-belini.be\\\/fr\\\/lyse-voit-a-nouveau-la-lumiere-du-jour-a-overijse\\\/#breadcrumb\"},\"inLanguage\":\"fr-FR\",\"potentialAction\":[{\"@type\":\"ReadAction\",\"target\":[\"https:\\\/\\\/www.life-belini.be\\\/fr\\\/lyse-voit-a-nouveau-la-lumiere-du-jour-a-overijse\\\/\"]}]},{\"@type\":\"ImageObject\",\"inLanguage\":\"fr-FR\",\"@id\":\"https:\\\/\\\/www.life-belini.be\\\/fr\\\/lyse-voit-a-nouveau-la-lumiere-du-jour-a-overijse\\\/#primaryimage\",\"url\":\"https:\\\/\\\/www.life-belini.be\\\/wp-content\\\/uploads\\\/2023\\\/03\\\/zomer2022-einde.jpg\",\"contentUrl\":\"https:\\\/\\\/www.life-belini.be\\\/wp-content\\\/uploads\\\/2023\\\/03\\\/zomer2022-einde.jpg\",\"width\":1920,\"height\":1281},{\"@type\":\"BreadcrumbList\",\"@id\":\"https:\\\/\\\/www.life-belini.be\\\/fr\\\/lyse-voit-a-nouveau-la-lumiere-du-jour-a-overijse\\\/#breadcrumb\",\"itemListElement\":[{\"@type\":\"ListItem\",\"position\":1,\"name\":\"Home\",\"item\":\"https:\\\/\\\/www.life-belini.be\\\/fr\\\/home-2\\\/\"},{\"@type\":\"ListItem\",\"position\":2,\"name\":\"L\u2019Yse voit \u00e0 nouveau la lumi\u00e8re du jour \u00e0 Overijse\"}]},{\"@type\":\"WebSite\",\"@id\":\"https:\\\/\\\/www.life-belini.be\\\/nl\\\/#website\",\"url\":\"https:\\\/\\\/www.life-belini.be\\\/nl\\\/\",\"name\":\"LIFE Belini\",\"description\":\"Belgian initiative for making a leap forward towards good status in the river basin district of the Scheldt\",\"potentialAction\":[{\"@type\":\"SearchAction\",\"target\":{\"@type\":\"EntryPoint\",\"urlTemplate\":\"https:\\\/\\\/www.life-belini.be\\\/nl\\\/?s={search_term_string}\"},\"query-input\":{\"@type\":\"PropertyValueSpecification\",\"valueRequired\":true,\"valueName\":\"search_term_string\"}}],\"inLanguage\":\"fr-FR\"},{\"@type\":\"Person\",\"@id\":\"https:\\\/\\\/www.life-belini.be\\\/nl\\\/#\\\/schema\\\/person\\\/b94136ff8b48ec02617a0a9ceee01cab\",\"name\":\"Belini\",\"url\":\"https:\\\/\\\/www.life-belini.be\\\/fr\\\/author\\\/belini\\\/\"}]}<\/script>\n<!-- \/ Yoast SEO plugin. -->","yoast_head_json":{"title":"L\u2019Yse voit \u00e0 nouveau la lumi\u00e8re du jour \u00e0 Overijse - LIFE Belini","robots":{"index":"index","follow":"follow","max-snippet":"max-snippet:-1","max-image-preview":"max-image-preview:large","max-video-preview":"max-video-preview:-1"},"canonical":"https:\/\/www.life-belini.be\/fr\/lyse-voit-a-nouveau-la-lumiere-du-jour-a-overijse\/","og_locale":"fr_FR","og_type":"article","og_title":"L\u2019Yse voit \u00e0 nouveau la lumi\u00e8re du jour \u00e0 Overijse - LIFE Belini","og_description":"L\u2019Yse enjolive \u00e0 nouveau la ville pr\u00e8s du parc de la Jan Baptist Dekeyserstraat \u00e0 Overijse. Avec les travaux d\u2019assainissement dans la Jan Baptist Dekeyserstraat \u00e0 Overijse, l\u2019occasion a \u00e9t\u00e9 [&hellip;]","og_url":"https:\/\/www.life-belini.be\/fr\/lyse-voit-a-nouveau-la-lumiere-du-jour-a-overijse\/","og_site_name":"LIFE Belini","article_published_time":"2022-08-25T12:51:01+00:00","article_modified_time":"2023-03-10T13:04:06+00:00","og_image":[{"width":1920,"height":1281,"url":"https:\/\/www.life-belini.be\/wp-content\/uploads\/2023\/03\/zomer2022-einde.jpg","type":"image\/jpeg"}],"author":"Belini","twitter_card":"summary_large_image","twitter_misc":{"\u00c9crit par":"Belini","Dur\u00e9e de lecture estim\u00e9e":"1 minute"},"schema":{"@context":"https:\/\/schema.org","@graph":[{"@type":"Article","@id":"https:\/\/www.life-belini.be\/fr\/lyse-voit-a-nouveau-la-lumiere-du-jour-a-overijse\/#article","isPartOf":{"@id":"https:\/\/www.life-belini.be\/fr\/lyse-voit-a-nouveau-la-lumiere-du-jour-a-overijse\/"},"author":{"name":"Belini","@id":"https:\/\/www.life-belini.be\/nl\/#\/schema\/person\/b94136ff8b48ec02617a0a9ceee01cab"},"headline":"L\u2019Yse voit \u00e0 nouveau la lumi\u00e8re du jour \u00e0 Overijse","datePublished":"2022-08-25T12:51:01+00:00","dateModified":"2023-03-10T13:04:06+00:00","mainEntityOfPage":{"@id":"https:\/\/www.life-belini.be\/fr\/lyse-voit-a-nouveau-la-lumiere-du-jour-a-overijse\/"},"wordCount":189,"image":{"@id":"https:\/\/www.life-belini.be\/fr\/lyse-voit-a-nouveau-la-lumiere-du-jour-a-overijse\/#primaryimage"},"thumbnailUrl":"https:\/\/www.life-belini.be\/wp-content\/uploads\/2023\/03\/zomer2022-einde.jpg","articleSection":["news fr"],"inLanguage":"fr-FR"},{"@type":"WebPage","@id":"https:\/\/www.life-belini.be\/fr\/lyse-voit-a-nouveau-la-lumiere-du-jour-a-overijse\/","url":"https:\/\/www.life-belini.be\/fr\/lyse-voit-a-nouveau-la-lumiere-du-jour-a-overijse\/","name":"L\u2019Yse voit \u00e0 nouveau la lumi\u00e8re du jour \u00e0 Overijse - LIFE Belini","isPartOf":{"@id":"https:\/\/www.life-belini.be\/nl\/#website"},"primaryImageOfPage":{"@id":"https:\/\/www.life-belini.be\/fr\/lyse-voit-a-nouveau-la-lumiere-du-jour-a-overijse\/#primaryimage"},"image":{"@id":"https:\/\/www.life-belini.be\/fr\/lyse-voit-a-nouveau-la-lumiere-du-jour-a-overijse\/#primaryimage"},"thumbnailUrl":"https:\/\/www.life-belini.be\/wp-content\/uploads\/2023\/03\/zomer2022-einde.jpg","datePublished":"2022-08-25T12:51:01+00:00","dateModified":"2023-03-10T13:04:06+00:00","author":{"@id":"https:\/\/www.life-belini.be\/nl\/#\/schema\/person\/b94136ff8b48ec02617a0a9ceee01cab"},"breadcrumb":{"@id":"https:\/\/www.life-belini.be\/fr\/lyse-voit-a-nouveau-la-lumiere-du-jour-a-overijse\/#breadcrumb"},"inLanguage":"fr-FR","potentialAction":[{"@type":"ReadAction","target":["https:\/\/www.life-belini.be\/fr\/lyse-voit-a-nouveau-la-lumiere-du-jour-a-overijse\/"]}]},{"@type":"ImageObject","inLanguage":"fr-FR","@id":"https:\/\/www.life-belini.be\/fr\/lyse-voit-a-nouveau-la-lumiere-du-jour-a-overijse\/#primaryimage","url":"https:\/\/www.life-belini.be\/wp-content\/uploads\/2023\/03\/zomer2022-einde.jpg","contentUrl":"https:\/\/www.life-belini.be\/wp-content\/uploads\/2023\/03\/zomer2022-einde.jpg","width":1920,"height":1281},{"@type":"BreadcrumbList","@id":"https:\/\/www.life-belini.be\/fr\/lyse-voit-a-nouveau-la-lumiere-du-jour-a-overijse\/#breadcrumb","itemListElement":[{"@type":"ListItem","position":1,"name":"Home","item":"https:\/\/www.life-belini.be\/fr\/home-2\/"},{"@type":"ListItem","position":2,"name":"L\u2019Yse voit \u00e0 nouveau la lumi\u00e8re du jour \u00e0 Overijse"}]},{"@type":"WebSite","@id":"https:\/\/www.life-belini.be\/nl\/#website","url":"https:\/\/www.life-belini.be\/nl\/","name":"LIFE Belini","description":"Belgian initiative for making a leap forward towards good status in the river basin district of the Scheldt","potentialAction":[{"@type":"SearchAction","target":{"@type":"EntryPoint","urlTemplate":"https:\/\/www.life-belini.be\/nl\/?s={search_term_string}"},"query-input":{"@type":"PropertyValueSpecification","valueRequired":true,"valueName":"search_term_string"}}],"inLanguage":"fr-FR"},{"@type":"Person","@id":"https:\/\/www.life-belini.be\/nl\/#\/schema\/person\/b94136ff8b48ec02617a0a9ceee01cab","name":"Belini","url":"https:\/\/www.life-belini.be\/fr\/author\/belini\/"}]}},"_links":{"self":[{"href":"https:\/\/www.life-belini.be\/fr\/wp-json\/wp\/v2\/posts\/7440","targetHints":{"allow":["GET"]}}],"collection":[{"href":"https:\/\/www.life-belini.be\/fr\/wp-json\/wp\/v2\/posts"}],"about":[{"href":"https:\/\/www.life-belini.be\/fr\/wp-json\/wp\/v2\/types\/post"}],"author":[{"embeddable":true,"href":"https:\/\/www.life-belini.be\/fr\/wp-json\/wp\/v2\/users\/7"}],"replies":[{"embeddable":true,"href":"https:\/\/www.life-belini.be\/fr\/wp-json\/wp\/v2\/comments?post=7440"}],"version-history":[{"count":4,"href":"https:\/\/www.life-belini.be\/fr\/wp-json\/wp\/v2\/posts\/7440\/revisions"}],"predecessor-version":[{"id":7458,"href":"https:\/\/www.life-belini.be\/fr\/wp-json\/wp\/v2\/posts\/7440\/revisions\/7458"}],"wp:featuredmedia":[{"embeddable":true,"href":"https:\/\/www.life-belini.be\/fr\/wp-json\/wp\/v2\/media\/7349"}],"wp:attachment":[{"href":"https:\/\/www.life-belini.be\/fr\/wp-json\/wp\/v2\/media?parent=7440"}],"wp:term":[{"taxonomy":"category","embeddable":true,"href":"https:\/\/www.life-belini.be\/fr\/wp-json\/wp\/v2\/categories?post=7440"},{"taxonomy":"post_tag","embeddable":true,"href":"https:\/\/www.life-belini.be\/fr\/wp-json\/wp\/v2\/tags?post=7440"}],"curies":[{"name":"wp","href":"https:\/\/api.w.org\/{rel}","templated":true}]}}