{"id":7434,"date":"2022-09-21T12:42:30","date_gmt":"2022-09-21T12:42:30","guid":{"rendered":"https:\/\/www.life-belini.be\/?p=7434"},"modified":"2023-03-10T13:04:42","modified_gmt":"2023-03-10T13:04:42","slug":"le-rapport-danalyse-de-pression-et-dimpact-de-la-senne-a-ete-livre","status":"publish","type":"post","link":"https:\/\/www.life-belini.be\/fr\/le-rapport-danalyse-de-pression-et-dimpact-de-la-senne-a-ete-livre\/","title":{"rendered":"Le rapport d\u2019analyse de pression et d\u2019impact de la Senne a \u00e9t\u00e9 livr\u00e9 !"},"content":{"rendered":"<p>Chaque \u00c9tat membre doit r\u00e9aliser une analyse de pression et d\u2019impact tous les six ans. Celle-ci d\u00e9crit la pression humaine sur notre syst\u00e8me d\u2019eau et son impact sur l\u2019\u00e9cosyst\u00e8me. Cette analyse est cruciale pour l\u2019\u00e9laboration du programme de mesures visant \u00e0 restaurer la qualit\u00e9 \u00e9cologique de l\u2019eau dans toutes les masses d\u2019eau. En Belgique, chaque r\u00e9gion (Flandre, Bruxelles et Wallonie) effectue une telle analyse de pression et d\u2019impact. Tous utilisent \u00e0 cette fin l\u2019outil WEISS (Water Emission Inventory Support System). Cependant, en raison des diff\u00e9rent(e)s approches (vue orient\u00e9e vers les sources et les processus), estimations des charges, polluants probl\u00e9matiques (contexte)&#8230; dans les diff\u00e9rentes r\u00e9gions, on peut arriver \u00e0 des conclusions diff\u00e9rentes. Il peut donc \u00eatre utile d\u2019examiner cette question d\u2019un point de vue interr\u00e9gional. De cette fa\u00e7on, nous en saurons plus sur la pression et l\u2019impact sur notre syst\u00e8me d\u2019eau dans son ensemble et nous serons en mesure de d\u00e9tecter et de prendre les mesures n\u00e9cessaires en cas de besoin. Cet exercice a \u00e9t\u00e9 effectu\u00e9 pour la Senne, une rivi\u00e8re qui traverse les trois r\u00e9gions, et qui pr\u00e9sente des d\u00e9fis sp\u00e9cifiques dans chaque r\u00e9gion.<\/p>\n","protected":false},"excerpt":{"rendered":"<p>Chaque \u00c9tat membre doit r\u00e9aliser une analyse de pression et d\u2019impact tous les six ans. Celle-ci d\u00e9crit la pression humaine sur notre syst\u00e8me d\u2019eau et son impact sur l\u2019\u00e9cosyst\u00e8me. Cette [&hellip;]<\/p>\n","protected":false},"author":7,"featured_media":7368,"comment_status":"closed","ping_status":"closed","sticky":false,"template":"","format":"standard","meta":{"_acf_changed":false,"_exactmetrics_skip_tracking":false,"_exactmetrics_sitenote_active":false,"_exactmetrics_sitenote_note":"","_exactmetrics_sitenote_category":0,"footnotes":""},"categories":[30],"tags":[],"class_list":["post-7434","post","type-post","status-publish","format-standard","has-post-thumbnail","hentry","category-news-fr"],"acf":[],"yoast_head":"<!-- This site is optimized with the Yoast SEO plugin v27.4 - https:\/\/yoast.com\/product\/yoast-seo-wordpress\/ -->\n<title>Le rapport d\u2019analyse de pression et d\u2019impact de la Senne a \u00e9t\u00e9 livr\u00e9 ! - LIFE Belini<\/title>\n<meta name=\"robots\" content=\"index, follow, max-snippet:-1, max-image-preview:large, max-video-preview:-1\" \/>\n<link rel=\"canonical\" href=\"https:\/\/www.life-belini.be\/fr\/le-rapport-danalyse-de-pression-et-dimpact-de-la-senne-a-ete-livre\/\" \/>\n<meta property=\"og:locale\" content=\"fr_FR\" \/>\n<meta property=\"og:type\" content=\"article\" \/>\n<meta property=\"og:title\" content=\"Le rapport d\u2019analyse de pression et d\u2019impact de la Senne a \u00e9t\u00e9 livr\u00e9 ! - LIFE Belini\" \/>\n<meta property=\"og:description\" content=\"Chaque \u00c9tat membre doit r\u00e9aliser une analyse de pression et d\u2019impact tous les six ans. Celle-ci d\u00e9crit la pression humaine sur notre syst\u00e8me d\u2019eau et son impact sur l\u2019\u00e9cosyst\u00e8me. Cette [&hellip;]\" \/>\n<meta property=\"og:url\" content=\"https:\/\/www.life-belini.be\/fr\/le-rapport-danalyse-de-pression-et-dimpact-de-la-senne-a-ete-livre\/\" \/>\n<meta property=\"og:site_name\" content=\"LIFE Belini\" \/>\n<meta property=\"article:published_time\" content=\"2022-09-21T12:42:30+00:00\" \/>\n<meta property=\"article:modified_time\" content=\"2023-03-10T13:04:42+00:00\" \/>\n<meta property=\"og:image\" content=\"https:\/\/www.life-belini.be\/wp-content\/uploads\/2023\/03\/Polluant_Benzoapyrene_EN_prop.png\" \/>\n\t<meta property=\"og:image:width\" content=\"3507\" \/>\n\t<meta property=\"og:image:height\" content=\"2480\" \/>\n\t<meta property=\"og:image:type\" content=\"image\/png\" \/>\n<meta name=\"author\" content=\"Belini\" \/>\n<meta name=\"twitter:card\" content=\"summary_large_image\" \/>\n<meta name=\"twitter:label1\" content=\"\u00c9crit par\" \/>\n\t<meta name=\"twitter:data1\" content=\"Belini\" \/>\n\t<meta name=\"twitter:label2\" content=\"Dur\u00e9e de lecture estim\u00e9e\" \/>\n\t<meta name=\"twitter:data2\" content=\"1 minute\" \/>\n<script type=\"application\/ld+json\" class=\"yoast-schema-graph\">{\"@context\":\"https:\\\/\\\/schema.org\",\"@graph\":[{\"@type\":\"Article\",\"@id\":\"https:\\\/\\\/www.life-belini.be\\\/fr\\\/le-rapport-danalyse-de-pression-et-dimpact-de-la-senne-a-ete-livre\\\/#article\",\"isPartOf\":{\"@id\":\"https:\\\/\\\/www.life-belini.be\\\/fr\\\/le-rapport-danalyse-de-pression-et-dimpact-de-la-senne-a-ete-livre\\\/\"},\"author\":{\"name\":\"Belini\",\"@id\":\"https:\\\/\\\/www.life-belini.be\\\/nl\\\/#\\\/schema\\\/person\\\/b94136ff8b48ec02617a0a9ceee01cab\"},\"headline\":\"Le rapport d\u2019analyse de pression et d\u2019impact de la Senne a \u00e9t\u00e9 livr\u00e9 !\",\"datePublished\":\"2022-09-21T12:42:30+00:00\",\"dateModified\":\"2023-03-10T13:04:42+00:00\",\"mainEntityOfPage\":{\"@id\":\"https:\\\/\\\/www.life-belini.be\\\/fr\\\/le-rapport-danalyse-de-pression-et-dimpact-de-la-senne-a-ete-livre\\\/\"},\"wordCount\":232,\"image\":{\"@id\":\"https:\\\/\\\/www.life-belini.be\\\/fr\\\/le-rapport-danalyse-de-pression-et-dimpact-de-la-senne-a-ete-livre\\\/#primaryimage\"},\"thumbnailUrl\":\"https:\\\/\\\/www.life-belini.be\\\/wp-content\\\/uploads\\\/2023\\\/03\\\/Polluant_Benzoapyrene_EN_prop.png\",\"articleSection\":[\"news fr\"],\"inLanguage\":\"fr-FR\"},{\"@type\":\"WebPage\",\"@id\":\"https:\\\/\\\/www.life-belini.be\\\/fr\\\/le-rapport-danalyse-de-pression-et-dimpact-de-la-senne-a-ete-livre\\\/\",\"url\":\"https:\\\/\\\/www.life-belini.be\\\/fr\\\/le-rapport-danalyse-de-pression-et-dimpact-de-la-senne-a-ete-livre\\\/\",\"name\":\"Le rapport d\u2019analyse de pression et d\u2019impact de la Senne a \u00e9t\u00e9 livr\u00e9 ! - LIFE Belini\",\"isPartOf\":{\"@id\":\"https:\\\/\\\/www.life-belini.be\\\/nl\\\/#website\"},\"primaryImageOfPage\":{\"@id\":\"https:\\\/\\\/www.life-belini.be\\\/fr\\\/le-rapport-danalyse-de-pression-et-dimpact-de-la-senne-a-ete-livre\\\/#primaryimage\"},\"image\":{\"@id\":\"https:\\\/\\\/www.life-belini.be\\\/fr\\\/le-rapport-danalyse-de-pression-et-dimpact-de-la-senne-a-ete-livre\\\/#primaryimage\"},\"thumbnailUrl\":\"https:\\\/\\\/www.life-belini.be\\\/wp-content\\\/uploads\\\/2023\\\/03\\\/Polluant_Benzoapyrene_EN_prop.png\",\"datePublished\":\"2022-09-21T12:42:30+00:00\",\"dateModified\":\"2023-03-10T13:04:42+00:00\",\"author\":{\"@id\":\"https:\\\/\\\/www.life-belini.be\\\/nl\\\/#\\\/schema\\\/person\\\/b94136ff8b48ec02617a0a9ceee01cab\"},\"breadcrumb\":{\"@id\":\"https:\\\/\\\/www.life-belini.be\\\/fr\\\/le-rapport-danalyse-de-pression-et-dimpact-de-la-senne-a-ete-livre\\\/#breadcrumb\"},\"inLanguage\":\"fr-FR\",\"potentialAction\":[{\"@type\":\"ReadAction\",\"target\":[\"https:\\\/\\\/www.life-belini.be\\\/fr\\\/le-rapport-danalyse-de-pression-et-dimpact-de-la-senne-a-ete-livre\\\/\"]}]},{\"@type\":\"ImageObject\",\"inLanguage\":\"fr-FR\",\"@id\":\"https:\\\/\\\/www.life-belini.be\\\/fr\\\/le-rapport-danalyse-de-pression-et-dimpact-de-la-senne-a-ete-livre\\\/#primaryimage\",\"url\":\"https:\\\/\\\/www.life-belini.be\\\/wp-content\\\/uploads\\\/2023\\\/03\\\/Polluant_Benzoapyrene_EN_prop.png\",\"contentUrl\":\"https:\\\/\\\/www.life-belini.be\\\/wp-content\\\/uploads\\\/2023\\\/03\\\/Polluant_Benzoapyrene_EN_prop.png\",\"width\":3507,\"height\":2480},{\"@type\":\"BreadcrumbList\",\"@id\":\"https:\\\/\\\/www.life-belini.be\\\/fr\\\/le-rapport-danalyse-de-pression-et-dimpact-de-la-senne-a-ete-livre\\\/#breadcrumb\",\"itemListElement\":[{\"@type\":\"ListItem\",\"position\":1,\"name\":\"Home\",\"item\":\"https:\\\/\\\/www.life-belini.be\\\/fr\\\/home-2\\\/\"},{\"@type\":\"ListItem\",\"position\":2,\"name\":\"Le rapport d\u2019analyse de pression et d\u2019impact de la Senne a \u00e9t\u00e9 livr\u00e9 !\"}]},{\"@type\":\"WebSite\",\"@id\":\"https:\\\/\\\/www.life-belini.be\\\/nl\\\/#website\",\"url\":\"https:\\\/\\\/www.life-belini.be\\\/nl\\\/\",\"name\":\"LIFE Belini\",\"description\":\"Belgian initiative for making a leap forward towards good status in the river basin district of the Scheldt\",\"potentialAction\":[{\"@type\":\"SearchAction\",\"target\":{\"@type\":\"EntryPoint\",\"urlTemplate\":\"https:\\\/\\\/www.life-belini.be\\\/nl\\\/?s={search_term_string}\"},\"query-input\":{\"@type\":\"PropertyValueSpecification\",\"valueRequired\":true,\"valueName\":\"search_term_string\"}}],\"inLanguage\":\"fr-FR\"},{\"@type\":\"Person\",\"@id\":\"https:\\\/\\\/www.life-belini.be\\\/nl\\\/#\\\/schema\\\/person\\\/b94136ff8b48ec02617a0a9ceee01cab\",\"name\":\"Belini\",\"url\":\"https:\\\/\\\/www.life-belini.be\\\/fr\\\/author\\\/belini\\\/\"}]}<\/script>\n<!-- \/ Yoast SEO plugin. -->","yoast_head_json":{"title":"Le rapport d\u2019analyse de pression et d\u2019impact de la Senne a \u00e9t\u00e9 livr\u00e9 ! - LIFE Belini","robots":{"index":"index","follow":"follow","max-snippet":"max-snippet:-1","max-image-preview":"max-image-preview:large","max-video-preview":"max-video-preview:-1"},"canonical":"https:\/\/www.life-belini.be\/fr\/le-rapport-danalyse-de-pression-et-dimpact-de-la-senne-a-ete-livre\/","og_locale":"fr_FR","og_type":"article","og_title":"Le rapport d\u2019analyse de pression et d\u2019impact de la Senne a \u00e9t\u00e9 livr\u00e9 ! - LIFE Belini","og_description":"Chaque \u00c9tat membre doit r\u00e9aliser une analyse de pression et d\u2019impact tous les six ans. Celle-ci d\u00e9crit la pression humaine sur notre syst\u00e8me d\u2019eau et son impact sur l\u2019\u00e9cosyst\u00e8me. Cette [&hellip;]","og_url":"https:\/\/www.life-belini.be\/fr\/le-rapport-danalyse-de-pression-et-dimpact-de-la-senne-a-ete-livre\/","og_site_name":"LIFE Belini","article_published_time":"2022-09-21T12:42:30+00:00","article_modified_time":"2023-03-10T13:04:42+00:00","og_image":[{"width":3507,"height":2480,"url":"https:\/\/www.life-belini.be\/wp-content\/uploads\/2023\/03\/Polluant_Benzoapyrene_EN_prop.png","type":"image\/png"}],"author":"Belini","twitter_card":"summary_large_image","twitter_misc":{"\u00c9crit par":"Belini","Dur\u00e9e de lecture estim\u00e9e":"1 minute"},"schema":{"@context":"https:\/\/schema.org","@graph":[{"@type":"Article","@id":"https:\/\/www.life-belini.be\/fr\/le-rapport-danalyse-de-pression-et-dimpact-de-la-senne-a-ete-livre\/#article","isPartOf":{"@id":"https:\/\/www.life-belini.be\/fr\/le-rapport-danalyse-de-pression-et-dimpact-de-la-senne-a-ete-livre\/"},"author":{"name":"Belini","@id":"https:\/\/www.life-belini.be\/nl\/#\/schema\/person\/b94136ff8b48ec02617a0a9ceee01cab"},"headline":"Le rapport d\u2019analyse de pression et d\u2019impact de la Senne a \u00e9t\u00e9 livr\u00e9 !","datePublished":"2022-09-21T12:42:30+00:00","dateModified":"2023-03-10T13:04:42+00:00","mainEntityOfPage":{"@id":"https:\/\/www.life-belini.be\/fr\/le-rapport-danalyse-de-pression-et-dimpact-de-la-senne-a-ete-livre\/"},"wordCount":232,"image":{"@id":"https:\/\/www.life-belini.be\/fr\/le-rapport-danalyse-de-pression-et-dimpact-de-la-senne-a-ete-livre\/#primaryimage"},"thumbnailUrl":"https:\/\/www.life-belini.be\/wp-content\/uploads\/2023\/03\/Polluant_Benzoapyrene_EN_prop.png","articleSection":["news fr"],"inLanguage":"fr-FR"},{"@type":"WebPage","@id":"https:\/\/www.life-belini.be\/fr\/le-rapport-danalyse-de-pression-et-dimpact-de-la-senne-a-ete-livre\/","url":"https:\/\/www.life-belini.be\/fr\/le-rapport-danalyse-de-pression-et-dimpact-de-la-senne-a-ete-livre\/","name":"Le rapport d\u2019analyse de pression et d\u2019impact de la Senne a \u00e9t\u00e9 livr\u00e9 ! - LIFE Belini","isPartOf":{"@id":"https:\/\/www.life-belini.be\/nl\/#website"},"primaryImageOfPage":{"@id":"https:\/\/www.life-belini.be\/fr\/le-rapport-danalyse-de-pression-et-dimpact-de-la-senne-a-ete-livre\/#primaryimage"},"image":{"@id":"https:\/\/www.life-belini.be\/fr\/le-rapport-danalyse-de-pression-et-dimpact-de-la-senne-a-ete-livre\/#primaryimage"},"thumbnailUrl":"https:\/\/www.life-belini.be\/wp-content\/uploads\/2023\/03\/Polluant_Benzoapyrene_EN_prop.png","datePublished":"2022-09-21T12:42:30+00:00","dateModified":"2023-03-10T13:04:42+00:00","author":{"@id":"https:\/\/www.life-belini.be\/nl\/#\/schema\/person\/b94136ff8b48ec02617a0a9ceee01cab"},"breadcrumb":{"@id":"https:\/\/www.life-belini.be\/fr\/le-rapport-danalyse-de-pression-et-dimpact-de-la-senne-a-ete-livre\/#breadcrumb"},"inLanguage":"fr-FR","potentialAction":[{"@type":"ReadAction","target":["https:\/\/www.life-belini.be\/fr\/le-rapport-danalyse-de-pression-et-dimpact-de-la-senne-a-ete-livre\/"]}]},{"@type":"ImageObject","inLanguage":"fr-FR","@id":"https:\/\/www.life-belini.be\/fr\/le-rapport-danalyse-de-pression-et-dimpact-de-la-senne-a-ete-livre\/#primaryimage","url":"https:\/\/www.life-belini.be\/wp-content\/uploads\/2023\/03\/Polluant_Benzoapyrene_EN_prop.png","contentUrl":"https:\/\/www.life-belini.be\/wp-content\/uploads\/2023\/03\/Polluant_Benzoapyrene_EN_prop.png","width":3507,"height":2480},{"@type":"BreadcrumbList","@id":"https:\/\/www.life-belini.be\/fr\/le-rapport-danalyse-de-pression-et-dimpact-de-la-senne-a-ete-livre\/#breadcrumb","itemListElement":[{"@type":"ListItem","position":1,"name":"Home","item":"https:\/\/www.life-belini.be\/fr\/home-2\/"},{"@type":"ListItem","position":2,"name":"Le rapport d\u2019analyse de pression et d\u2019impact de la Senne a \u00e9t\u00e9 livr\u00e9 !"}]},{"@type":"WebSite","@id":"https:\/\/www.life-belini.be\/nl\/#website","url":"https:\/\/www.life-belini.be\/nl\/","name":"LIFE Belini","description":"Belgian initiative for making a leap forward towards good status in the river basin district of the Scheldt","potentialAction":[{"@type":"SearchAction","target":{"@type":"EntryPoint","urlTemplate":"https:\/\/www.life-belini.be\/nl\/?s={search_term_string}"},"query-input":{"@type":"PropertyValueSpecification","valueRequired":true,"valueName":"search_term_string"}}],"inLanguage":"fr-FR"},{"@type":"Person","@id":"https:\/\/www.life-belini.be\/nl\/#\/schema\/person\/b94136ff8b48ec02617a0a9ceee01cab","name":"Belini","url":"https:\/\/www.life-belini.be\/fr\/author\/belini\/"}]}},"_links":{"self":[{"href":"https:\/\/www.life-belini.be\/fr\/wp-json\/wp\/v2\/posts\/7434","targetHints":{"allow":["GET"]}}],"collection":[{"href":"https:\/\/www.life-belini.be\/fr\/wp-json\/wp\/v2\/posts"}],"about":[{"href":"https:\/\/www.life-belini.be\/fr\/wp-json\/wp\/v2\/types\/post"}],"author":[{"embeddable":true,"href":"https:\/\/www.life-belini.be\/fr\/wp-json\/wp\/v2\/users\/7"}],"replies":[{"embeddable":true,"href":"https:\/\/www.life-belini.be\/fr\/wp-json\/wp\/v2\/comments?post=7434"}],"version-history":[{"count":4,"href":"https:\/\/www.life-belini.be\/fr\/wp-json\/wp\/v2\/posts\/7434\/revisions"}],"predecessor-version":[{"id":7460,"href":"https:\/\/www.life-belini.be\/fr\/wp-json\/wp\/v2\/posts\/7434\/revisions\/7460"}],"wp:featuredmedia":[{"embeddable":true,"href":"https:\/\/www.life-belini.be\/fr\/wp-json\/wp\/v2\/media\/7368"}],"wp:attachment":[{"href":"https:\/\/www.life-belini.be\/fr\/wp-json\/wp\/v2\/media?parent=7434"}],"wp:term":[{"taxonomy":"category","embeddable":true,"href":"https:\/\/www.life-belini.be\/fr\/wp-json\/wp\/v2\/categories?post=7434"},{"taxonomy":"post_tag","embeddable":true,"href":"https:\/\/www.life-belini.be\/fr\/wp-json\/wp\/v2\/tags?post=7434"}],"curies":[{"name":"wp","href":"https:\/\/api.w.org\/{rel}","templated":true}]}}