{"id":7191,"date":"2022-07-18T08:51:33","date_gmt":"2022-07-18T08:51:33","guid":{"rendered":"https:\/\/www.life-belini.be\/ijsevallei-ecologisch-waardevoller-en-klimaatbestendiger\/"},"modified":"2022-07-18T09:36:06","modified_gmt":"2022-07-18T09:36:06","slug":"la-vallee-de-lijse-plus-ecologique-et-plus-resistante-au-climat","status":"publish","type":"post","link":"https:\/\/www.life-belini.be\/fr\/la-vallee-de-lijse-plus-ecologique-et-plus-resistante-au-climat\/","title":{"rendered":"La vall\u00e9e de l\u2019IJse am\u00e9liore son \u00e9cologie et devient plus r\u00e9sistante au climat"},"content":{"rendered":"<p>La Vlaamse Landmaatschappij (VLM) est en plein travail dans la vall\u00e9e de l\u2019IJse. L&rsquo;IJse est redevenue visible au centre d&rsquo;Overijse et des mesures ont \u00e9galement \u00e9t\u00e9 prises pour prot\u00e9ger la vall\u00e9e de la s\u00e9cheresse et des inondations.<\/p>\n","protected":false},"excerpt":{"rendered":"<p>La Vlaamse Landmaatschappij (VLM) est en plein travail dans la vall\u00e9e de l\u2019IJse. L&rsquo;IJse est redevenue visible au centre d&rsquo;Overijse et des mesures ont \u00e9galement \u00e9t\u00e9 prises pour prot\u00e9ger la [&hellip;]<\/p>\n","protected":false},"author":6,"featured_media":7086,"comment_status":"closed","ping_status":"closed","sticky":false,"template":"","format":"standard","meta":{"_acf_changed":false,"_exactmetrics_skip_tracking":false,"_exactmetrics_sitenote_active":false,"_exactmetrics_sitenote_note":"","_exactmetrics_sitenote_category":0,"footnotes":""},"categories":[30,28],"tags":[],"class_list":["post-7191","post","type-post","status-publish","format-standard","has-post-thumbnail","hentry","category-news-fr","category-non-classifiee"],"acf":[],"yoast_head":"<!-- This site is optimized with the Yoast SEO plugin v27.4 - https:\/\/yoast.com\/product\/yoast-seo-wordpress\/ -->\n<title>La vall\u00e9e de l\u2019IJse am\u00e9liore son \u00e9cologie et devient plus r\u00e9sistante au climat - LIFE Belini<\/title>\n<meta name=\"robots\" content=\"index, follow, max-snippet:-1, max-image-preview:large, max-video-preview:-1\" \/>\n<link rel=\"canonical\" href=\"https:\/\/www.life-belini.be\/fr\/la-vallee-de-lijse-plus-ecologique-et-plus-resistante-au-climat\/\" \/>\n<meta property=\"og:locale\" content=\"fr_FR\" \/>\n<meta property=\"og:type\" content=\"article\" \/>\n<meta property=\"og:title\" content=\"La vall\u00e9e de l\u2019IJse am\u00e9liore son \u00e9cologie et devient plus r\u00e9sistante au climat - LIFE Belini\" \/>\n<meta property=\"og:description\" content=\"La Vlaamse Landmaatschappij (VLM) est en plein travail dans la vall\u00e9e de l\u2019IJse. L&rsquo;IJse est redevenue visible au centre d&rsquo;Overijse et des mesures ont \u00e9galement \u00e9t\u00e9 prises pour prot\u00e9ger la [&hellip;]\" \/>\n<meta property=\"og:url\" content=\"https:\/\/www.life-belini.be\/fr\/la-vallee-de-lijse-plus-ecologique-et-plus-resistante-au-climat\/\" \/>\n<meta property=\"og:site_name\" content=\"LIFE Belini\" \/>\n<meta property=\"article:published_time\" content=\"2022-07-18T08:51:33+00:00\" \/>\n<meta property=\"article:modified_time\" content=\"2022-07-18T09:36:06+00:00\" \/>\n<meta property=\"og:image\" content=\"https:\/\/www.life-belini.be\/wp-content\/uploads\/2022\/07\/waterbufferbekken.jpg\" \/>\n\t<meta property=\"og:image:width\" content=\"700\" \/>\n\t<meta property=\"og:image:height\" content=\"584\" \/>\n\t<meta property=\"og:image:type\" content=\"image\/jpeg\" \/>\n<meta name=\"author\" content=\"Maureen Nuyts\" \/>\n<meta name=\"twitter:card\" content=\"summary_large_image\" \/>\n<meta name=\"twitter:label1\" content=\"\u00c9crit par\" \/>\n\t<meta name=\"twitter:data1\" content=\"Maureen Nuyts\" \/>\n\t<meta name=\"twitter:label2\" content=\"Dur\u00e9e de lecture estim\u00e9e\" \/>\n\t<meta name=\"twitter:data2\" content=\"1 minute\" \/>\n<script type=\"application\/ld+json\" class=\"yoast-schema-graph\">{\"@context\":\"https:\\\/\\\/schema.org\",\"@graph\":[{\"@type\":\"Article\",\"@id\":\"https:\\\/\\\/www.life-belini.be\\\/fr\\\/la-vallee-de-lijse-plus-ecologique-et-plus-resistante-au-climat\\\/#article\",\"isPartOf\":{\"@id\":\"https:\\\/\\\/www.life-belini.be\\\/fr\\\/la-vallee-de-lijse-plus-ecologique-et-plus-resistante-au-climat\\\/\"},\"author\":{\"name\":\"Maureen Nuyts\",\"@id\":\"https:\\\/\\\/www.life-belini.be\\\/nl\\\/#\\\/schema\\\/person\\\/84a9c6d38af471fa4c482917c2aa2b5b\"},\"headline\":\"La vall\u00e9e de l\u2019IJse am\u00e9liore son \u00e9cologie et devient plus r\u00e9sistante au climat\",\"datePublished\":\"2022-07-18T08:51:33+00:00\",\"dateModified\":\"2022-07-18T09:36:06+00:00\",\"mainEntityOfPage\":{\"@id\":\"https:\\\/\\\/www.life-belini.be\\\/fr\\\/la-vallee-de-lijse-plus-ecologique-et-plus-resistante-au-climat\\\/\"},\"wordCount\":61,\"image\":{\"@id\":\"https:\\\/\\\/www.life-belini.be\\\/fr\\\/la-vallee-de-lijse-plus-ecologique-et-plus-resistante-au-climat\\\/#primaryimage\"},\"thumbnailUrl\":\"https:\\\/\\\/www.life-belini.be\\\/wp-content\\\/uploads\\\/2022\\\/07\\\/waterbufferbekken.jpg\",\"articleSection\":[\"news fr\",\"Non classifi\u00e9(e)\"],\"inLanguage\":\"fr-FR\"},{\"@type\":\"WebPage\",\"@id\":\"https:\\\/\\\/www.life-belini.be\\\/fr\\\/la-vallee-de-lijse-plus-ecologique-et-plus-resistante-au-climat\\\/\",\"url\":\"https:\\\/\\\/www.life-belini.be\\\/fr\\\/la-vallee-de-lijse-plus-ecologique-et-plus-resistante-au-climat\\\/\",\"name\":\"La vall\u00e9e de l\u2019IJse am\u00e9liore son \u00e9cologie et devient plus r\u00e9sistante au climat - LIFE Belini\",\"isPartOf\":{\"@id\":\"https:\\\/\\\/www.life-belini.be\\\/nl\\\/#website\"},\"primaryImageOfPage\":{\"@id\":\"https:\\\/\\\/www.life-belini.be\\\/fr\\\/la-vallee-de-lijse-plus-ecologique-et-plus-resistante-au-climat\\\/#primaryimage\"},\"image\":{\"@id\":\"https:\\\/\\\/www.life-belini.be\\\/fr\\\/la-vallee-de-lijse-plus-ecologique-et-plus-resistante-au-climat\\\/#primaryimage\"},\"thumbnailUrl\":\"https:\\\/\\\/www.life-belini.be\\\/wp-content\\\/uploads\\\/2022\\\/07\\\/waterbufferbekken.jpg\",\"datePublished\":\"2022-07-18T08:51:33+00:00\",\"dateModified\":\"2022-07-18T09:36:06+00:00\",\"author\":{\"@id\":\"https:\\\/\\\/www.life-belini.be\\\/nl\\\/#\\\/schema\\\/person\\\/84a9c6d38af471fa4c482917c2aa2b5b\"},\"breadcrumb\":{\"@id\":\"https:\\\/\\\/www.life-belini.be\\\/fr\\\/la-vallee-de-lijse-plus-ecologique-et-plus-resistante-au-climat\\\/#breadcrumb\"},\"inLanguage\":\"fr-FR\",\"potentialAction\":[{\"@type\":\"ReadAction\",\"target\":[\"https:\\\/\\\/www.life-belini.be\\\/fr\\\/la-vallee-de-lijse-plus-ecologique-et-plus-resistante-au-climat\\\/\"]}]},{\"@type\":\"ImageObject\",\"inLanguage\":\"fr-FR\",\"@id\":\"https:\\\/\\\/www.life-belini.be\\\/fr\\\/la-vallee-de-lijse-plus-ecologique-et-plus-resistante-au-climat\\\/#primaryimage\",\"url\":\"https:\\\/\\\/www.life-belini.be\\\/wp-content\\\/uploads\\\/2022\\\/07\\\/waterbufferbekken.jpg\",\"contentUrl\":\"https:\\\/\\\/www.life-belini.be\\\/wp-content\\\/uploads\\\/2022\\\/07\\\/waterbufferbekken.jpg\",\"width\":700,\"height\":584,\"caption\":\"overzichtskaart werken ijsevallei\"},{\"@type\":\"BreadcrumbList\",\"@id\":\"https:\\\/\\\/www.life-belini.be\\\/fr\\\/la-vallee-de-lijse-plus-ecologique-et-plus-resistante-au-climat\\\/#breadcrumb\",\"itemListElement\":[{\"@type\":\"ListItem\",\"position\":1,\"name\":\"Home\",\"item\":\"https:\\\/\\\/www.life-belini.be\\\/fr\\\/home-2\\\/\"},{\"@type\":\"ListItem\",\"position\":2,\"name\":\"La vall\u00e9e de l\u2019IJse am\u00e9liore son \u00e9cologie et devient plus r\u00e9sistante au climat\"}]},{\"@type\":\"WebSite\",\"@id\":\"https:\\\/\\\/www.life-belini.be\\\/nl\\\/#website\",\"url\":\"https:\\\/\\\/www.life-belini.be\\\/nl\\\/\",\"name\":\"LIFE Belini\",\"description\":\"Belgian initiative for making a leap forward towards good status in the river basin district of the Scheldt\",\"potentialAction\":[{\"@type\":\"SearchAction\",\"target\":{\"@type\":\"EntryPoint\",\"urlTemplate\":\"https:\\\/\\\/www.life-belini.be\\\/nl\\\/?s={search_term_string}\"},\"query-input\":{\"@type\":\"PropertyValueSpecification\",\"valueRequired\":true,\"valueName\":\"search_term_string\"}}],\"inLanguage\":\"fr-FR\"},{\"@type\":\"Person\",\"@id\":\"https:\\\/\\\/www.life-belini.be\\\/nl\\\/#\\\/schema\\\/person\\\/84a9c6d38af471fa4c482917c2aa2b5b\",\"name\":\"Maureen Nuyts\",\"url\":\"https:\\\/\\\/www.life-belini.be\\\/fr\\\/author\\\/maureen-nuyts\\\/\"}]}<\/script>\n<!-- \/ Yoast SEO plugin. -->","yoast_head_json":{"title":"La vall\u00e9e de l\u2019IJse am\u00e9liore son \u00e9cologie et devient plus r\u00e9sistante au climat - LIFE Belini","robots":{"index":"index","follow":"follow","max-snippet":"max-snippet:-1","max-image-preview":"max-image-preview:large","max-video-preview":"max-video-preview:-1"},"canonical":"https:\/\/www.life-belini.be\/fr\/la-vallee-de-lijse-plus-ecologique-et-plus-resistante-au-climat\/","og_locale":"fr_FR","og_type":"article","og_title":"La vall\u00e9e de l\u2019IJse am\u00e9liore son \u00e9cologie et devient plus r\u00e9sistante au climat - LIFE Belini","og_description":"La Vlaamse Landmaatschappij (VLM) est en plein travail dans la vall\u00e9e de l\u2019IJse. L&rsquo;IJse est redevenue visible au centre d&rsquo;Overijse et des mesures ont \u00e9galement \u00e9t\u00e9 prises pour prot\u00e9ger la [&hellip;]","og_url":"https:\/\/www.life-belini.be\/fr\/la-vallee-de-lijse-plus-ecologique-et-plus-resistante-au-climat\/","og_site_name":"LIFE Belini","article_published_time":"2022-07-18T08:51:33+00:00","article_modified_time":"2022-07-18T09:36:06+00:00","og_image":[{"width":700,"height":584,"url":"https:\/\/www.life-belini.be\/wp-content\/uploads\/2022\/07\/waterbufferbekken.jpg","type":"image\/jpeg"}],"author":"Maureen Nuyts","twitter_card":"summary_large_image","twitter_misc":{"\u00c9crit par":"Maureen Nuyts","Dur\u00e9e de lecture estim\u00e9e":"1 minute"},"schema":{"@context":"https:\/\/schema.org","@graph":[{"@type":"Article","@id":"https:\/\/www.life-belini.be\/fr\/la-vallee-de-lijse-plus-ecologique-et-plus-resistante-au-climat\/#article","isPartOf":{"@id":"https:\/\/www.life-belini.be\/fr\/la-vallee-de-lijse-plus-ecologique-et-plus-resistante-au-climat\/"},"author":{"name":"Maureen Nuyts","@id":"https:\/\/www.life-belini.be\/nl\/#\/schema\/person\/84a9c6d38af471fa4c482917c2aa2b5b"},"headline":"La vall\u00e9e de l\u2019IJse am\u00e9liore son \u00e9cologie et devient plus r\u00e9sistante au climat","datePublished":"2022-07-18T08:51:33+00:00","dateModified":"2022-07-18T09:36:06+00:00","mainEntityOfPage":{"@id":"https:\/\/www.life-belini.be\/fr\/la-vallee-de-lijse-plus-ecologique-et-plus-resistante-au-climat\/"},"wordCount":61,"image":{"@id":"https:\/\/www.life-belini.be\/fr\/la-vallee-de-lijse-plus-ecologique-et-plus-resistante-au-climat\/#primaryimage"},"thumbnailUrl":"https:\/\/www.life-belini.be\/wp-content\/uploads\/2022\/07\/waterbufferbekken.jpg","articleSection":["news fr","Non classifi\u00e9(e)"],"inLanguage":"fr-FR"},{"@type":"WebPage","@id":"https:\/\/www.life-belini.be\/fr\/la-vallee-de-lijse-plus-ecologique-et-plus-resistante-au-climat\/","url":"https:\/\/www.life-belini.be\/fr\/la-vallee-de-lijse-plus-ecologique-et-plus-resistante-au-climat\/","name":"La vall\u00e9e de l\u2019IJse am\u00e9liore son \u00e9cologie et devient plus r\u00e9sistante au climat - LIFE Belini","isPartOf":{"@id":"https:\/\/www.life-belini.be\/nl\/#website"},"primaryImageOfPage":{"@id":"https:\/\/www.life-belini.be\/fr\/la-vallee-de-lijse-plus-ecologique-et-plus-resistante-au-climat\/#primaryimage"},"image":{"@id":"https:\/\/www.life-belini.be\/fr\/la-vallee-de-lijse-plus-ecologique-et-plus-resistante-au-climat\/#primaryimage"},"thumbnailUrl":"https:\/\/www.life-belini.be\/wp-content\/uploads\/2022\/07\/waterbufferbekken.jpg","datePublished":"2022-07-18T08:51:33+00:00","dateModified":"2022-07-18T09:36:06+00:00","author":{"@id":"https:\/\/www.life-belini.be\/nl\/#\/schema\/person\/84a9c6d38af471fa4c482917c2aa2b5b"},"breadcrumb":{"@id":"https:\/\/www.life-belini.be\/fr\/la-vallee-de-lijse-plus-ecologique-et-plus-resistante-au-climat\/#breadcrumb"},"inLanguage":"fr-FR","potentialAction":[{"@type":"ReadAction","target":["https:\/\/www.life-belini.be\/fr\/la-vallee-de-lijse-plus-ecologique-et-plus-resistante-au-climat\/"]}]},{"@type":"ImageObject","inLanguage":"fr-FR","@id":"https:\/\/www.life-belini.be\/fr\/la-vallee-de-lijse-plus-ecologique-et-plus-resistante-au-climat\/#primaryimage","url":"https:\/\/www.life-belini.be\/wp-content\/uploads\/2022\/07\/waterbufferbekken.jpg","contentUrl":"https:\/\/www.life-belini.be\/wp-content\/uploads\/2022\/07\/waterbufferbekken.jpg","width":700,"height":584,"caption":"overzichtskaart werken ijsevallei"},{"@type":"BreadcrumbList","@id":"https:\/\/www.life-belini.be\/fr\/la-vallee-de-lijse-plus-ecologique-et-plus-resistante-au-climat\/#breadcrumb","itemListElement":[{"@type":"ListItem","position":1,"name":"Home","item":"https:\/\/www.life-belini.be\/fr\/home-2\/"},{"@type":"ListItem","position":2,"name":"La vall\u00e9e de l\u2019IJse am\u00e9liore son \u00e9cologie et devient plus r\u00e9sistante au climat"}]},{"@type":"WebSite","@id":"https:\/\/www.life-belini.be\/nl\/#website","url":"https:\/\/www.life-belini.be\/nl\/","name":"LIFE Belini","description":"Belgian initiative for making a leap forward towards good status in the river basin district of the Scheldt","potentialAction":[{"@type":"SearchAction","target":{"@type":"EntryPoint","urlTemplate":"https:\/\/www.life-belini.be\/nl\/?s={search_term_string}"},"query-input":{"@type":"PropertyValueSpecification","valueRequired":true,"valueName":"search_term_string"}}],"inLanguage":"fr-FR"},{"@type":"Person","@id":"https:\/\/www.life-belini.be\/nl\/#\/schema\/person\/84a9c6d38af471fa4c482917c2aa2b5b","name":"Maureen Nuyts","url":"https:\/\/www.life-belini.be\/fr\/author\/maureen-nuyts\/"}]}},"_links":{"self":[{"href":"https:\/\/www.life-belini.be\/fr\/wp-json\/wp\/v2\/posts\/7191","targetHints":{"allow":["GET"]}}],"collection":[{"href":"https:\/\/www.life-belini.be\/fr\/wp-json\/wp\/v2\/posts"}],"about":[{"href":"https:\/\/www.life-belini.be\/fr\/wp-json\/wp\/v2\/types\/post"}],"author":[{"embeddable":true,"href":"https:\/\/www.life-belini.be\/fr\/wp-json\/wp\/v2\/users\/6"}],"replies":[{"embeddable":true,"href":"https:\/\/www.life-belini.be\/fr\/wp-json\/wp\/v2\/comments?post=7191"}],"version-history":[{"count":3,"href":"https:\/\/www.life-belini.be\/fr\/wp-json\/wp\/v2\/posts\/7191\/revisions"}],"predecessor-version":[{"id":7206,"href":"https:\/\/www.life-belini.be\/fr\/wp-json\/wp\/v2\/posts\/7191\/revisions\/7206"}],"wp:featuredmedia":[{"embeddable":true,"href":"https:\/\/www.life-belini.be\/fr\/wp-json\/wp\/v2\/media\/7086"}],"wp:attachment":[{"href":"https:\/\/www.life-belini.be\/fr\/wp-json\/wp\/v2\/media?parent=7191"}],"wp:term":[{"taxonomy":"category","embeddable":true,"href":"https:\/\/www.life-belini.be\/fr\/wp-json\/wp\/v2\/categories?post=7191"},{"taxonomy":"post_tag","embeddable":true,"href":"https:\/\/www.life-belini.be\/fr\/wp-json\/wp\/v2\/tags?post=7191"}],"curies":[{"name":"wp","href":"https:\/\/api.w.org\/{rel}","templated":true}]}}