{"id":7173,"date":"2022-05-25T03:54:28","date_gmt":"2022-05-25T03:54:28","guid":{"rendered":"https:\/\/www.life-belini.be\/bioblitz-aan-oude-kanaal-brussel-charleroi-overtreft-verwachtingen\/"},"modified":"2022-07-18T04:59:54","modified_gmt":"2022-07-18T04:59:54","slug":"le-bioblitz-sur-lancien-canal-bruxelles-charleroi-depasse-les-attentes","status":"publish","type":"post","link":"https:\/\/www.life-belini.be\/fr\/le-bioblitz-sur-lancien-canal-bruxelles-charleroi-depasse-les-attentes\/","title":{"rendered":"Le bioblitz sur l&rsquo;ancien canal Bruxelles Charleroi d\u00e9passe les attentes"},"content":{"rendered":"<p>Le dimanche 22 mai, journ\u00e9e mondiale de la biodiversit\u00e9, Contrat de rivi\u00e8re Senne a organis\u00e9 un bioblitz le long de l&rsquo;ancien canal Charleroi-Bruxelles, un corridor vert-bleu dans le bassin de la Senne. Un bioblitz est g\u00e9n\u00e9ralement une activit\u00e9 au cours de laquelle le plus grand nombre possible d&rsquo;esp\u00e8ces ou d&rsquo;observations d&rsquo;esp\u00e8ces sont collect\u00e9es dans un laps de temps aussi court que possible par quiconque souhaite participer. Sous un soleil radieux, 708 observations ont \u00e9t\u00e9 r\u00e9alis\u00e9es, repr\u00e9sentant quelque 318 esp\u00e8ces identifi\u00e9es.<\/p>\n","protected":false},"excerpt":{"rendered":"<p>Le dimanche 22 mai, journ\u00e9e mondiale de la biodiversit\u00e9, Contrat de rivi\u00e8re Senne a organis\u00e9 un bioblitz le long de l&rsquo;ancien canal Charleroi-Bruxelles, un corridor vert-bleu dans le bassin de [&hellip;]<\/p>\n","protected":false},"author":6,"featured_media":7056,"comment_status":"closed","ping_status":"closed","sticky":false,"template":"","format":"standard","meta":{"_acf_changed":false,"_exactmetrics_skip_tracking":false,"_exactmetrics_sitenote_active":false,"_exactmetrics_sitenote_note":"","_exactmetrics_sitenote_category":0,"footnotes":""},"categories":[30],"tags":[],"class_list":["post-7173","post","type-post","status-publish","format-standard","has-post-thumbnail","hentry","category-news-fr"],"acf":[],"yoast_head":"<!-- This site is optimized with the Yoast SEO plugin v27.4 - https:\/\/yoast.com\/product\/yoast-seo-wordpress\/ -->\n<title>Le bioblitz sur l&#039;ancien canal Bruxelles Charleroi d\u00e9passe les attentes - LIFE Belini<\/title>\n<meta name=\"robots\" content=\"index, follow, max-snippet:-1, max-image-preview:large, max-video-preview:-1\" \/>\n<link rel=\"canonical\" href=\"https:\/\/www.life-belini.be\/fr\/le-bioblitz-sur-lancien-canal-bruxelles-charleroi-depasse-les-attentes\/\" \/>\n<meta property=\"og:locale\" content=\"fr_FR\" \/>\n<meta property=\"og:type\" content=\"article\" \/>\n<meta property=\"og:title\" content=\"Le bioblitz sur l&#039;ancien canal Bruxelles Charleroi d\u00e9passe les attentes - LIFE Belini\" \/>\n<meta property=\"og:description\" content=\"Le dimanche 22 mai, journ\u00e9e mondiale de la biodiversit\u00e9, Contrat de rivi\u00e8re Senne a organis\u00e9 un bioblitz le long de l&rsquo;ancien canal Charleroi-Bruxelles, un corridor vert-bleu dans le bassin de [&hellip;]\" \/>\n<meta property=\"og:url\" content=\"https:\/\/www.life-belini.be\/fr\/le-bioblitz-sur-lancien-canal-bruxelles-charleroi-depasse-les-attentes\/\" \/>\n<meta property=\"og:site_name\" content=\"LIFE Belini\" \/>\n<meta property=\"article:published_time\" content=\"2022-05-25T03:54:28+00:00\" \/>\n<meta property=\"article:modified_time\" content=\"2022-07-18T04:59:54+00:00\" \/>\n<meta property=\"og:image\" content=\"https:\/\/www.life-belini.be\/wp-content\/uploads\/2022\/07\/283922982_333679202248528_2524899657859641475_n.jpg\" \/>\n\t<meta property=\"og:image:width\" content=\"640\" \/>\n\t<meta property=\"og:image:height\" content=\"480\" \/>\n\t<meta property=\"og:image:type\" content=\"image\/jpeg\" \/>\n<meta name=\"author\" content=\"Maureen Nuyts\" \/>\n<meta name=\"twitter:card\" content=\"summary_large_image\" \/>\n<meta name=\"twitter:label1\" content=\"\u00c9crit par\" \/>\n\t<meta name=\"twitter:data1\" content=\"Maureen Nuyts\" \/>\n\t<meta name=\"twitter:label2\" content=\"Dur\u00e9e de lecture estim\u00e9e\" \/>\n\t<meta name=\"twitter:data2\" content=\"1 minute\" \/>\n<script type=\"application\/ld+json\" class=\"yoast-schema-graph\">{\"@context\":\"https:\\\/\\\/schema.org\",\"@graph\":[{\"@type\":\"Article\",\"@id\":\"https:\\\/\\\/www.life-belini.be\\\/fr\\\/le-bioblitz-sur-lancien-canal-bruxelles-charleroi-depasse-les-attentes\\\/#article\",\"isPartOf\":{\"@id\":\"https:\\\/\\\/www.life-belini.be\\\/fr\\\/le-bioblitz-sur-lancien-canal-bruxelles-charleroi-depasse-les-attentes\\\/\"},\"author\":{\"name\":\"Maureen Nuyts\",\"@id\":\"https:\\\/\\\/www.life-belini.be\\\/nl\\\/#\\\/schema\\\/person\\\/84a9c6d38af471fa4c482917c2aa2b5b\"},\"headline\":\"Le bioblitz sur l&rsquo;ancien canal Bruxelles Charleroi d\u00e9passe les attentes\",\"datePublished\":\"2022-05-25T03:54:28+00:00\",\"dateModified\":\"2022-07-18T04:59:54+00:00\",\"mainEntityOfPage\":{\"@id\":\"https:\\\/\\\/www.life-belini.be\\\/fr\\\/le-bioblitz-sur-lancien-canal-bruxelles-charleroi-depasse-les-attentes\\\/\"},\"wordCount\":105,\"image\":{\"@id\":\"https:\\\/\\\/www.life-belini.be\\\/fr\\\/le-bioblitz-sur-lancien-canal-bruxelles-charleroi-depasse-les-attentes\\\/#primaryimage\"},\"thumbnailUrl\":\"https:\\\/\\\/www.life-belini.be\\\/wp-content\\\/uploads\\\/2022\\\/07\\\/283922982_333679202248528_2524899657859641475_n.jpg\",\"articleSection\":[\"news fr\"],\"inLanguage\":\"fr-FR\"},{\"@type\":\"WebPage\",\"@id\":\"https:\\\/\\\/www.life-belini.be\\\/fr\\\/le-bioblitz-sur-lancien-canal-bruxelles-charleroi-depasse-les-attentes\\\/\",\"url\":\"https:\\\/\\\/www.life-belini.be\\\/fr\\\/le-bioblitz-sur-lancien-canal-bruxelles-charleroi-depasse-les-attentes\\\/\",\"name\":\"Le bioblitz sur l'ancien canal Bruxelles Charleroi d\u00e9passe les attentes - LIFE Belini\",\"isPartOf\":{\"@id\":\"https:\\\/\\\/www.life-belini.be\\\/nl\\\/#website\"},\"primaryImageOfPage\":{\"@id\":\"https:\\\/\\\/www.life-belini.be\\\/fr\\\/le-bioblitz-sur-lancien-canal-bruxelles-charleroi-depasse-les-attentes\\\/#primaryimage\"},\"image\":{\"@id\":\"https:\\\/\\\/www.life-belini.be\\\/fr\\\/le-bioblitz-sur-lancien-canal-bruxelles-charleroi-depasse-les-attentes\\\/#primaryimage\"},\"thumbnailUrl\":\"https:\\\/\\\/www.life-belini.be\\\/wp-content\\\/uploads\\\/2022\\\/07\\\/283922982_333679202248528_2524899657859641475_n.jpg\",\"datePublished\":\"2022-05-25T03:54:28+00:00\",\"dateModified\":\"2022-07-18T04:59:54+00:00\",\"author\":{\"@id\":\"https:\\\/\\\/www.life-belini.be\\\/nl\\\/#\\\/schema\\\/person\\\/84a9c6d38af471fa4c482917c2aa2b5b\"},\"breadcrumb\":{\"@id\":\"https:\\\/\\\/www.life-belini.be\\\/fr\\\/le-bioblitz-sur-lancien-canal-bruxelles-charleroi-depasse-les-attentes\\\/#breadcrumb\"},\"inLanguage\":\"fr-FR\",\"potentialAction\":[{\"@type\":\"ReadAction\",\"target\":[\"https:\\\/\\\/www.life-belini.be\\\/fr\\\/le-bioblitz-sur-lancien-canal-bruxelles-charleroi-depasse-les-attentes\\\/\"]}]},{\"@type\":\"ImageObject\",\"inLanguage\":\"fr-FR\",\"@id\":\"https:\\\/\\\/www.life-belini.be\\\/fr\\\/le-bioblitz-sur-lancien-canal-bruxelles-charleroi-depasse-les-attentes\\\/#primaryimage\",\"url\":\"https:\\\/\\\/www.life-belini.be\\\/wp-content\\\/uploads\\\/2022\\\/07\\\/283922982_333679202248528_2524899657859641475_n.jpg\",\"contentUrl\":\"https:\\\/\\\/www.life-belini.be\\\/wp-content\\\/uploads\\\/2022\\\/07\\\/283922982_333679202248528_2524899657859641475_n.jpg\",\"width\":640,\"height\":480},{\"@type\":\"BreadcrumbList\",\"@id\":\"https:\\\/\\\/www.life-belini.be\\\/fr\\\/le-bioblitz-sur-lancien-canal-bruxelles-charleroi-depasse-les-attentes\\\/#breadcrumb\",\"itemListElement\":[{\"@type\":\"ListItem\",\"position\":1,\"name\":\"Home\",\"item\":\"https:\\\/\\\/www.life-belini.be\\\/fr\\\/home-2\\\/\"},{\"@type\":\"ListItem\",\"position\":2,\"name\":\"Le bioblitz sur l&#8217;ancien canal Bruxelles Charleroi d\u00e9passe les attentes\"}]},{\"@type\":\"WebSite\",\"@id\":\"https:\\\/\\\/www.life-belini.be\\\/nl\\\/#website\",\"url\":\"https:\\\/\\\/www.life-belini.be\\\/nl\\\/\",\"name\":\"LIFE Belini\",\"description\":\"Belgian initiative for making a leap forward towards good status in the river basin district of the Scheldt\",\"potentialAction\":[{\"@type\":\"SearchAction\",\"target\":{\"@type\":\"EntryPoint\",\"urlTemplate\":\"https:\\\/\\\/www.life-belini.be\\\/nl\\\/?s={search_term_string}\"},\"query-input\":{\"@type\":\"PropertyValueSpecification\",\"valueRequired\":true,\"valueName\":\"search_term_string\"}}],\"inLanguage\":\"fr-FR\"},{\"@type\":\"Person\",\"@id\":\"https:\\\/\\\/www.life-belini.be\\\/nl\\\/#\\\/schema\\\/person\\\/84a9c6d38af471fa4c482917c2aa2b5b\",\"name\":\"Maureen Nuyts\",\"url\":\"https:\\\/\\\/www.life-belini.be\\\/fr\\\/author\\\/maureen-nuyts\\\/\"}]}<\/script>\n<!-- \/ Yoast SEO plugin. -->","yoast_head_json":{"title":"Le bioblitz sur l'ancien canal Bruxelles Charleroi d\u00e9passe les attentes - LIFE Belini","robots":{"index":"index","follow":"follow","max-snippet":"max-snippet:-1","max-image-preview":"max-image-preview:large","max-video-preview":"max-video-preview:-1"},"canonical":"https:\/\/www.life-belini.be\/fr\/le-bioblitz-sur-lancien-canal-bruxelles-charleroi-depasse-les-attentes\/","og_locale":"fr_FR","og_type":"article","og_title":"Le bioblitz sur l'ancien canal Bruxelles Charleroi d\u00e9passe les attentes - LIFE Belini","og_description":"Le dimanche 22 mai, journ\u00e9e mondiale de la biodiversit\u00e9, Contrat de rivi\u00e8re Senne a organis\u00e9 un bioblitz le long de l&rsquo;ancien canal Charleroi-Bruxelles, un corridor vert-bleu dans le bassin de [&hellip;]","og_url":"https:\/\/www.life-belini.be\/fr\/le-bioblitz-sur-lancien-canal-bruxelles-charleroi-depasse-les-attentes\/","og_site_name":"LIFE Belini","article_published_time":"2022-05-25T03:54:28+00:00","article_modified_time":"2022-07-18T04:59:54+00:00","og_image":[{"width":640,"height":480,"url":"https:\/\/www.life-belini.be\/wp-content\/uploads\/2022\/07\/283922982_333679202248528_2524899657859641475_n.jpg","type":"image\/jpeg"}],"author":"Maureen Nuyts","twitter_card":"summary_large_image","twitter_misc":{"\u00c9crit par":"Maureen Nuyts","Dur\u00e9e de lecture estim\u00e9e":"1 minute"},"schema":{"@context":"https:\/\/schema.org","@graph":[{"@type":"Article","@id":"https:\/\/www.life-belini.be\/fr\/le-bioblitz-sur-lancien-canal-bruxelles-charleroi-depasse-les-attentes\/#article","isPartOf":{"@id":"https:\/\/www.life-belini.be\/fr\/le-bioblitz-sur-lancien-canal-bruxelles-charleroi-depasse-les-attentes\/"},"author":{"name":"Maureen Nuyts","@id":"https:\/\/www.life-belini.be\/nl\/#\/schema\/person\/84a9c6d38af471fa4c482917c2aa2b5b"},"headline":"Le bioblitz sur l&rsquo;ancien canal Bruxelles Charleroi d\u00e9passe les attentes","datePublished":"2022-05-25T03:54:28+00:00","dateModified":"2022-07-18T04:59:54+00:00","mainEntityOfPage":{"@id":"https:\/\/www.life-belini.be\/fr\/le-bioblitz-sur-lancien-canal-bruxelles-charleroi-depasse-les-attentes\/"},"wordCount":105,"image":{"@id":"https:\/\/www.life-belini.be\/fr\/le-bioblitz-sur-lancien-canal-bruxelles-charleroi-depasse-les-attentes\/#primaryimage"},"thumbnailUrl":"https:\/\/www.life-belini.be\/wp-content\/uploads\/2022\/07\/283922982_333679202248528_2524899657859641475_n.jpg","articleSection":["news fr"],"inLanguage":"fr-FR"},{"@type":"WebPage","@id":"https:\/\/www.life-belini.be\/fr\/le-bioblitz-sur-lancien-canal-bruxelles-charleroi-depasse-les-attentes\/","url":"https:\/\/www.life-belini.be\/fr\/le-bioblitz-sur-lancien-canal-bruxelles-charleroi-depasse-les-attentes\/","name":"Le bioblitz sur l'ancien canal Bruxelles Charleroi d\u00e9passe les attentes - LIFE Belini","isPartOf":{"@id":"https:\/\/www.life-belini.be\/nl\/#website"},"primaryImageOfPage":{"@id":"https:\/\/www.life-belini.be\/fr\/le-bioblitz-sur-lancien-canal-bruxelles-charleroi-depasse-les-attentes\/#primaryimage"},"image":{"@id":"https:\/\/www.life-belini.be\/fr\/le-bioblitz-sur-lancien-canal-bruxelles-charleroi-depasse-les-attentes\/#primaryimage"},"thumbnailUrl":"https:\/\/www.life-belini.be\/wp-content\/uploads\/2022\/07\/283922982_333679202248528_2524899657859641475_n.jpg","datePublished":"2022-05-25T03:54:28+00:00","dateModified":"2022-07-18T04:59:54+00:00","author":{"@id":"https:\/\/www.life-belini.be\/nl\/#\/schema\/person\/84a9c6d38af471fa4c482917c2aa2b5b"},"breadcrumb":{"@id":"https:\/\/www.life-belini.be\/fr\/le-bioblitz-sur-lancien-canal-bruxelles-charleroi-depasse-les-attentes\/#breadcrumb"},"inLanguage":"fr-FR","potentialAction":[{"@type":"ReadAction","target":["https:\/\/www.life-belini.be\/fr\/le-bioblitz-sur-lancien-canal-bruxelles-charleroi-depasse-les-attentes\/"]}]},{"@type":"ImageObject","inLanguage":"fr-FR","@id":"https:\/\/www.life-belini.be\/fr\/le-bioblitz-sur-lancien-canal-bruxelles-charleroi-depasse-les-attentes\/#primaryimage","url":"https:\/\/www.life-belini.be\/wp-content\/uploads\/2022\/07\/283922982_333679202248528_2524899657859641475_n.jpg","contentUrl":"https:\/\/www.life-belini.be\/wp-content\/uploads\/2022\/07\/283922982_333679202248528_2524899657859641475_n.jpg","width":640,"height":480},{"@type":"BreadcrumbList","@id":"https:\/\/www.life-belini.be\/fr\/le-bioblitz-sur-lancien-canal-bruxelles-charleroi-depasse-les-attentes\/#breadcrumb","itemListElement":[{"@type":"ListItem","position":1,"name":"Home","item":"https:\/\/www.life-belini.be\/fr\/home-2\/"},{"@type":"ListItem","position":2,"name":"Le bioblitz sur l&#8217;ancien canal Bruxelles Charleroi d\u00e9passe les attentes"}]},{"@type":"WebSite","@id":"https:\/\/www.life-belini.be\/nl\/#website","url":"https:\/\/www.life-belini.be\/nl\/","name":"LIFE Belini","description":"Belgian initiative for making a leap forward towards good status in the river basin district of the Scheldt","potentialAction":[{"@type":"SearchAction","target":{"@type":"EntryPoint","urlTemplate":"https:\/\/www.life-belini.be\/nl\/?s={search_term_string}"},"query-input":{"@type":"PropertyValueSpecification","valueRequired":true,"valueName":"search_term_string"}}],"inLanguage":"fr-FR"},{"@type":"Person","@id":"https:\/\/www.life-belini.be\/nl\/#\/schema\/person\/84a9c6d38af471fa4c482917c2aa2b5b","name":"Maureen Nuyts","url":"https:\/\/www.life-belini.be\/fr\/author\/maureen-nuyts\/"}]}},"_links":{"self":[{"href":"https:\/\/www.life-belini.be\/fr\/wp-json\/wp\/v2\/posts\/7173","targetHints":{"allow":["GET"]}}],"collection":[{"href":"https:\/\/www.life-belini.be\/fr\/wp-json\/wp\/v2\/posts"}],"about":[{"href":"https:\/\/www.life-belini.be\/fr\/wp-json\/wp\/v2\/types\/post"}],"author":[{"embeddable":true,"href":"https:\/\/www.life-belini.be\/fr\/wp-json\/wp\/v2\/users\/6"}],"replies":[{"embeddable":true,"href":"https:\/\/www.life-belini.be\/fr\/wp-json\/wp\/v2\/comments?post=7173"}],"version-history":[{"count":4,"href":"https:\/\/www.life-belini.be\/fr\/wp-json\/wp\/v2\/posts\/7173\/revisions"}],"predecessor-version":[{"id":7284,"href":"https:\/\/www.life-belini.be\/fr\/wp-json\/wp\/v2\/posts\/7173\/revisions\/7284"}],"wp:featuredmedia":[{"embeddable":true,"href":"https:\/\/www.life-belini.be\/fr\/wp-json\/wp\/v2\/media\/7056"}],"wp:attachment":[{"href":"https:\/\/www.life-belini.be\/fr\/wp-json\/wp\/v2\/media?parent=7173"}],"wp:term":[{"taxonomy":"category","embeddable":true,"href":"https:\/\/www.life-belini.be\/fr\/wp-json\/wp\/v2\/categories?post=7173"},{"taxonomy":"post_tag","embeddable":true,"href":"https:\/\/www.life-belini.be\/fr\/wp-json\/wp\/v2\/tags?post=7173"}],"curies":[{"name":"wp","href":"https:\/\/api.w.org\/{rel}","templated":true}]}}