{"id":7161,"date":"2022-03-31T14:45:12","date_gmt":"2022-03-31T14:45:12","guid":{"rendered":"https:\/\/www.life-belini.be\/geslaagde-campagnedagen-zijn-een-feit\/"},"modified":"2022-07-15T15:22:46","modified_gmt":"2022-07-15T15:22:46","slug":"journees-de-campagne-reussies","status":"publish","type":"post","link":"https:\/\/www.life-belini.be\/fr\/journees-de-campagne-reussies\/","title":{"rendered":"Des journ\u00e9es de campagne r\u00e9ussies!"},"content":{"rendered":"<p>La Journ\u00e9e mondiale de l\u2019eau est maintenant derri\u00e8re nous, mais nous aimerions revenir sur de nombreuses activit\u00e9s sympathiques. Dans le cadre de la campagne Rivi\u00e8res Fi\u00e8res de Life Belini, nous avons organis\u00e9 19 activit\u00e9s avec tous les partenaires de la zone du projet.<\/p>\n","protected":false},"excerpt":{"rendered":"<p>La Journ\u00e9e mondiale de l\u2019eau est maintenant derri\u00e8re nous, mais nous aimerions revenir sur de nombreuses activit\u00e9s sympathiques. Dans le cadre de la campagne Rivi\u00e8res Fi\u00e8res de Life Belini, nous [&hellip;]<\/p>\n","protected":false},"author":6,"featured_media":7149,"comment_status":"closed","ping_status":"closed","sticky":false,"template":"","format":"standard","meta":{"_acf_changed":false,"_exactmetrics_skip_tracking":false,"_exactmetrics_sitenote_active":false,"_exactmetrics_sitenote_note":"","_exactmetrics_sitenote_category":0,"footnotes":""},"categories":[30],"tags":[],"class_list":["post-7161","post","type-post","status-publish","format-standard","has-post-thumbnail","hentry","category-news-fr"],"acf":[],"yoast_head":"<!-- This site is optimized with the Yoast SEO plugin v27.4 - https:\/\/yoast.com\/product\/yoast-seo-wordpress\/ -->\n<title>Des journ\u00e9es de campagne r\u00e9ussies! - LIFE Belini<\/title>\n<meta name=\"robots\" content=\"index, follow, max-snippet:-1, max-image-preview:large, max-video-preview:-1\" \/>\n<link rel=\"canonical\" href=\"https:\/\/www.life-belini.be\/fr\/journees-de-campagne-reussies\/\" \/>\n<meta property=\"og:locale\" content=\"fr_FR\" \/>\n<meta property=\"og:type\" content=\"article\" \/>\n<meta property=\"og:title\" content=\"Des journ\u00e9es de campagne r\u00e9ussies! - LIFE Belini\" \/>\n<meta property=\"og:description\" content=\"La Journ\u00e9e mondiale de l\u2019eau est maintenant derri\u00e8re nous, mais nous aimerions revenir sur de nombreuses activit\u00e9s sympathiques. Dans le cadre de la campagne Rivi\u00e8res Fi\u00e8res de Life Belini, nous [&hellip;]\" \/>\n<meta property=\"og:url\" content=\"https:\/\/www.life-belini.be\/fr\/journees-de-campagne-reussies\/\" \/>\n<meta property=\"og:site_name\" content=\"LIFE Belini\" \/>\n<meta property=\"article:published_time\" content=\"2022-03-31T14:45:12+00:00\" \/>\n<meta property=\"article:modified_time\" content=\"2022-07-15T15:22:46+00:00\" \/>\n<meta property=\"og:image\" content=\"https:\/\/www.life-belini.be\/wp-content\/uploads\/2022\/07\/191902ac-95c1-4bcf-ab3a-d3908fdec2e3.jpg\" \/>\n\t<meta property=\"og:image:width\" content=\"1920\" \/>\n\t<meta property=\"og:image:height\" content=\"885\" \/>\n\t<meta property=\"og:image:type\" content=\"image\/jpeg\" \/>\n<meta name=\"author\" content=\"Maureen Nuyts\" \/>\n<meta name=\"twitter:card\" content=\"summary_large_image\" \/>\n<meta name=\"twitter:label1\" content=\"\u00c9crit par\" \/>\n\t<meta name=\"twitter:data1\" content=\"Maureen Nuyts\" \/>\n\t<meta name=\"twitter:label2\" content=\"Dur\u00e9e de lecture estim\u00e9e\" \/>\n\t<meta name=\"twitter:data2\" content=\"1 minute\" \/>\n<script type=\"application\/ld+json\" class=\"yoast-schema-graph\">{\"@context\":\"https:\\\/\\\/schema.org\",\"@graph\":[{\"@type\":\"Article\",\"@id\":\"https:\\\/\\\/www.life-belini.be\\\/fr\\\/journees-de-campagne-reussies\\\/#article\",\"isPartOf\":{\"@id\":\"https:\\\/\\\/www.life-belini.be\\\/fr\\\/journees-de-campagne-reussies\\\/\"},\"author\":{\"name\":\"Maureen Nuyts\",\"@id\":\"https:\\\/\\\/www.life-belini.be\\\/nl\\\/#\\\/schema\\\/person\\\/84a9c6d38af471fa4c482917c2aa2b5b\"},\"headline\":\"Des journ\u00e9es de campagne r\u00e9ussies!\",\"datePublished\":\"2022-03-31T14:45:12+00:00\",\"dateModified\":\"2022-07-15T15:22:46+00:00\",\"mainEntityOfPage\":{\"@id\":\"https:\\\/\\\/www.life-belini.be\\\/fr\\\/journees-de-campagne-reussies\\\/\"},\"wordCount\":56,\"image\":{\"@id\":\"https:\\\/\\\/www.life-belini.be\\\/fr\\\/journees-de-campagne-reussies\\\/#primaryimage\"},\"thumbnailUrl\":\"https:\\\/\\\/www.life-belini.be\\\/wp-content\\\/uploads\\\/2022\\\/07\\\/191902ac-95c1-4bcf-ab3a-d3908fdec2e3.jpg\",\"articleSection\":[\"news fr\"],\"inLanguage\":\"fr-FR\"},{\"@type\":\"WebPage\",\"@id\":\"https:\\\/\\\/www.life-belini.be\\\/fr\\\/journees-de-campagne-reussies\\\/\",\"url\":\"https:\\\/\\\/www.life-belini.be\\\/fr\\\/journees-de-campagne-reussies\\\/\",\"name\":\"Des journ\u00e9es de campagne r\u00e9ussies! - LIFE Belini\",\"isPartOf\":{\"@id\":\"https:\\\/\\\/www.life-belini.be\\\/nl\\\/#website\"},\"primaryImageOfPage\":{\"@id\":\"https:\\\/\\\/www.life-belini.be\\\/fr\\\/journees-de-campagne-reussies\\\/#primaryimage\"},\"image\":{\"@id\":\"https:\\\/\\\/www.life-belini.be\\\/fr\\\/journees-de-campagne-reussies\\\/#primaryimage\"},\"thumbnailUrl\":\"https:\\\/\\\/www.life-belini.be\\\/wp-content\\\/uploads\\\/2022\\\/07\\\/191902ac-95c1-4bcf-ab3a-d3908fdec2e3.jpg\",\"datePublished\":\"2022-03-31T14:45:12+00:00\",\"dateModified\":\"2022-07-15T15:22:46+00:00\",\"author\":{\"@id\":\"https:\\\/\\\/www.life-belini.be\\\/nl\\\/#\\\/schema\\\/person\\\/84a9c6d38af471fa4c482917c2aa2b5b\"},\"breadcrumb\":{\"@id\":\"https:\\\/\\\/www.life-belini.be\\\/fr\\\/journees-de-campagne-reussies\\\/#breadcrumb\"},\"inLanguage\":\"fr-FR\",\"potentialAction\":[{\"@type\":\"ReadAction\",\"target\":[\"https:\\\/\\\/www.life-belini.be\\\/fr\\\/journees-de-campagne-reussies\\\/\"]}]},{\"@type\":\"ImageObject\",\"inLanguage\":\"fr-FR\",\"@id\":\"https:\\\/\\\/www.life-belini.be\\\/fr\\\/journees-de-campagne-reussies\\\/#primaryimage\",\"url\":\"https:\\\/\\\/www.life-belini.be\\\/wp-content\\\/uploads\\\/2022\\\/07\\\/191902ac-95c1-4bcf-ab3a-d3908fdec2e3.jpg\",\"contentUrl\":\"https:\\\/\\\/www.life-belini.be\\\/wp-content\\\/uploads\\\/2022\\\/07\\\/191902ac-95c1-4bcf-ab3a-d3908fdec2e3.jpg\",\"width\":1920,\"height\":885},{\"@type\":\"BreadcrumbList\",\"@id\":\"https:\\\/\\\/www.life-belini.be\\\/fr\\\/journees-de-campagne-reussies\\\/#breadcrumb\",\"itemListElement\":[{\"@type\":\"ListItem\",\"position\":1,\"name\":\"Home\",\"item\":\"https:\\\/\\\/www.life-belini.be\\\/fr\\\/home-2\\\/\"},{\"@type\":\"ListItem\",\"position\":2,\"name\":\"Des journ\u00e9es de campagne r\u00e9ussies!\"}]},{\"@type\":\"WebSite\",\"@id\":\"https:\\\/\\\/www.life-belini.be\\\/nl\\\/#website\",\"url\":\"https:\\\/\\\/www.life-belini.be\\\/nl\\\/\",\"name\":\"LIFE Belini\",\"description\":\"Belgian initiative for making a leap forward towards good status in the river basin district of the Scheldt\",\"potentialAction\":[{\"@type\":\"SearchAction\",\"target\":{\"@type\":\"EntryPoint\",\"urlTemplate\":\"https:\\\/\\\/www.life-belini.be\\\/nl\\\/?s={search_term_string}\"},\"query-input\":{\"@type\":\"PropertyValueSpecification\",\"valueRequired\":true,\"valueName\":\"search_term_string\"}}],\"inLanguage\":\"fr-FR\"},{\"@type\":\"Person\",\"@id\":\"https:\\\/\\\/www.life-belini.be\\\/nl\\\/#\\\/schema\\\/person\\\/84a9c6d38af471fa4c482917c2aa2b5b\",\"name\":\"Maureen Nuyts\",\"url\":\"https:\\\/\\\/www.life-belini.be\\\/fr\\\/author\\\/maureen-nuyts\\\/\"}]}<\/script>\n<!-- \/ Yoast SEO plugin. -->","yoast_head_json":{"title":"Des journ\u00e9es de campagne r\u00e9ussies! - LIFE Belini","robots":{"index":"index","follow":"follow","max-snippet":"max-snippet:-1","max-image-preview":"max-image-preview:large","max-video-preview":"max-video-preview:-1"},"canonical":"https:\/\/www.life-belini.be\/fr\/journees-de-campagne-reussies\/","og_locale":"fr_FR","og_type":"article","og_title":"Des journ\u00e9es de campagne r\u00e9ussies! - LIFE Belini","og_description":"La Journ\u00e9e mondiale de l\u2019eau est maintenant derri\u00e8re nous, mais nous aimerions revenir sur de nombreuses activit\u00e9s sympathiques. Dans le cadre de la campagne Rivi\u00e8res Fi\u00e8res de Life Belini, nous [&hellip;]","og_url":"https:\/\/www.life-belini.be\/fr\/journees-de-campagne-reussies\/","og_site_name":"LIFE Belini","article_published_time":"2022-03-31T14:45:12+00:00","article_modified_time":"2022-07-15T15:22:46+00:00","og_image":[{"width":1920,"height":885,"url":"https:\/\/www.life-belini.be\/wp-content\/uploads\/2022\/07\/191902ac-95c1-4bcf-ab3a-d3908fdec2e3.jpg","type":"image\/jpeg"}],"author":"Maureen Nuyts","twitter_card":"summary_large_image","twitter_misc":{"\u00c9crit par":"Maureen Nuyts","Dur\u00e9e de lecture estim\u00e9e":"1 minute"},"schema":{"@context":"https:\/\/schema.org","@graph":[{"@type":"Article","@id":"https:\/\/www.life-belini.be\/fr\/journees-de-campagne-reussies\/#article","isPartOf":{"@id":"https:\/\/www.life-belini.be\/fr\/journees-de-campagne-reussies\/"},"author":{"name":"Maureen Nuyts","@id":"https:\/\/www.life-belini.be\/nl\/#\/schema\/person\/84a9c6d38af471fa4c482917c2aa2b5b"},"headline":"Des journ\u00e9es de campagne r\u00e9ussies!","datePublished":"2022-03-31T14:45:12+00:00","dateModified":"2022-07-15T15:22:46+00:00","mainEntityOfPage":{"@id":"https:\/\/www.life-belini.be\/fr\/journees-de-campagne-reussies\/"},"wordCount":56,"image":{"@id":"https:\/\/www.life-belini.be\/fr\/journees-de-campagne-reussies\/#primaryimage"},"thumbnailUrl":"https:\/\/www.life-belini.be\/wp-content\/uploads\/2022\/07\/191902ac-95c1-4bcf-ab3a-d3908fdec2e3.jpg","articleSection":["news fr"],"inLanguage":"fr-FR"},{"@type":"WebPage","@id":"https:\/\/www.life-belini.be\/fr\/journees-de-campagne-reussies\/","url":"https:\/\/www.life-belini.be\/fr\/journees-de-campagne-reussies\/","name":"Des journ\u00e9es de campagne r\u00e9ussies! - LIFE Belini","isPartOf":{"@id":"https:\/\/www.life-belini.be\/nl\/#website"},"primaryImageOfPage":{"@id":"https:\/\/www.life-belini.be\/fr\/journees-de-campagne-reussies\/#primaryimage"},"image":{"@id":"https:\/\/www.life-belini.be\/fr\/journees-de-campagne-reussies\/#primaryimage"},"thumbnailUrl":"https:\/\/www.life-belini.be\/wp-content\/uploads\/2022\/07\/191902ac-95c1-4bcf-ab3a-d3908fdec2e3.jpg","datePublished":"2022-03-31T14:45:12+00:00","dateModified":"2022-07-15T15:22:46+00:00","author":{"@id":"https:\/\/www.life-belini.be\/nl\/#\/schema\/person\/84a9c6d38af471fa4c482917c2aa2b5b"},"breadcrumb":{"@id":"https:\/\/www.life-belini.be\/fr\/journees-de-campagne-reussies\/#breadcrumb"},"inLanguage":"fr-FR","potentialAction":[{"@type":"ReadAction","target":["https:\/\/www.life-belini.be\/fr\/journees-de-campagne-reussies\/"]}]},{"@type":"ImageObject","inLanguage":"fr-FR","@id":"https:\/\/www.life-belini.be\/fr\/journees-de-campagne-reussies\/#primaryimage","url":"https:\/\/www.life-belini.be\/wp-content\/uploads\/2022\/07\/191902ac-95c1-4bcf-ab3a-d3908fdec2e3.jpg","contentUrl":"https:\/\/www.life-belini.be\/wp-content\/uploads\/2022\/07\/191902ac-95c1-4bcf-ab3a-d3908fdec2e3.jpg","width":1920,"height":885},{"@type":"BreadcrumbList","@id":"https:\/\/www.life-belini.be\/fr\/journees-de-campagne-reussies\/#breadcrumb","itemListElement":[{"@type":"ListItem","position":1,"name":"Home","item":"https:\/\/www.life-belini.be\/fr\/home-2\/"},{"@type":"ListItem","position":2,"name":"Des journ\u00e9es de campagne r\u00e9ussies!"}]},{"@type":"WebSite","@id":"https:\/\/www.life-belini.be\/nl\/#website","url":"https:\/\/www.life-belini.be\/nl\/","name":"LIFE Belini","description":"Belgian initiative for making a leap forward towards good status in the river basin district of the Scheldt","potentialAction":[{"@type":"SearchAction","target":{"@type":"EntryPoint","urlTemplate":"https:\/\/www.life-belini.be\/nl\/?s={search_term_string}"},"query-input":{"@type":"PropertyValueSpecification","valueRequired":true,"valueName":"search_term_string"}}],"inLanguage":"fr-FR"},{"@type":"Person","@id":"https:\/\/www.life-belini.be\/nl\/#\/schema\/person\/84a9c6d38af471fa4c482917c2aa2b5b","name":"Maureen Nuyts","url":"https:\/\/www.life-belini.be\/fr\/author\/maureen-nuyts\/"}]}},"_links":{"self":[{"href":"https:\/\/www.life-belini.be\/fr\/wp-json\/wp\/v2\/posts\/7161","targetHints":{"allow":["GET"]}}],"collection":[{"href":"https:\/\/www.life-belini.be\/fr\/wp-json\/wp\/v2\/posts"}],"about":[{"href":"https:\/\/www.life-belini.be\/fr\/wp-json\/wp\/v2\/types\/post"}],"author":[{"embeddable":true,"href":"https:\/\/www.life-belini.be\/fr\/wp-json\/wp\/v2\/users\/6"}],"replies":[{"embeddable":true,"href":"https:\/\/www.life-belini.be\/fr\/wp-json\/wp\/v2\/comments?post=7161"}],"version-history":[{"count":2,"href":"https:\/\/www.life-belini.be\/fr\/wp-json\/wp\/v2\/posts\/7161\/revisions"}],"predecessor-version":[{"id":7205,"href":"https:\/\/www.life-belini.be\/fr\/wp-json\/wp\/v2\/posts\/7161\/revisions\/7205"}],"wp:featuredmedia":[{"embeddable":true,"href":"https:\/\/www.life-belini.be\/fr\/wp-json\/wp\/v2\/media\/7149"}],"wp:attachment":[{"href":"https:\/\/www.life-belini.be\/fr\/wp-json\/wp\/v2\/media?parent=7161"}],"wp:term":[{"taxonomy":"category","embeddable":true,"href":"https:\/\/www.life-belini.be\/fr\/wp-json\/wp\/v2\/categories?post=7161"},{"taxonomy":"post_tag","embeddable":true,"href":"https:\/\/www.life-belini.be\/fr\/wp-json\/wp\/v2\/tags?post=7161"}],"curies":[{"name":"wp","href":"https:\/\/api.w.org\/{rel}","templated":true}]}}