{"id":7131,"date":"2022-03-11T12:37:41","date_gmt":"2022-03-11T12:37:41","guid":{"rendered":"https:\/\/www.life-belini.be\/kick-off-campagne-fiere-rivieren-rivieres-fieres\/"},"modified":"2022-07-15T14:43:51","modified_gmt":"2022-07-15T14:43:51","slug":"kick-off-campagne-fiere-rivieren-rivieres-fieres","status":"publish","type":"post","link":"https:\/\/www.life-belini.be\/fr\/kick-off-campagne-fiere-rivieren-rivieres-fieres\/","title":{"rendered":"Kick off campagne Rivi\u00e8res Fi\u00e8res"},"content":{"rendered":"<p><strong>Kick-off campagne Fiere Rivieren<\/strong><\/p>\n<p>Le 22 mars, Journ\u00e9e mondiale de l\u2019eau \ud83d\udca7, de nombreuses activit\u00e9s seront consacr\u00e9es \u00e0 l\u2019eau en Flandre, \u00e0 Bruxelles et en Wallonie lors des \u00ab\u2009journ\u00e9es de l\u2019eau\u2009\u00bb. Certaines des activit\u00e9s de la zone du projet Life Belini sont \u00e9galement regroup\u00e9es dans la campagne Rivi\u00e8res Fi\u00e8res.<\/p>\n","protected":false},"excerpt":{"rendered":"<p>Kick-off campagne Fiere Rivieren Le 22 mars, Journ\u00e9e mondiale de l\u2019eau \ud83d\udca7, de nombreuses activit\u00e9s seront consacr\u00e9es \u00e0 l\u2019eau en Flandre, \u00e0 Bruxelles et en Wallonie lors des \u00ab\u2009journ\u00e9es de [&hellip;]<\/p>\n","protected":false},"author":6,"featured_media":7113,"comment_status":"closed","ping_status":"closed","sticky":false,"template":"","format":"standard","meta":{"_acf_changed":false,"_exactmetrics_skip_tracking":false,"_exactmetrics_sitenote_active":false,"_exactmetrics_sitenote_note":"","_exactmetrics_sitenote_category":0,"footnotes":""},"categories":[30],"tags":[],"class_list":["post-7131","post","type-post","status-publish","format-standard","has-post-thumbnail","hentry","category-news-fr"],"acf":[],"yoast_head":"<!-- This site is optimized with the Yoast SEO plugin v27.4 - https:\/\/yoast.com\/product\/yoast-seo-wordpress\/ -->\n<title>Kick off campagne Rivi\u00e8res Fi\u00e8res - LIFE Belini<\/title>\n<meta name=\"robots\" content=\"index, follow, max-snippet:-1, max-image-preview:large, max-video-preview:-1\" \/>\n<link rel=\"canonical\" href=\"https:\/\/www.life-belini.be\/fr\/kick-off-campagne-fiere-rivieren-rivieres-fieres\/\" \/>\n<meta property=\"og:locale\" content=\"fr_FR\" \/>\n<meta property=\"og:type\" content=\"article\" \/>\n<meta property=\"og:title\" content=\"Kick off campagne Rivi\u00e8res Fi\u00e8res - LIFE Belini\" \/>\n<meta property=\"og:description\" content=\"Kick-off campagne Fiere Rivieren Le 22 mars, Journ\u00e9e mondiale de l\u2019eau \ud83d\udca7, de nombreuses activit\u00e9s seront consacr\u00e9es \u00e0 l\u2019eau en Flandre, \u00e0 Bruxelles et en Wallonie lors des \u00ab\u2009journ\u00e9es de [&hellip;]\" \/>\n<meta property=\"og:url\" content=\"https:\/\/www.life-belini.be\/fr\/kick-off-campagne-fiere-rivieren-rivieres-fieres\/\" \/>\n<meta property=\"og:site_name\" content=\"LIFE Belini\" \/>\n<meta property=\"article:published_time\" content=\"2022-03-11T12:37:41+00:00\" \/>\n<meta property=\"article:modified_time\" content=\"2022-07-15T14:43:51+00:00\" \/>\n<meta property=\"og:image\" content=\"https:\/\/www.life-belini.be\/wp-content\/uploads\/2022\/07\/fiere_rivieren2022_24.jpg\" \/>\n\t<meta property=\"og:image:width\" content=\"866\" \/>\n\t<meta property=\"og:image:height\" content=\"577\" \/>\n\t<meta property=\"og:image:type\" content=\"image\/jpeg\" \/>\n<meta name=\"author\" content=\"Maureen Nuyts\" \/>\n<meta name=\"twitter:card\" content=\"summary_large_image\" \/>\n<meta name=\"twitter:label1\" content=\"\u00c9crit par\" \/>\n\t<meta name=\"twitter:data1\" content=\"Maureen Nuyts\" \/>\n\t<meta name=\"twitter:label2\" content=\"Dur\u00e9e de lecture estim\u00e9e\" \/>\n\t<meta name=\"twitter:data2\" content=\"1 minute\" \/>\n<script type=\"application\/ld+json\" class=\"yoast-schema-graph\">{\"@context\":\"https:\\\/\\\/schema.org\",\"@graph\":[{\"@type\":\"Article\",\"@id\":\"https:\\\/\\\/www.life-belini.be\\\/fr\\\/kick-off-campagne-fiere-rivieren-rivieres-fieres\\\/#article\",\"isPartOf\":{\"@id\":\"https:\\\/\\\/www.life-belini.be\\\/fr\\\/kick-off-campagne-fiere-rivieren-rivieres-fieres\\\/\"},\"author\":{\"name\":\"Maureen Nuyts\",\"@id\":\"https:\\\/\\\/www.life-belini.be\\\/nl\\\/#\\\/schema\\\/person\\\/84a9c6d38af471fa4c482917c2aa2b5b\"},\"headline\":\"Kick off campagne Rivi\u00e8res Fi\u00e8res\",\"datePublished\":\"2022-03-11T12:37:41+00:00\",\"dateModified\":\"2022-07-15T14:43:51+00:00\",\"mainEntityOfPage\":{\"@id\":\"https:\\\/\\\/www.life-belini.be\\\/fr\\\/kick-off-campagne-fiere-rivieren-rivieres-fieres\\\/\"},\"wordCount\":63,\"image\":{\"@id\":\"https:\\\/\\\/www.life-belini.be\\\/fr\\\/kick-off-campagne-fiere-rivieren-rivieres-fieres\\\/#primaryimage\"},\"thumbnailUrl\":\"https:\\\/\\\/www.life-belini.be\\\/wp-content\\\/uploads\\\/2022\\\/07\\\/fiere_rivieren2022_24.jpg\",\"articleSection\":[\"news fr\"],\"inLanguage\":\"fr-FR\"},{\"@type\":\"WebPage\",\"@id\":\"https:\\\/\\\/www.life-belini.be\\\/fr\\\/kick-off-campagne-fiere-rivieren-rivieres-fieres\\\/\",\"url\":\"https:\\\/\\\/www.life-belini.be\\\/fr\\\/kick-off-campagne-fiere-rivieren-rivieres-fieres\\\/\",\"name\":\"Kick off campagne Rivi\u00e8res Fi\u00e8res - LIFE Belini\",\"isPartOf\":{\"@id\":\"https:\\\/\\\/www.life-belini.be\\\/nl\\\/#website\"},\"primaryImageOfPage\":{\"@id\":\"https:\\\/\\\/www.life-belini.be\\\/fr\\\/kick-off-campagne-fiere-rivieren-rivieres-fieres\\\/#primaryimage\"},\"image\":{\"@id\":\"https:\\\/\\\/www.life-belini.be\\\/fr\\\/kick-off-campagne-fiere-rivieren-rivieres-fieres\\\/#primaryimage\"},\"thumbnailUrl\":\"https:\\\/\\\/www.life-belini.be\\\/wp-content\\\/uploads\\\/2022\\\/07\\\/fiere_rivieren2022_24.jpg\",\"datePublished\":\"2022-03-11T12:37:41+00:00\",\"dateModified\":\"2022-07-15T14:43:51+00:00\",\"author\":{\"@id\":\"https:\\\/\\\/www.life-belini.be\\\/nl\\\/#\\\/schema\\\/person\\\/84a9c6d38af471fa4c482917c2aa2b5b\"},\"breadcrumb\":{\"@id\":\"https:\\\/\\\/www.life-belini.be\\\/fr\\\/kick-off-campagne-fiere-rivieren-rivieres-fieres\\\/#breadcrumb\"},\"inLanguage\":\"fr-FR\",\"potentialAction\":[{\"@type\":\"ReadAction\",\"target\":[\"https:\\\/\\\/www.life-belini.be\\\/fr\\\/kick-off-campagne-fiere-rivieren-rivieres-fieres\\\/\"]}]},{\"@type\":\"ImageObject\",\"inLanguage\":\"fr-FR\",\"@id\":\"https:\\\/\\\/www.life-belini.be\\\/fr\\\/kick-off-campagne-fiere-rivieren-rivieres-fieres\\\/#primaryimage\",\"url\":\"https:\\\/\\\/www.life-belini.be\\\/wp-content\\\/uploads\\\/2022\\\/07\\\/fiere_rivieren2022_24.jpg\",\"contentUrl\":\"https:\\\/\\\/www.life-belini.be\\\/wp-content\\\/uploads\\\/2022\\\/07\\\/fiere_rivieren2022_24.jpg\",\"width\":866,\"height\":577},{\"@type\":\"BreadcrumbList\",\"@id\":\"https:\\\/\\\/www.life-belini.be\\\/fr\\\/kick-off-campagne-fiere-rivieren-rivieres-fieres\\\/#breadcrumb\",\"itemListElement\":[{\"@type\":\"ListItem\",\"position\":1,\"name\":\"Home\",\"item\":\"https:\\\/\\\/www.life-belini.be\\\/fr\\\/home-2\\\/\"},{\"@type\":\"ListItem\",\"position\":2,\"name\":\"Kick off campagne Rivi\u00e8res Fi\u00e8res\"}]},{\"@type\":\"WebSite\",\"@id\":\"https:\\\/\\\/www.life-belini.be\\\/nl\\\/#website\",\"url\":\"https:\\\/\\\/www.life-belini.be\\\/nl\\\/\",\"name\":\"LIFE Belini\",\"description\":\"Belgian initiative for making a leap forward towards good status in the river basin district of the Scheldt\",\"potentialAction\":[{\"@type\":\"SearchAction\",\"target\":{\"@type\":\"EntryPoint\",\"urlTemplate\":\"https:\\\/\\\/www.life-belini.be\\\/nl\\\/?s={search_term_string}\"},\"query-input\":{\"@type\":\"PropertyValueSpecification\",\"valueRequired\":true,\"valueName\":\"search_term_string\"}}],\"inLanguage\":\"fr-FR\"},{\"@type\":\"Person\",\"@id\":\"https:\\\/\\\/www.life-belini.be\\\/nl\\\/#\\\/schema\\\/person\\\/84a9c6d38af471fa4c482917c2aa2b5b\",\"name\":\"Maureen Nuyts\",\"url\":\"https:\\\/\\\/www.life-belini.be\\\/fr\\\/author\\\/maureen-nuyts\\\/\"}]}<\/script>\n<!-- \/ Yoast SEO plugin. -->","yoast_head_json":{"title":"Kick off campagne Rivi\u00e8res Fi\u00e8res - LIFE Belini","robots":{"index":"index","follow":"follow","max-snippet":"max-snippet:-1","max-image-preview":"max-image-preview:large","max-video-preview":"max-video-preview:-1"},"canonical":"https:\/\/www.life-belini.be\/fr\/kick-off-campagne-fiere-rivieren-rivieres-fieres\/","og_locale":"fr_FR","og_type":"article","og_title":"Kick off campagne Rivi\u00e8res Fi\u00e8res - LIFE Belini","og_description":"Kick-off campagne Fiere Rivieren Le 22 mars, Journ\u00e9e mondiale de l\u2019eau \ud83d\udca7, de nombreuses activit\u00e9s seront consacr\u00e9es \u00e0 l\u2019eau en Flandre, \u00e0 Bruxelles et en Wallonie lors des \u00ab\u2009journ\u00e9es de [&hellip;]","og_url":"https:\/\/www.life-belini.be\/fr\/kick-off-campagne-fiere-rivieren-rivieres-fieres\/","og_site_name":"LIFE Belini","article_published_time":"2022-03-11T12:37:41+00:00","article_modified_time":"2022-07-15T14:43:51+00:00","og_image":[{"width":866,"height":577,"url":"https:\/\/www.life-belini.be\/wp-content\/uploads\/2022\/07\/fiere_rivieren2022_24.jpg","type":"image\/jpeg"}],"author":"Maureen Nuyts","twitter_card":"summary_large_image","twitter_misc":{"\u00c9crit par":"Maureen Nuyts","Dur\u00e9e de lecture estim\u00e9e":"1 minute"},"schema":{"@context":"https:\/\/schema.org","@graph":[{"@type":"Article","@id":"https:\/\/www.life-belini.be\/fr\/kick-off-campagne-fiere-rivieren-rivieres-fieres\/#article","isPartOf":{"@id":"https:\/\/www.life-belini.be\/fr\/kick-off-campagne-fiere-rivieren-rivieres-fieres\/"},"author":{"name":"Maureen Nuyts","@id":"https:\/\/www.life-belini.be\/nl\/#\/schema\/person\/84a9c6d38af471fa4c482917c2aa2b5b"},"headline":"Kick off campagne Rivi\u00e8res Fi\u00e8res","datePublished":"2022-03-11T12:37:41+00:00","dateModified":"2022-07-15T14:43:51+00:00","mainEntityOfPage":{"@id":"https:\/\/www.life-belini.be\/fr\/kick-off-campagne-fiere-rivieren-rivieres-fieres\/"},"wordCount":63,"image":{"@id":"https:\/\/www.life-belini.be\/fr\/kick-off-campagne-fiere-rivieren-rivieres-fieres\/#primaryimage"},"thumbnailUrl":"https:\/\/www.life-belini.be\/wp-content\/uploads\/2022\/07\/fiere_rivieren2022_24.jpg","articleSection":["news fr"],"inLanguage":"fr-FR"},{"@type":"WebPage","@id":"https:\/\/www.life-belini.be\/fr\/kick-off-campagne-fiere-rivieren-rivieres-fieres\/","url":"https:\/\/www.life-belini.be\/fr\/kick-off-campagne-fiere-rivieren-rivieres-fieres\/","name":"Kick off campagne Rivi\u00e8res Fi\u00e8res - LIFE Belini","isPartOf":{"@id":"https:\/\/www.life-belini.be\/nl\/#website"},"primaryImageOfPage":{"@id":"https:\/\/www.life-belini.be\/fr\/kick-off-campagne-fiere-rivieren-rivieres-fieres\/#primaryimage"},"image":{"@id":"https:\/\/www.life-belini.be\/fr\/kick-off-campagne-fiere-rivieren-rivieres-fieres\/#primaryimage"},"thumbnailUrl":"https:\/\/www.life-belini.be\/wp-content\/uploads\/2022\/07\/fiere_rivieren2022_24.jpg","datePublished":"2022-03-11T12:37:41+00:00","dateModified":"2022-07-15T14:43:51+00:00","author":{"@id":"https:\/\/www.life-belini.be\/nl\/#\/schema\/person\/84a9c6d38af471fa4c482917c2aa2b5b"},"breadcrumb":{"@id":"https:\/\/www.life-belini.be\/fr\/kick-off-campagne-fiere-rivieren-rivieres-fieres\/#breadcrumb"},"inLanguage":"fr-FR","potentialAction":[{"@type":"ReadAction","target":["https:\/\/www.life-belini.be\/fr\/kick-off-campagne-fiere-rivieren-rivieres-fieres\/"]}]},{"@type":"ImageObject","inLanguage":"fr-FR","@id":"https:\/\/www.life-belini.be\/fr\/kick-off-campagne-fiere-rivieren-rivieres-fieres\/#primaryimage","url":"https:\/\/www.life-belini.be\/wp-content\/uploads\/2022\/07\/fiere_rivieren2022_24.jpg","contentUrl":"https:\/\/www.life-belini.be\/wp-content\/uploads\/2022\/07\/fiere_rivieren2022_24.jpg","width":866,"height":577},{"@type":"BreadcrumbList","@id":"https:\/\/www.life-belini.be\/fr\/kick-off-campagne-fiere-rivieren-rivieres-fieres\/#breadcrumb","itemListElement":[{"@type":"ListItem","position":1,"name":"Home","item":"https:\/\/www.life-belini.be\/fr\/home-2\/"},{"@type":"ListItem","position":2,"name":"Kick off campagne Rivi\u00e8res Fi\u00e8res"}]},{"@type":"WebSite","@id":"https:\/\/www.life-belini.be\/nl\/#website","url":"https:\/\/www.life-belini.be\/nl\/","name":"LIFE Belini","description":"Belgian initiative for making a leap forward towards good status in the river basin district of the Scheldt","potentialAction":[{"@type":"SearchAction","target":{"@type":"EntryPoint","urlTemplate":"https:\/\/www.life-belini.be\/nl\/?s={search_term_string}"},"query-input":{"@type":"PropertyValueSpecification","valueRequired":true,"valueName":"search_term_string"}}],"inLanguage":"fr-FR"},{"@type":"Person","@id":"https:\/\/www.life-belini.be\/nl\/#\/schema\/person\/84a9c6d38af471fa4c482917c2aa2b5b","name":"Maureen Nuyts","url":"https:\/\/www.life-belini.be\/fr\/author\/maureen-nuyts\/"}]}},"_links":{"self":[{"href":"https:\/\/www.life-belini.be\/fr\/wp-json\/wp\/v2\/posts\/7131","targetHints":{"allow":["GET"]}}],"collection":[{"href":"https:\/\/www.life-belini.be\/fr\/wp-json\/wp\/v2\/posts"}],"about":[{"href":"https:\/\/www.life-belini.be\/fr\/wp-json\/wp\/v2\/types\/post"}],"author":[{"embeddable":true,"href":"https:\/\/www.life-belini.be\/fr\/wp-json\/wp\/v2\/users\/6"}],"replies":[{"embeddable":true,"href":"https:\/\/www.life-belini.be\/fr\/wp-json\/wp\/v2\/comments?post=7131"}],"version-history":[{"count":3,"href":"https:\/\/www.life-belini.be\/fr\/wp-json\/wp\/v2\/posts\/7131\/revisions"}],"predecessor-version":[{"id":7143,"href":"https:\/\/www.life-belini.be\/fr\/wp-json\/wp\/v2\/posts\/7131\/revisions\/7143"}],"wp:featuredmedia":[{"embeddable":true,"href":"https:\/\/www.life-belini.be\/fr\/wp-json\/wp\/v2\/media\/7113"}],"wp:attachment":[{"href":"https:\/\/www.life-belini.be\/fr\/wp-json\/wp\/v2\/media?parent=7131"}],"wp:term":[{"taxonomy":"category","embeddable":true,"href":"https:\/\/www.life-belini.be\/fr\/wp-json\/wp\/v2\/categories?post=7131"},{"taxonomy":"post_tag","embeddable":true,"href":"https:\/\/www.life-belini.be\/fr\/wp-json\/wp\/v2\/tags?post=7131"}],"curies":[{"name":"wp","href":"https:\/\/api.w.org\/{rel}","templated":true}]}}