{"id":6371,"date":"2021-07-05T14:37:16","date_gmt":"2021-07-05T14:37:16","guid":{"rendered":"https:\/\/www.life-belini.be\/tijdelijke-overstromingsgebieden-brancart-en-cafeniere-klaar-2-nieuwe-in-opstart\/"},"modified":"2021-08-23T08:48:59","modified_gmt":"2021-08-23T08:48:59","slug":"zones-dimmersion-temporaire-brancart-et-cafeniere-realisees-2-nouvelles-en-demarrage","status":"publish","type":"post","link":"https:\/\/www.life-belini.be\/fr\/zones-dimmersion-temporaire-brancart-et-cafeniere-realisees-2-nouvelles-en-demarrage\/","title":{"rendered":"Zones d&rsquo;immersion temporaire Brancart et Cafeni\u00e8re realis\u00e9es, 2 nouvelles en d\u00e9marrage"},"content":{"rendered":"<p><strong>Le bassin hydrographique de la Senne \u00e9tant vuln\u00e9rable aux inondations, la lutte contre celles-ci fait partie int\u00e9grante des objectifs du projet LIFE Belini. Comment\u00a0? En construisant des Zones d\u2019Immersion Temporaires (ZIT) dans la partie amont du bassin en Wallonie. Ces am\u00e9nagements permettent de stocker temporairement un volume d\u2019eau lors d\u2019\u00e9v\u00e9nements pluvieux importants afin de limiter les inondations en aval et de rel\u00e2cher les eaux progressivement par la suite.<\/strong><\/p>\n","protected":false},"excerpt":{"rendered":"<p>Le bassin hydrographique de la Senne \u00e9tant vuln\u00e9rable aux inondations, la lutte contre celles-ci fait partie int\u00e9grante des objectifs du projet LIFE Belini. Comment\u00a0? En construisant des Zones d\u2019Immersion Temporaires [&hellip;]<\/p>\n","protected":false},"author":6,"featured_media":6359,"comment_status":"closed","ping_status":"closed","sticky":false,"template":"","format":"standard","meta":{"_acf_changed":false,"_exactmetrics_skip_tracking":false,"_exactmetrics_sitenote_active":false,"_exactmetrics_sitenote_note":"","_exactmetrics_sitenote_category":0,"footnotes":""},"categories":[30],"tags":[],"class_list":["post-6371","post","type-post","status-publish","format-standard","has-post-thumbnail","hentry","category-news-fr"],"acf":[],"yoast_head":"<!-- This site is optimized with the Yoast SEO plugin v27.4 - https:\/\/yoast.com\/product\/yoast-seo-wordpress\/ -->\n<title>Zones d&#039;immersion temporaire Brancart et Cafeni\u00e8re realis\u00e9es, 2 nouvelles en d\u00e9marrage - LIFE Belini<\/title>\n<meta name=\"robots\" content=\"index, follow, max-snippet:-1, max-image-preview:large, max-video-preview:-1\" \/>\n<link rel=\"canonical\" href=\"https:\/\/www.life-belini.be\/fr\/zones-dimmersion-temporaire-brancart-et-cafeniere-realisees-2-nouvelles-en-demarrage\/\" \/>\n<meta property=\"og:locale\" content=\"fr_FR\" \/>\n<meta property=\"og:type\" content=\"article\" \/>\n<meta property=\"og:title\" content=\"Zones d&#039;immersion temporaire Brancart et Cafeni\u00e8re realis\u00e9es, 2 nouvelles en d\u00e9marrage - LIFE Belini\" \/>\n<meta property=\"og:description\" content=\"Le bassin hydrographique de la Senne \u00e9tant vuln\u00e9rable aux inondations, la lutte contre celles-ci fait partie int\u00e9grante des objectifs du projet LIFE Belini. Comment\u00a0? En construisant des Zones d\u2019Immersion Temporaires [&hellip;]\" \/>\n<meta property=\"og:url\" content=\"https:\/\/www.life-belini.be\/fr\/zones-dimmersion-temporaire-brancart-et-cafeniere-realisees-2-nouvelles-en-demarrage\/\" \/>\n<meta property=\"og:site_name\" content=\"LIFE Belini\" \/>\n<meta property=\"article:published_time\" content=\"2021-07-05T14:37:16+00:00\" \/>\n<meta property=\"article:modified_time\" content=\"2021-08-23T08:48:59+00:00\" \/>\n<meta property=\"og:image\" content=\"https:\/\/www.life-belini.be\/wp-content\/uploads\/2021\/08\/ZIT-de-Brancart-scaled.jpg\" \/>\n\t<meta property=\"og:image:width\" content=\"2560\" \/>\n\t<meta property=\"og:image:height\" content=\"1920\" \/>\n\t<meta property=\"og:image:type\" content=\"image\/jpeg\" \/>\n<meta name=\"author\" content=\"Maureen Nuyts\" \/>\n<meta name=\"twitter:card\" content=\"summary_large_image\" \/>\n<meta name=\"twitter:label1\" content=\"\u00c9crit par\" \/>\n\t<meta name=\"twitter:data1\" content=\"Maureen Nuyts\" \/>\n\t<meta name=\"twitter:label2\" content=\"Dur\u00e9e de lecture estim\u00e9e\" \/>\n\t<meta name=\"twitter:data2\" content=\"1 minute\" \/>\n<script type=\"application\/ld+json\" class=\"yoast-schema-graph\">{\"@context\":\"https:\\\/\\\/schema.org\",\"@graph\":[{\"@type\":\"Article\",\"@id\":\"https:\\\/\\\/www.life-belini.be\\\/fr\\\/zones-dimmersion-temporaire-brancart-et-cafeniere-realisees-2-nouvelles-en-demarrage\\\/#article\",\"isPartOf\":{\"@id\":\"https:\\\/\\\/www.life-belini.be\\\/fr\\\/zones-dimmersion-temporaire-brancart-et-cafeniere-realisees-2-nouvelles-en-demarrage\\\/\"},\"author\":{\"name\":\"Maureen Nuyts\",\"@id\":\"https:\\\/\\\/www.life-belini.be\\\/nl\\\/#\\\/schema\\\/person\\\/84a9c6d38af471fa4c482917c2aa2b5b\"},\"headline\":\"Zones d&rsquo;immersion temporaire Brancart et Cafeni\u00e8re realis\u00e9es, 2 nouvelles en d\u00e9marrage\",\"datePublished\":\"2021-07-05T14:37:16+00:00\",\"dateModified\":\"2021-08-23T08:48:59+00:00\",\"mainEntityOfPage\":{\"@id\":\"https:\\\/\\\/www.life-belini.be\\\/fr\\\/zones-dimmersion-temporaire-brancart-et-cafeniere-realisees-2-nouvelles-en-demarrage\\\/\"},\"wordCount\":90,\"image\":{\"@id\":\"https:\\\/\\\/www.life-belini.be\\\/fr\\\/zones-dimmersion-temporaire-brancart-et-cafeniere-realisees-2-nouvelles-en-demarrage\\\/#primaryimage\"},\"thumbnailUrl\":\"https:\\\/\\\/www.life-belini.be\\\/wp-content\\\/uploads\\\/2021\\\/08\\\/ZIT-de-Brancart-scaled.jpg\",\"articleSection\":[\"news fr\"],\"inLanguage\":\"fr-FR\"},{\"@type\":\"WebPage\",\"@id\":\"https:\\\/\\\/www.life-belini.be\\\/fr\\\/zones-dimmersion-temporaire-brancart-et-cafeniere-realisees-2-nouvelles-en-demarrage\\\/\",\"url\":\"https:\\\/\\\/www.life-belini.be\\\/fr\\\/zones-dimmersion-temporaire-brancart-et-cafeniere-realisees-2-nouvelles-en-demarrage\\\/\",\"name\":\"Zones d'immersion temporaire Brancart et Cafeni\u00e8re realis\u00e9es, 2 nouvelles en d\u00e9marrage - LIFE Belini\",\"isPartOf\":{\"@id\":\"https:\\\/\\\/www.life-belini.be\\\/nl\\\/#website\"},\"primaryImageOfPage\":{\"@id\":\"https:\\\/\\\/www.life-belini.be\\\/fr\\\/zones-dimmersion-temporaire-brancart-et-cafeniere-realisees-2-nouvelles-en-demarrage\\\/#primaryimage\"},\"image\":{\"@id\":\"https:\\\/\\\/www.life-belini.be\\\/fr\\\/zones-dimmersion-temporaire-brancart-et-cafeniere-realisees-2-nouvelles-en-demarrage\\\/#primaryimage\"},\"thumbnailUrl\":\"https:\\\/\\\/www.life-belini.be\\\/wp-content\\\/uploads\\\/2021\\\/08\\\/ZIT-de-Brancart-scaled.jpg\",\"datePublished\":\"2021-07-05T14:37:16+00:00\",\"dateModified\":\"2021-08-23T08:48:59+00:00\",\"author\":{\"@id\":\"https:\\\/\\\/www.life-belini.be\\\/nl\\\/#\\\/schema\\\/person\\\/84a9c6d38af471fa4c482917c2aa2b5b\"},\"breadcrumb\":{\"@id\":\"https:\\\/\\\/www.life-belini.be\\\/fr\\\/zones-dimmersion-temporaire-brancart-et-cafeniere-realisees-2-nouvelles-en-demarrage\\\/#breadcrumb\"},\"inLanguage\":\"fr-FR\",\"potentialAction\":[{\"@type\":\"ReadAction\",\"target\":[\"https:\\\/\\\/www.life-belini.be\\\/fr\\\/zones-dimmersion-temporaire-brancart-et-cafeniere-realisees-2-nouvelles-en-demarrage\\\/\"]}]},{\"@type\":\"ImageObject\",\"inLanguage\":\"fr-FR\",\"@id\":\"https:\\\/\\\/www.life-belini.be\\\/fr\\\/zones-dimmersion-temporaire-brancart-et-cafeniere-realisees-2-nouvelles-en-demarrage\\\/#primaryimage\",\"url\":\"https:\\\/\\\/www.life-belini.be\\\/wp-content\\\/uploads\\\/2021\\\/08\\\/ZIT-de-Brancart-scaled.jpg\",\"contentUrl\":\"https:\\\/\\\/www.life-belini.be\\\/wp-content\\\/uploads\\\/2021\\\/08\\\/ZIT-de-Brancart-scaled.jpg\",\"width\":2560,\"height\":1920,\"caption\":\"Tijdelijk overstromingsgebied Moulin Brancart\"},{\"@type\":\"BreadcrumbList\",\"@id\":\"https:\\\/\\\/www.life-belini.be\\\/fr\\\/zones-dimmersion-temporaire-brancart-et-cafeniere-realisees-2-nouvelles-en-demarrage\\\/#breadcrumb\",\"itemListElement\":[{\"@type\":\"ListItem\",\"position\":1,\"name\":\"Home\",\"item\":\"https:\\\/\\\/www.life-belini.be\\\/fr\\\/home-2\\\/\"},{\"@type\":\"ListItem\",\"position\":2,\"name\":\"Zones d&#8217;immersion temporaire Brancart et Cafeni\u00e8re realis\u00e9es, 2 nouvelles en d\u00e9marrage\"}]},{\"@type\":\"WebSite\",\"@id\":\"https:\\\/\\\/www.life-belini.be\\\/nl\\\/#website\",\"url\":\"https:\\\/\\\/www.life-belini.be\\\/nl\\\/\",\"name\":\"LIFE Belini\",\"description\":\"Belgian initiative for making a leap forward towards good status in the river basin district of the Scheldt\",\"potentialAction\":[{\"@type\":\"SearchAction\",\"target\":{\"@type\":\"EntryPoint\",\"urlTemplate\":\"https:\\\/\\\/www.life-belini.be\\\/nl\\\/?s={search_term_string}\"},\"query-input\":{\"@type\":\"PropertyValueSpecification\",\"valueRequired\":true,\"valueName\":\"search_term_string\"}}],\"inLanguage\":\"fr-FR\"},{\"@type\":\"Person\",\"@id\":\"https:\\\/\\\/www.life-belini.be\\\/nl\\\/#\\\/schema\\\/person\\\/84a9c6d38af471fa4c482917c2aa2b5b\",\"name\":\"Maureen Nuyts\",\"url\":\"https:\\\/\\\/www.life-belini.be\\\/fr\\\/author\\\/maureen-nuyts\\\/\"}]}<\/script>\n<!-- \/ Yoast SEO plugin. -->","yoast_head_json":{"title":"Zones d'immersion temporaire Brancart et Cafeni\u00e8re realis\u00e9es, 2 nouvelles en d\u00e9marrage - LIFE Belini","robots":{"index":"index","follow":"follow","max-snippet":"max-snippet:-1","max-image-preview":"max-image-preview:large","max-video-preview":"max-video-preview:-1"},"canonical":"https:\/\/www.life-belini.be\/fr\/zones-dimmersion-temporaire-brancart-et-cafeniere-realisees-2-nouvelles-en-demarrage\/","og_locale":"fr_FR","og_type":"article","og_title":"Zones d'immersion temporaire Brancart et Cafeni\u00e8re realis\u00e9es, 2 nouvelles en d\u00e9marrage - LIFE Belini","og_description":"Le bassin hydrographique de la Senne \u00e9tant vuln\u00e9rable aux inondations, la lutte contre celles-ci fait partie int\u00e9grante des objectifs du projet LIFE Belini. Comment\u00a0? En construisant des Zones d\u2019Immersion Temporaires [&hellip;]","og_url":"https:\/\/www.life-belini.be\/fr\/zones-dimmersion-temporaire-brancart-et-cafeniere-realisees-2-nouvelles-en-demarrage\/","og_site_name":"LIFE Belini","article_published_time":"2021-07-05T14:37:16+00:00","article_modified_time":"2021-08-23T08:48:59+00:00","og_image":[{"width":2560,"height":1920,"url":"https:\/\/www.life-belini.be\/wp-content\/uploads\/2021\/08\/ZIT-de-Brancart-scaled.jpg","type":"image\/jpeg"}],"author":"Maureen Nuyts","twitter_card":"summary_large_image","twitter_misc":{"\u00c9crit par":"Maureen Nuyts","Dur\u00e9e de lecture estim\u00e9e":"1 minute"},"schema":{"@context":"https:\/\/schema.org","@graph":[{"@type":"Article","@id":"https:\/\/www.life-belini.be\/fr\/zones-dimmersion-temporaire-brancart-et-cafeniere-realisees-2-nouvelles-en-demarrage\/#article","isPartOf":{"@id":"https:\/\/www.life-belini.be\/fr\/zones-dimmersion-temporaire-brancart-et-cafeniere-realisees-2-nouvelles-en-demarrage\/"},"author":{"name":"Maureen Nuyts","@id":"https:\/\/www.life-belini.be\/nl\/#\/schema\/person\/84a9c6d38af471fa4c482917c2aa2b5b"},"headline":"Zones d&rsquo;immersion temporaire Brancart et Cafeni\u00e8re realis\u00e9es, 2 nouvelles en d\u00e9marrage","datePublished":"2021-07-05T14:37:16+00:00","dateModified":"2021-08-23T08:48:59+00:00","mainEntityOfPage":{"@id":"https:\/\/www.life-belini.be\/fr\/zones-dimmersion-temporaire-brancart-et-cafeniere-realisees-2-nouvelles-en-demarrage\/"},"wordCount":90,"image":{"@id":"https:\/\/www.life-belini.be\/fr\/zones-dimmersion-temporaire-brancart-et-cafeniere-realisees-2-nouvelles-en-demarrage\/#primaryimage"},"thumbnailUrl":"https:\/\/www.life-belini.be\/wp-content\/uploads\/2021\/08\/ZIT-de-Brancart-scaled.jpg","articleSection":["news fr"],"inLanguage":"fr-FR"},{"@type":"WebPage","@id":"https:\/\/www.life-belini.be\/fr\/zones-dimmersion-temporaire-brancart-et-cafeniere-realisees-2-nouvelles-en-demarrage\/","url":"https:\/\/www.life-belini.be\/fr\/zones-dimmersion-temporaire-brancart-et-cafeniere-realisees-2-nouvelles-en-demarrage\/","name":"Zones d'immersion temporaire Brancart et Cafeni\u00e8re realis\u00e9es, 2 nouvelles en d\u00e9marrage - LIFE Belini","isPartOf":{"@id":"https:\/\/www.life-belini.be\/nl\/#website"},"primaryImageOfPage":{"@id":"https:\/\/www.life-belini.be\/fr\/zones-dimmersion-temporaire-brancart-et-cafeniere-realisees-2-nouvelles-en-demarrage\/#primaryimage"},"image":{"@id":"https:\/\/www.life-belini.be\/fr\/zones-dimmersion-temporaire-brancart-et-cafeniere-realisees-2-nouvelles-en-demarrage\/#primaryimage"},"thumbnailUrl":"https:\/\/www.life-belini.be\/wp-content\/uploads\/2021\/08\/ZIT-de-Brancart-scaled.jpg","datePublished":"2021-07-05T14:37:16+00:00","dateModified":"2021-08-23T08:48:59+00:00","author":{"@id":"https:\/\/www.life-belini.be\/nl\/#\/schema\/person\/84a9c6d38af471fa4c482917c2aa2b5b"},"breadcrumb":{"@id":"https:\/\/www.life-belini.be\/fr\/zones-dimmersion-temporaire-brancart-et-cafeniere-realisees-2-nouvelles-en-demarrage\/#breadcrumb"},"inLanguage":"fr-FR","potentialAction":[{"@type":"ReadAction","target":["https:\/\/www.life-belini.be\/fr\/zones-dimmersion-temporaire-brancart-et-cafeniere-realisees-2-nouvelles-en-demarrage\/"]}]},{"@type":"ImageObject","inLanguage":"fr-FR","@id":"https:\/\/www.life-belini.be\/fr\/zones-dimmersion-temporaire-brancart-et-cafeniere-realisees-2-nouvelles-en-demarrage\/#primaryimage","url":"https:\/\/www.life-belini.be\/wp-content\/uploads\/2021\/08\/ZIT-de-Brancart-scaled.jpg","contentUrl":"https:\/\/www.life-belini.be\/wp-content\/uploads\/2021\/08\/ZIT-de-Brancart-scaled.jpg","width":2560,"height":1920,"caption":"Tijdelijk overstromingsgebied Moulin Brancart"},{"@type":"BreadcrumbList","@id":"https:\/\/www.life-belini.be\/fr\/zones-dimmersion-temporaire-brancart-et-cafeniere-realisees-2-nouvelles-en-demarrage\/#breadcrumb","itemListElement":[{"@type":"ListItem","position":1,"name":"Home","item":"https:\/\/www.life-belini.be\/fr\/home-2\/"},{"@type":"ListItem","position":2,"name":"Zones d&#8217;immersion temporaire Brancart et Cafeni\u00e8re realis\u00e9es, 2 nouvelles en d\u00e9marrage"}]},{"@type":"WebSite","@id":"https:\/\/www.life-belini.be\/nl\/#website","url":"https:\/\/www.life-belini.be\/nl\/","name":"LIFE Belini","description":"Belgian initiative for making a leap forward towards good status in the river basin district of the Scheldt","potentialAction":[{"@type":"SearchAction","target":{"@type":"EntryPoint","urlTemplate":"https:\/\/www.life-belini.be\/nl\/?s={search_term_string}"},"query-input":{"@type":"PropertyValueSpecification","valueRequired":true,"valueName":"search_term_string"}}],"inLanguage":"fr-FR"},{"@type":"Person","@id":"https:\/\/www.life-belini.be\/nl\/#\/schema\/person\/84a9c6d38af471fa4c482917c2aa2b5b","name":"Maureen Nuyts","url":"https:\/\/www.life-belini.be\/fr\/author\/maureen-nuyts\/"}]}},"_links":{"self":[{"href":"https:\/\/www.life-belini.be\/fr\/wp-json\/wp\/v2\/posts\/6371","targetHints":{"allow":["GET"]}}],"collection":[{"href":"https:\/\/www.life-belini.be\/fr\/wp-json\/wp\/v2\/posts"}],"about":[{"href":"https:\/\/www.life-belini.be\/fr\/wp-json\/wp\/v2\/types\/post"}],"author":[{"embeddable":true,"href":"https:\/\/www.life-belini.be\/fr\/wp-json\/wp\/v2\/users\/6"}],"replies":[{"embeddable":true,"href":"https:\/\/www.life-belini.be\/fr\/wp-json\/wp\/v2\/comments?post=6371"}],"version-history":[{"count":0,"href":"https:\/\/www.life-belini.be\/fr\/wp-json\/wp\/v2\/posts\/6371\/revisions"}],"wp:featuredmedia":[{"embeddable":true,"href":"https:\/\/www.life-belini.be\/fr\/wp-json\/wp\/v2\/media\/6359"}],"wp:attachment":[{"href":"https:\/\/www.life-belini.be\/fr\/wp-json\/wp\/v2\/media?parent=6371"}],"wp:term":[{"taxonomy":"category","embeddable":true,"href":"https:\/\/www.life-belini.be\/fr\/wp-json\/wp\/v2\/categories?post=6371"},{"taxonomy":"post_tag","embeddable":true,"href":"https:\/\/www.life-belini.be\/fr\/wp-json\/wp\/v2\/tags?post=6371"}],"curies":[{"name":"wp","href":"https:\/\/api.w.org\/{rel}","templated":true}]}}