{"id":3732,"date":"2020-02-21T15:41:47","date_gmt":"2020-02-21T15:41:47","guid":{"rendered":"https:\/\/www.life-belini.be\/wij-zijn-fier-op-onze-rivieren\/"},"modified":"2020-06-30T01:03:44","modified_gmt":"2020-06-30T01:03:44","slug":"fier-de-nos-rivieres","status":"publish","type":"post","link":"https:\/\/www.life-belini.be\/fr\/fier-de-nos-rivieres\/","title":{"rendered":"Fier de nos Rivi\u00e8res"},"content":{"rendered":"<p><strong>22 mars est le journ\u00e9e mondiale de l\u2019eau, un moment qu\u2019on ne pourrai pas laisser passer\u00a0! En Flandre, Bruxelles et Wallonie on f\u00eate cette c\u00e9l\u00e9bration de nos rivi\u00e8res par 2 semaines des activit\u00e9s gratuit pour petits et grands.<br \/>\n<img decoding=\"async\" class=\"alignright wp-image-3477 size-square lazyload\" data-src=\"http:\/\/life-belini.be\/wp-content\/uploads\/2020\/02\/Vignet6-180x180.png\" data-sizes=\"(max-width: 180px) 100vw, 180px\" data-srcset=\"https:\/\/life-belini.be\/wp-content\/uploads\/2020\/02\/Vignet6-180x180.png 180w, https:\/\/life-belini.be\/wp-content\/uploads\/2020\/02\/Vignet6-80x80.png 80w, https:\/\/life-belini.be\/wp-content\/uploads\/2020\/02\/Vignet6-36x36.png 36w, https:\/\/life-belini.be\/wp-content\/uploads\/2020\/02\/Vignet6-120x120.png 120w, https:\/\/life-belini.be\/wp-content\/uploads\/2020\/02\/Vignet6-450x450.png 450w\" alt=\"\" width=\"180\" height=\"180\" src=\"data:image\/svg+xml;base64,PHN2ZyB3aWR0aD0iMSIgaGVpZ2h0PSIxIiB4bWxucz0iaHR0cDovL3d3dy53My5vcmcvMjAwMC9zdmciPjwvc3ZnPg==\" style=\"--smush-placeholder-width: 180px; --smush-placeholder-aspect-ratio: 180\/180;\" \/><\/strong><\/p>\n<p>Au programma\u00a0; d\u00e9monstration de qualit\u00e9 de l\u2019eau au Sluispark Louvain, \u00e9v\u00e9nement d\u2019ouverture paepsemlaan au Zenne et exploration des bassins naturels de Coercrq \u00e0 Tubize et beaucoup plus \u00e0 annoncer.<\/p>\n<p>Rejoins nous en notre armada Rivi\u00e8res Fi\u00e8res a bient\u00f4t !<\/p>\n<div class=\"flex_column av_one_half flex_column_div av-zero-column-padding first avia-builder-el-4 el_after_av_textblock el_before_av_one_half column-top-margin\" style=\"border-radius: 0px;\"><\/div>\n","protected":false},"excerpt":{"rendered":"<p>In Vlaanderen, Brussel en Walloni\u00eb vieren we gedurende twee weken het belang van gezonde rivieren met tal van gratis wateractiviteiten voor jong en oud.<\/p>\n","protected":false},"author":6,"featured_media":3678,"comment_status":"closed","ping_status":"closed","sticky":false,"template":"","format":"standard","meta":{"_acf_changed":false,"_exactmetrics_skip_tracking":false,"_exactmetrics_sitenote_active":false,"_exactmetrics_sitenote_note":"","_exactmetrics_sitenote_category":0,"footnotes":""},"categories":[30],"tags":[],"class_list":["post-3732","post","type-post","status-publish","format-standard","has-post-thumbnail","hentry","category-news-fr"],"acf":[],"yoast_head":"<!-- This site is optimized with the Yoast SEO plugin v27.4 - https:\/\/yoast.com\/product\/yoast-seo-wordpress\/ -->\n<title>Fier de nos Rivi\u00e8res - LIFE Belini<\/title>\n<meta name=\"robots\" content=\"index, follow, max-snippet:-1, max-image-preview:large, max-video-preview:-1\" \/>\n<link rel=\"canonical\" href=\"https:\/\/www.life-belini.be\/fr\/fier-de-nos-rivieres\/\" \/>\n<meta property=\"og:locale\" content=\"fr_FR\" \/>\n<meta property=\"og:type\" content=\"article\" \/>\n<meta property=\"og:title\" content=\"Fier de nos Rivi\u00e8res - LIFE Belini\" \/>\n<meta property=\"og:description\" content=\"In Vlaanderen, Brussel en Walloni\u00eb vieren we gedurende twee weken het belang van gezonde rivieren met tal van gratis wateractiviteiten voor jong en oud.\" \/>\n<meta property=\"og:url\" content=\"https:\/\/www.life-belini.be\/fr\/fier-de-nos-rivieres\/\" \/>\n<meta property=\"og:site_name\" content=\"LIFE Belini\" \/>\n<meta property=\"article:published_time\" content=\"2020-02-21T15:41:47+00:00\" \/>\n<meta property=\"article:modified_time\" content=\"2020-06-30T01:03:44+00:00\" \/>\n<meta property=\"og:image\" content=\"https:\/\/www.life-belini.be\/wp-content\/uploads\/DSC_0071-min.jpg\" \/>\n\t<meta property=\"og:image:width\" content=\"4288\" \/>\n\t<meta property=\"og:image:height\" content=\"2848\" \/>\n\t<meta property=\"og:image:type\" content=\"image\/jpeg\" \/>\n<meta name=\"author\" content=\"Maureen Nuyts\" \/>\n<meta name=\"twitter:card\" content=\"summary_large_image\" \/>\n<meta name=\"twitter:label1\" content=\"\u00c9crit par\" \/>\n\t<meta name=\"twitter:data1\" content=\"Maureen Nuyts\" \/>\n<script type=\"application\/ld+json\" class=\"yoast-schema-graph\">{\"@context\":\"https:\\\/\\\/schema.org\",\"@graph\":[{\"@type\":\"Article\",\"@id\":\"https:\\\/\\\/www.life-belini.be\\\/fr\\\/fier-de-nos-rivieres\\\/#article\",\"isPartOf\":{\"@id\":\"https:\\\/\\\/www.life-belini.be\\\/fr\\\/fier-de-nos-rivieres\\\/\"},\"author\":{\"name\":\"Maureen Nuyts\",\"@id\":\"https:\\\/\\\/www.life-belini.be\\\/nl\\\/#\\\/schema\\\/person\\\/84a9c6d38af471fa4c482917c2aa2b5b\"},\"headline\":\"Fier de nos Rivi\u00e8res\",\"datePublished\":\"2020-02-21T15:41:47+00:00\",\"dateModified\":\"2020-06-30T01:03:44+00:00\",\"mainEntityOfPage\":{\"@id\":\"https:\\\/\\\/www.life-belini.be\\\/fr\\\/fier-de-nos-rivieres\\\/\"},\"wordCount\":92,\"image\":{\"@id\":\"https:\\\/\\\/www.life-belini.be\\\/fr\\\/fier-de-nos-rivieres\\\/#primaryimage\"},\"thumbnailUrl\":\"https:\\\/\\\/www.life-belini.be\\\/wp-content\\\/uploads\\\/DSC_0071-min.jpg\",\"articleSection\":[\"news fr\"],\"inLanguage\":\"fr-FR\"},{\"@type\":\"WebPage\",\"@id\":\"https:\\\/\\\/www.life-belini.be\\\/fr\\\/fier-de-nos-rivieres\\\/\",\"url\":\"https:\\\/\\\/www.life-belini.be\\\/fr\\\/fier-de-nos-rivieres\\\/\",\"name\":\"Fier de nos Rivi\u00e8res - LIFE Belini\",\"isPartOf\":{\"@id\":\"https:\\\/\\\/www.life-belini.be\\\/nl\\\/#website\"},\"primaryImageOfPage\":{\"@id\":\"https:\\\/\\\/www.life-belini.be\\\/fr\\\/fier-de-nos-rivieres\\\/#primaryimage\"},\"image\":{\"@id\":\"https:\\\/\\\/www.life-belini.be\\\/fr\\\/fier-de-nos-rivieres\\\/#primaryimage\"},\"thumbnailUrl\":\"https:\\\/\\\/www.life-belini.be\\\/wp-content\\\/uploads\\\/DSC_0071-min.jpg\",\"datePublished\":\"2020-02-21T15:41:47+00:00\",\"dateModified\":\"2020-06-30T01:03:44+00:00\",\"author\":{\"@id\":\"https:\\\/\\\/www.life-belini.be\\\/nl\\\/#\\\/schema\\\/person\\\/84a9c6d38af471fa4c482917c2aa2b5b\"},\"breadcrumb\":{\"@id\":\"https:\\\/\\\/www.life-belini.be\\\/fr\\\/fier-de-nos-rivieres\\\/#breadcrumb\"},\"inLanguage\":\"fr-FR\",\"potentialAction\":[{\"@type\":\"ReadAction\",\"target\":[\"https:\\\/\\\/www.life-belini.be\\\/fr\\\/fier-de-nos-rivieres\\\/\"]}]},{\"@type\":\"ImageObject\",\"inLanguage\":\"fr-FR\",\"@id\":\"https:\\\/\\\/www.life-belini.be\\\/fr\\\/fier-de-nos-rivieres\\\/#primaryimage\",\"url\":\"https:\\\/\\\/www.life-belini.be\\\/wp-content\\\/uploads\\\/DSC_0071-min.jpg\",\"contentUrl\":\"https:\\\/\\\/www.life-belini.be\\\/wp-content\\\/uploads\\\/DSC_0071-min.jpg\",\"width\":4288,\"height\":2848,\"caption\":\"Vistrap Sluispark Leuven\"},{\"@type\":\"BreadcrumbList\",\"@id\":\"https:\\\/\\\/www.life-belini.be\\\/fr\\\/fier-de-nos-rivieres\\\/#breadcrumb\",\"itemListElement\":[{\"@type\":\"ListItem\",\"position\":1,\"name\":\"Home\",\"item\":\"https:\\\/\\\/www.life-belini.be\\\/fr\\\/home-2\\\/\"},{\"@type\":\"ListItem\",\"position\":2,\"name\":\"Fier de nos Rivi\u00e8res\"}]},{\"@type\":\"WebSite\",\"@id\":\"https:\\\/\\\/www.life-belini.be\\\/nl\\\/#website\",\"url\":\"https:\\\/\\\/www.life-belini.be\\\/nl\\\/\",\"name\":\"LIFE Belini\",\"description\":\"Belgian initiative for making a leap forward towards good status in the river basin district of the Scheldt\",\"potentialAction\":[{\"@type\":\"SearchAction\",\"target\":{\"@type\":\"EntryPoint\",\"urlTemplate\":\"https:\\\/\\\/www.life-belini.be\\\/nl\\\/?s={search_term_string}\"},\"query-input\":{\"@type\":\"PropertyValueSpecification\",\"valueRequired\":true,\"valueName\":\"search_term_string\"}}],\"inLanguage\":\"fr-FR\"},{\"@type\":\"Person\",\"@id\":\"https:\\\/\\\/www.life-belini.be\\\/nl\\\/#\\\/schema\\\/person\\\/84a9c6d38af471fa4c482917c2aa2b5b\",\"name\":\"Maureen Nuyts\",\"url\":\"https:\\\/\\\/www.life-belini.be\\\/fr\\\/author\\\/maureen-nuyts\\\/\"}]}<\/script>\n<!-- \/ Yoast SEO plugin. -->","yoast_head_json":{"title":"Fier de nos Rivi\u00e8res - LIFE Belini","robots":{"index":"index","follow":"follow","max-snippet":"max-snippet:-1","max-image-preview":"max-image-preview:large","max-video-preview":"max-video-preview:-1"},"canonical":"https:\/\/www.life-belini.be\/fr\/fier-de-nos-rivieres\/","og_locale":"fr_FR","og_type":"article","og_title":"Fier de nos Rivi\u00e8res - LIFE Belini","og_description":"In Vlaanderen, Brussel en Walloni\u00eb vieren we gedurende twee weken het belang van gezonde rivieren met tal van gratis wateractiviteiten voor jong en oud.","og_url":"https:\/\/www.life-belini.be\/fr\/fier-de-nos-rivieres\/","og_site_name":"LIFE Belini","article_published_time":"2020-02-21T15:41:47+00:00","article_modified_time":"2020-06-30T01:03:44+00:00","og_image":[{"width":4288,"height":2848,"url":"https:\/\/www.life-belini.be\/wp-content\/uploads\/DSC_0071-min.jpg","type":"image\/jpeg"}],"author":"Maureen Nuyts","twitter_card":"summary_large_image","twitter_misc":{"\u00c9crit par":"Maureen Nuyts"},"schema":{"@context":"https:\/\/schema.org","@graph":[{"@type":"Article","@id":"https:\/\/www.life-belini.be\/fr\/fier-de-nos-rivieres\/#article","isPartOf":{"@id":"https:\/\/www.life-belini.be\/fr\/fier-de-nos-rivieres\/"},"author":{"name":"Maureen Nuyts","@id":"https:\/\/www.life-belini.be\/nl\/#\/schema\/person\/84a9c6d38af471fa4c482917c2aa2b5b"},"headline":"Fier de nos Rivi\u00e8res","datePublished":"2020-02-21T15:41:47+00:00","dateModified":"2020-06-30T01:03:44+00:00","mainEntityOfPage":{"@id":"https:\/\/www.life-belini.be\/fr\/fier-de-nos-rivieres\/"},"wordCount":92,"image":{"@id":"https:\/\/www.life-belini.be\/fr\/fier-de-nos-rivieres\/#primaryimage"},"thumbnailUrl":"https:\/\/www.life-belini.be\/wp-content\/uploads\/DSC_0071-min.jpg","articleSection":["news fr"],"inLanguage":"fr-FR"},{"@type":"WebPage","@id":"https:\/\/www.life-belini.be\/fr\/fier-de-nos-rivieres\/","url":"https:\/\/www.life-belini.be\/fr\/fier-de-nos-rivieres\/","name":"Fier de nos Rivi\u00e8res - LIFE Belini","isPartOf":{"@id":"https:\/\/www.life-belini.be\/nl\/#website"},"primaryImageOfPage":{"@id":"https:\/\/www.life-belini.be\/fr\/fier-de-nos-rivieres\/#primaryimage"},"image":{"@id":"https:\/\/www.life-belini.be\/fr\/fier-de-nos-rivieres\/#primaryimage"},"thumbnailUrl":"https:\/\/www.life-belini.be\/wp-content\/uploads\/DSC_0071-min.jpg","datePublished":"2020-02-21T15:41:47+00:00","dateModified":"2020-06-30T01:03:44+00:00","author":{"@id":"https:\/\/www.life-belini.be\/nl\/#\/schema\/person\/84a9c6d38af471fa4c482917c2aa2b5b"},"breadcrumb":{"@id":"https:\/\/www.life-belini.be\/fr\/fier-de-nos-rivieres\/#breadcrumb"},"inLanguage":"fr-FR","potentialAction":[{"@type":"ReadAction","target":["https:\/\/www.life-belini.be\/fr\/fier-de-nos-rivieres\/"]}]},{"@type":"ImageObject","inLanguage":"fr-FR","@id":"https:\/\/www.life-belini.be\/fr\/fier-de-nos-rivieres\/#primaryimage","url":"https:\/\/www.life-belini.be\/wp-content\/uploads\/DSC_0071-min.jpg","contentUrl":"https:\/\/www.life-belini.be\/wp-content\/uploads\/DSC_0071-min.jpg","width":4288,"height":2848,"caption":"Vistrap Sluispark Leuven"},{"@type":"BreadcrumbList","@id":"https:\/\/www.life-belini.be\/fr\/fier-de-nos-rivieres\/#breadcrumb","itemListElement":[{"@type":"ListItem","position":1,"name":"Home","item":"https:\/\/www.life-belini.be\/fr\/home-2\/"},{"@type":"ListItem","position":2,"name":"Fier de nos Rivi\u00e8res"}]},{"@type":"WebSite","@id":"https:\/\/www.life-belini.be\/nl\/#website","url":"https:\/\/www.life-belini.be\/nl\/","name":"LIFE Belini","description":"Belgian initiative for making a leap forward towards good status in the river basin district of the Scheldt","potentialAction":[{"@type":"SearchAction","target":{"@type":"EntryPoint","urlTemplate":"https:\/\/www.life-belini.be\/nl\/?s={search_term_string}"},"query-input":{"@type":"PropertyValueSpecification","valueRequired":true,"valueName":"search_term_string"}}],"inLanguage":"fr-FR"},{"@type":"Person","@id":"https:\/\/www.life-belini.be\/nl\/#\/schema\/person\/84a9c6d38af471fa4c482917c2aa2b5b","name":"Maureen Nuyts","url":"https:\/\/www.life-belini.be\/fr\/author\/maureen-nuyts\/"}]}},"_links":{"self":[{"href":"https:\/\/www.life-belini.be\/fr\/wp-json\/wp\/v2\/posts\/3732","targetHints":{"allow":["GET"]}}],"collection":[{"href":"https:\/\/www.life-belini.be\/fr\/wp-json\/wp\/v2\/posts"}],"about":[{"href":"https:\/\/www.life-belini.be\/fr\/wp-json\/wp\/v2\/types\/post"}],"author":[{"embeddable":true,"href":"https:\/\/www.life-belini.be\/fr\/wp-json\/wp\/v2\/users\/6"}],"replies":[{"embeddable":true,"href":"https:\/\/www.life-belini.be\/fr\/wp-json\/wp\/v2\/comments?post=3732"}],"version-history":[{"count":0,"href":"https:\/\/www.life-belini.be\/fr\/wp-json\/wp\/v2\/posts\/3732\/revisions"}],"wp:featuredmedia":[{"embeddable":true,"href":"https:\/\/www.life-belini.be\/fr\/wp-json\/wp\/v2\/media\/3678"}],"wp:attachment":[{"href":"https:\/\/www.life-belini.be\/fr\/wp-json\/wp\/v2\/media?parent=3732"}],"wp:term":[{"taxonomy":"category","embeddable":true,"href":"https:\/\/www.life-belini.be\/fr\/wp-json\/wp\/v2\/categories?post=3732"},{"taxonomy":"post_tag","embeddable":true,"href":"https:\/\/www.life-belini.be\/fr\/wp-json\/wp\/v2\/tags?post=3732"}],"curies":[{"name":"wp","href":"https:\/\/api.w.org\/{rel}","templated":true}]}}