{"id":2800,"date":"2019-11-15T09:39:23","date_gmt":"2019-11-15T09:39:23","guid":{"rendered":"https:\/\/www.life-belini.be\/?p=2800"},"modified":"2022-11-03T13:40:42","modified_gmt":"2022-11-03T13:40:42","slug":"workshop-europeen-sur-lexecution-des-plans-de-gestion-de-district-hydrographique","status":"publish","type":"post","link":"https:\/\/www.life-belini.be\/fr\/workshop-europeen-sur-lexecution-des-plans-de-gestion-de-district-hydrographique\/","title":{"rendered":"Workshop europ\u00e9en sur l\u2019ex\u00e9cution des plans de gestion de district hydrographique"},"content":{"rendered":"<p><strong>Le 14 novembre, nous avions organis\u00e9 un workshop sur l\u2019application de \u00ab d\u00e9rogations \u00bb dans les plans de gestion de district hydrographique. Avec une centaine de participants et un important partage de connaissances, on peut parler d\u2019un workshop r\u00e9ussi.<\/strong><\/p>\n<p>La directive-cadre sur l\u2019Eau vise un bon \u00e9tat de l\u2019eau, de pr\u00e9f\u00e9rence en 2015. De nombreux \u00c9tats membres ne peuvent pas encore y satisfaire et motivent par cons\u00e9quent des \u00ab\u00a0d\u00e9rogations\u00a0\u00bb en faisant r\u00e9f\u00e9rence \u00e0 la faisabilit\u00e9 technique, \u00e0 l\u2019accessibilit\u00e9 financi\u00e8re ou \u00e0 la rapidit\u00e9 \u00e0 laquelle le syst\u00e8me aquatique peut se r\u00e9tablir. Cette \u00e9valuation et la justification doivent \u00eatre reprises dans les plans de gestion de district hydrographique.<\/p>\n<p>\u00c0 partir de 2027, certaines d\u00e9rogations possibles seront toutefois supprim\u00e9es, notamment la prolongation du d\u00e9lai en raison de la faisabilit\u00e9 technique ou de l\u2019accessibilit\u00e9 financi\u00e8re. Vu que la plupart des \u00c9tats membres utilisent justement ces arguments, on est en train d\u2019examiner quelles en sont les cons\u00e9quences et comment les futurs plans peuvent \u00eatre \u00e9tablis.<\/p>\n<p>Le workshop a eu lieu dans le cadre de la \u00ab\u00a0common implementation strategy\u00a0\u00bb. D\u00e9j\u00e0 depuis l\u2019introduction de la directive \u2013 en d\u00e9cembre 2000 \u2013, les \u00c9tats membres, la Commission europ\u00e9enne et les parties prenantes au sein de ce cadre collaborent pour l\u2019ex\u00e9cution de la directive-cadre sur l\u2019Eau. Le projet BELINI a apport\u00e9 un soutien pratique.<\/p>\n<p>Des repr\u00e9sentants de 8 \u00c9tats membres diff\u00e9rents ont comment\u00e9 leurs exp\u00e9riences et partag\u00e9 des id\u00e9es sur les futurs Plans de gestion de district hydrographique. Les participants ont appr\u00e9ci\u00e9 le partage de connaissances ouvert mais ont \u00e9galement soulign\u00e9 que la collaboration et le partage des informations restent extr\u00eamement importants \u00e0 l\u2019avenir.<\/p>\n","protected":false},"excerpt":{"rendered":"<p>Op 14 november organiseerden we een workshop over de toepassing van &lsquo;afwijkingen&rsquo; in de stroomgebiedbeheerplannen. Met een 100-tal deelnemers en heel wat kennisdeling mogen we spreken van een geslaagde workshop.<\/p>\n","protected":false},"author":6,"featured_media":2639,"comment_status":"closed","ping_status":"closed","sticky":false,"template":"","format":"standard","meta":{"_acf_changed":false,"_exactmetrics_skip_tracking":false,"_exactmetrics_sitenote_active":false,"_exactmetrics_sitenote_note":"","_exactmetrics_sitenote_category":0,"footnotes":""},"categories":[30],"tags":[],"class_list":["post-2800","post","type-post","status-publish","format-standard","has-post-thumbnail","hentry","category-news-fr"],"acf":[],"yoast_head":"<!-- This site is optimized with the Yoast SEO plugin v27.4 - https:\/\/yoast.com\/product\/yoast-seo-wordpress\/ -->\n<title>Workshop europ\u00e9en sur l\u2019ex\u00e9cution des plans de gestion de district hydrographique - LIFE Belini<\/title>\n<meta name=\"robots\" content=\"index, follow, max-snippet:-1, max-image-preview:large, max-video-preview:-1\" \/>\n<link rel=\"canonical\" href=\"https:\/\/www.life-belini.be\/fr\/workshop-europeen-sur-lexecution-des-plans-de-gestion-de-district-hydrographique\/\" \/>\n<meta property=\"og:locale\" content=\"fr_FR\" \/>\n<meta property=\"og:type\" content=\"article\" \/>\n<meta property=\"og:title\" content=\"Workshop europ\u00e9en sur l\u2019ex\u00e9cution des plans de gestion de district hydrographique - LIFE Belini\" \/>\n<meta property=\"og:description\" content=\"Op 14 november organiseerden we een workshop over de toepassing van &#039;afwijkingen&#039; in de stroomgebiedbeheerplannen. Met een 100-tal deelnemers en heel wat kennisdeling mogen we spreken van een geslaagde workshop.\" \/>\n<meta property=\"og:url\" content=\"https:\/\/www.life-belini.be\/fr\/workshop-europeen-sur-lexecution-des-plans-de-gestion-de-district-hydrographique\/\" \/>\n<meta property=\"og:site_name\" content=\"LIFE Belini\" \/>\n<meta property=\"article:published_time\" content=\"2019-11-15T09:39:23+00:00\" \/>\n<meta property=\"article:modified_time\" content=\"2022-11-03T13:40:42+00:00\" \/>\n<meta property=\"og:image\" content=\"https:\/\/www.life-belini.be\/wp-content\/uploads\/workshop20191114_foto2.jpg\" \/>\n\t<meta property=\"og:image:width\" content=\"400\" \/>\n\t<meta property=\"og:image:height\" content=\"268\" \/>\n\t<meta property=\"og:image:type\" content=\"image\/jpeg\" \/>\n<meta name=\"author\" content=\"Maureen Nuyts\" \/>\n<meta name=\"twitter:card\" content=\"summary_large_image\" \/>\n<meta name=\"twitter:label1\" content=\"\u00c9crit par\" \/>\n\t<meta name=\"twitter:data1\" content=\"Maureen Nuyts\" \/>\n\t<meta name=\"twitter:label2\" content=\"Dur\u00e9e de lecture estim\u00e9e\" \/>\n\t<meta name=\"twitter:data2\" content=\"2 minutes\" \/>\n<script type=\"application\/ld+json\" class=\"yoast-schema-graph\">{\"@context\":\"https:\\\/\\\/schema.org\",\"@graph\":[{\"@type\":\"Article\",\"@id\":\"https:\\\/\\\/www.life-belini.be\\\/fr\\\/workshop-europeen-sur-lexecution-des-plans-de-gestion-de-district-hydrographique\\\/#article\",\"isPartOf\":{\"@id\":\"https:\\\/\\\/www.life-belini.be\\\/fr\\\/workshop-europeen-sur-lexecution-des-plans-de-gestion-de-district-hydrographique\\\/\"},\"author\":{\"name\":\"Maureen Nuyts\",\"@id\":\"https:\\\/\\\/www.life-belini.be\\\/nl\\\/#\\\/schema\\\/person\\\/84a9c6d38af471fa4c482917c2aa2b5b\"},\"headline\":\"Workshop europ\u00e9en sur l\u2019ex\u00e9cution des plans de gestion de district hydrographique\",\"datePublished\":\"2019-11-15T09:39:23+00:00\",\"dateModified\":\"2022-11-03T13:40:42+00:00\",\"mainEntityOfPage\":{\"@id\":\"https:\\\/\\\/www.life-belini.be\\\/fr\\\/workshop-europeen-sur-lexecution-des-plans-de-gestion-de-district-hydrographique\\\/\"},\"wordCount\":302,\"image\":{\"@id\":\"https:\\\/\\\/www.life-belini.be\\\/fr\\\/workshop-europeen-sur-lexecution-des-plans-de-gestion-de-district-hydrographique\\\/#primaryimage\"},\"thumbnailUrl\":\"https:\\\/\\\/www.life-belini.be\\\/wp-content\\\/uploads\\\/workshop20191114_foto2.jpg\",\"articleSection\":[\"news fr\"],\"inLanguage\":\"fr-FR\"},{\"@type\":\"WebPage\",\"@id\":\"https:\\\/\\\/www.life-belini.be\\\/fr\\\/workshop-europeen-sur-lexecution-des-plans-de-gestion-de-district-hydrographique\\\/\",\"url\":\"https:\\\/\\\/www.life-belini.be\\\/fr\\\/workshop-europeen-sur-lexecution-des-plans-de-gestion-de-district-hydrographique\\\/\",\"name\":\"Workshop europ\u00e9en sur l\u2019ex\u00e9cution des plans de gestion de district hydrographique - LIFE Belini\",\"isPartOf\":{\"@id\":\"https:\\\/\\\/www.life-belini.be\\\/nl\\\/#website\"},\"primaryImageOfPage\":{\"@id\":\"https:\\\/\\\/www.life-belini.be\\\/fr\\\/workshop-europeen-sur-lexecution-des-plans-de-gestion-de-district-hydrographique\\\/#primaryimage\"},\"image\":{\"@id\":\"https:\\\/\\\/www.life-belini.be\\\/fr\\\/workshop-europeen-sur-lexecution-des-plans-de-gestion-de-district-hydrographique\\\/#primaryimage\"},\"thumbnailUrl\":\"https:\\\/\\\/www.life-belini.be\\\/wp-content\\\/uploads\\\/workshop20191114_foto2.jpg\",\"datePublished\":\"2019-11-15T09:39:23+00:00\",\"dateModified\":\"2022-11-03T13:40:42+00:00\",\"author\":{\"@id\":\"https:\\\/\\\/www.life-belini.be\\\/nl\\\/#\\\/schema\\\/person\\\/84a9c6d38af471fa4c482917c2aa2b5b\"},\"breadcrumb\":{\"@id\":\"https:\\\/\\\/www.life-belini.be\\\/fr\\\/workshop-europeen-sur-lexecution-des-plans-de-gestion-de-district-hydrographique\\\/#breadcrumb\"},\"inLanguage\":\"fr-FR\",\"potentialAction\":[{\"@type\":\"ReadAction\",\"target\":[\"https:\\\/\\\/www.life-belini.be\\\/fr\\\/workshop-europeen-sur-lexecution-des-plans-de-gestion-de-district-hydrographique\\\/\"]}]},{\"@type\":\"ImageObject\",\"inLanguage\":\"fr-FR\",\"@id\":\"https:\\\/\\\/www.life-belini.be\\\/fr\\\/workshop-europeen-sur-lexecution-des-plans-de-gestion-de-district-hydrographique\\\/#primaryimage\",\"url\":\"https:\\\/\\\/www.life-belini.be\\\/wp-content\\\/uploads\\\/workshop20191114_foto2.jpg\",\"contentUrl\":\"https:\\\/\\\/www.life-belini.be\\\/wp-content\\\/uploads\\\/workshop20191114_foto2.jpg\",\"width\":400,\"height\":268},{\"@type\":\"BreadcrumbList\",\"@id\":\"https:\\\/\\\/www.life-belini.be\\\/fr\\\/workshop-europeen-sur-lexecution-des-plans-de-gestion-de-district-hydrographique\\\/#breadcrumb\",\"itemListElement\":[{\"@type\":\"ListItem\",\"position\":1,\"name\":\"Home\",\"item\":\"https:\\\/\\\/www.life-belini.be\\\/fr\\\/home-2\\\/\"},{\"@type\":\"ListItem\",\"position\":2,\"name\":\"Workshop europ\u00e9en sur l\u2019ex\u00e9cution des plans de gestion de district hydrographique\"}]},{\"@type\":\"WebSite\",\"@id\":\"https:\\\/\\\/www.life-belini.be\\\/nl\\\/#website\",\"url\":\"https:\\\/\\\/www.life-belini.be\\\/nl\\\/\",\"name\":\"LIFE Belini\",\"description\":\"Belgian initiative for making a leap forward towards good status in the river basin district of the Scheldt\",\"potentialAction\":[{\"@type\":\"SearchAction\",\"target\":{\"@type\":\"EntryPoint\",\"urlTemplate\":\"https:\\\/\\\/www.life-belini.be\\\/nl\\\/?s={search_term_string}\"},\"query-input\":{\"@type\":\"PropertyValueSpecification\",\"valueRequired\":true,\"valueName\":\"search_term_string\"}}],\"inLanguage\":\"fr-FR\"},{\"@type\":\"Person\",\"@id\":\"https:\\\/\\\/www.life-belini.be\\\/nl\\\/#\\\/schema\\\/person\\\/84a9c6d38af471fa4c482917c2aa2b5b\",\"name\":\"Maureen Nuyts\",\"url\":\"https:\\\/\\\/www.life-belini.be\\\/fr\\\/author\\\/maureen-nuyts\\\/\"}]}<\/script>\n<!-- \/ Yoast SEO plugin. -->","yoast_head_json":{"title":"Workshop europ\u00e9en sur l\u2019ex\u00e9cution des plans de gestion de district hydrographique - LIFE Belini","robots":{"index":"index","follow":"follow","max-snippet":"max-snippet:-1","max-image-preview":"max-image-preview:large","max-video-preview":"max-video-preview:-1"},"canonical":"https:\/\/www.life-belini.be\/fr\/workshop-europeen-sur-lexecution-des-plans-de-gestion-de-district-hydrographique\/","og_locale":"fr_FR","og_type":"article","og_title":"Workshop europ\u00e9en sur l\u2019ex\u00e9cution des plans de gestion de district hydrographique - LIFE Belini","og_description":"Op 14 november organiseerden we een workshop over de toepassing van 'afwijkingen' in de stroomgebiedbeheerplannen. Met een 100-tal deelnemers en heel wat kennisdeling mogen we spreken van een geslaagde workshop.","og_url":"https:\/\/www.life-belini.be\/fr\/workshop-europeen-sur-lexecution-des-plans-de-gestion-de-district-hydrographique\/","og_site_name":"LIFE Belini","article_published_time":"2019-11-15T09:39:23+00:00","article_modified_time":"2022-11-03T13:40:42+00:00","og_image":[{"width":400,"height":268,"url":"https:\/\/www.life-belini.be\/wp-content\/uploads\/workshop20191114_foto2.jpg","type":"image\/jpeg"}],"author":"Maureen Nuyts","twitter_card":"summary_large_image","twitter_misc":{"\u00c9crit par":"Maureen Nuyts","Dur\u00e9e de lecture estim\u00e9e":"2 minutes"},"schema":{"@context":"https:\/\/schema.org","@graph":[{"@type":"Article","@id":"https:\/\/www.life-belini.be\/fr\/workshop-europeen-sur-lexecution-des-plans-de-gestion-de-district-hydrographique\/#article","isPartOf":{"@id":"https:\/\/www.life-belini.be\/fr\/workshop-europeen-sur-lexecution-des-plans-de-gestion-de-district-hydrographique\/"},"author":{"name":"Maureen Nuyts","@id":"https:\/\/www.life-belini.be\/nl\/#\/schema\/person\/84a9c6d38af471fa4c482917c2aa2b5b"},"headline":"Workshop europ\u00e9en sur l\u2019ex\u00e9cution des plans de gestion de district hydrographique","datePublished":"2019-11-15T09:39:23+00:00","dateModified":"2022-11-03T13:40:42+00:00","mainEntityOfPage":{"@id":"https:\/\/www.life-belini.be\/fr\/workshop-europeen-sur-lexecution-des-plans-de-gestion-de-district-hydrographique\/"},"wordCount":302,"image":{"@id":"https:\/\/www.life-belini.be\/fr\/workshop-europeen-sur-lexecution-des-plans-de-gestion-de-district-hydrographique\/#primaryimage"},"thumbnailUrl":"https:\/\/www.life-belini.be\/wp-content\/uploads\/workshop20191114_foto2.jpg","articleSection":["news fr"],"inLanguage":"fr-FR"},{"@type":"WebPage","@id":"https:\/\/www.life-belini.be\/fr\/workshop-europeen-sur-lexecution-des-plans-de-gestion-de-district-hydrographique\/","url":"https:\/\/www.life-belini.be\/fr\/workshop-europeen-sur-lexecution-des-plans-de-gestion-de-district-hydrographique\/","name":"Workshop europ\u00e9en sur l\u2019ex\u00e9cution des plans de gestion de district hydrographique - LIFE Belini","isPartOf":{"@id":"https:\/\/www.life-belini.be\/nl\/#website"},"primaryImageOfPage":{"@id":"https:\/\/www.life-belini.be\/fr\/workshop-europeen-sur-lexecution-des-plans-de-gestion-de-district-hydrographique\/#primaryimage"},"image":{"@id":"https:\/\/www.life-belini.be\/fr\/workshop-europeen-sur-lexecution-des-plans-de-gestion-de-district-hydrographique\/#primaryimage"},"thumbnailUrl":"https:\/\/www.life-belini.be\/wp-content\/uploads\/workshop20191114_foto2.jpg","datePublished":"2019-11-15T09:39:23+00:00","dateModified":"2022-11-03T13:40:42+00:00","author":{"@id":"https:\/\/www.life-belini.be\/nl\/#\/schema\/person\/84a9c6d38af471fa4c482917c2aa2b5b"},"breadcrumb":{"@id":"https:\/\/www.life-belini.be\/fr\/workshop-europeen-sur-lexecution-des-plans-de-gestion-de-district-hydrographique\/#breadcrumb"},"inLanguage":"fr-FR","potentialAction":[{"@type":"ReadAction","target":["https:\/\/www.life-belini.be\/fr\/workshop-europeen-sur-lexecution-des-plans-de-gestion-de-district-hydrographique\/"]}]},{"@type":"ImageObject","inLanguage":"fr-FR","@id":"https:\/\/www.life-belini.be\/fr\/workshop-europeen-sur-lexecution-des-plans-de-gestion-de-district-hydrographique\/#primaryimage","url":"https:\/\/www.life-belini.be\/wp-content\/uploads\/workshop20191114_foto2.jpg","contentUrl":"https:\/\/www.life-belini.be\/wp-content\/uploads\/workshop20191114_foto2.jpg","width":400,"height":268},{"@type":"BreadcrumbList","@id":"https:\/\/www.life-belini.be\/fr\/workshop-europeen-sur-lexecution-des-plans-de-gestion-de-district-hydrographique\/#breadcrumb","itemListElement":[{"@type":"ListItem","position":1,"name":"Home","item":"https:\/\/www.life-belini.be\/fr\/home-2\/"},{"@type":"ListItem","position":2,"name":"Workshop europ\u00e9en sur l\u2019ex\u00e9cution des plans de gestion de district hydrographique"}]},{"@type":"WebSite","@id":"https:\/\/www.life-belini.be\/nl\/#website","url":"https:\/\/www.life-belini.be\/nl\/","name":"LIFE Belini","description":"Belgian initiative for making a leap forward towards good status in the river basin district of the Scheldt","potentialAction":[{"@type":"SearchAction","target":{"@type":"EntryPoint","urlTemplate":"https:\/\/www.life-belini.be\/nl\/?s={search_term_string}"},"query-input":{"@type":"PropertyValueSpecification","valueRequired":true,"valueName":"search_term_string"}}],"inLanguage":"fr-FR"},{"@type":"Person","@id":"https:\/\/www.life-belini.be\/nl\/#\/schema\/person\/84a9c6d38af471fa4c482917c2aa2b5b","name":"Maureen Nuyts","url":"https:\/\/www.life-belini.be\/fr\/author\/maureen-nuyts\/"}]}},"_links":{"self":[{"href":"https:\/\/www.life-belini.be\/fr\/wp-json\/wp\/v2\/posts\/2800","targetHints":{"allow":["GET"]}}],"collection":[{"href":"https:\/\/www.life-belini.be\/fr\/wp-json\/wp\/v2\/posts"}],"about":[{"href":"https:\/\/www.life-belini.be\/fr\/wp-json\/wp\/v2\/types\/post"}],"author":[{"embeddable":true,"href":"https:\/\/www.life-belini.be\/fr\/wp-json\/wp\/v2\/users\/6"}],"replies":[{"embeddable":true,"href":"https:\/\/www.life-belini.be\/fr\/wp-json\/wp\/v2\/comments?post=2800"}],"version-history":[{"count":2,"href":"https:\/\/www.life-belini.be\/fr\/wp-json\/wp\/v2\/posts\/2800\/revisions"}],"predecessor-version":[{"id":7332,"href":"https:\/\/www.life-belini.be\/fr\/wp-json\/wp\/v2\/posts\/2800\/revisions\/7332"}],"wp:featuredmedia":[{"embeddable":true,"href":"https:\/\/www.life-belini.be\/fr\/wp-json\/wp\/v2\/media\/2639"}],"wp:attachment":[{"href":"https:\/\/www.life-belini.be\/fr\/wp-json\/wp\/v2\/media?parent=2800"}],"wp:term":[{"taxonomy":"category","embeddable":true,"href":"https:\/\/www.life-belini.be\/fr\/wp-json\/wp\/v2\/categories?post=2800"},{"taxonomy":"post_tag","embeddable":true,"href":"https:\/\/www.life-belini.be\/fr\/wp-json\/wp\/v2\/tags?post=2800"}],"curies":[{"name":"wp","href":"https:\/\/api.w.org\/{rel}","templated":true}]}}