{"id":2477,"date":"2019-09-17T09:24:50","date_gmt":"2019-09-17T09:24:50","guid":{"rendered":"https:\/\/www.life-belini.be\/partnermeeting-tubeke\/"},"modified":"2020-06-30T01:12:17","modified_gmt":"2020-06-30T01:12:17","slug":"partnermeeting-tubeke","status":"publish","type":"post","link":"https:\/\/www.life-belini.be\/fr\/partnermeeting-tubeke\/","title":{"rendered":"Meeting des partenaires \u00e0 Tubize"},"content":{"rendered":"<p><strong>Les diff\u00e9rents partenaires du projet Belini se sont r\u00e9unis le jeudi 12 septembre pour \u00e9changer leurs exp\u00e9riences et les r\u00e9sultats des derniers mois. Nos auditeurs de NEEMO et EASME \u00e9taient \u00e9galement de la partie \u00e0 Tubize.<\/strong><\/p>\n<p>La tradition veut que les \u00e9l\u00e9ments nous soient favorables et il n\u2019en a pas \u00e9t\u00e9 autrement cette fois. M\u00eame si le soleil \u00e9tait d\u00e9j\u00e0 radieux, nous avons pass\u00e9 la matin\u00e9e \u00e0 la maison communale de Tubize. Nous y avons examin\u00e9 l\u2019\u00e9tat d\u2019avancement de notre projet ainsi que nos points d\u2019attention et probl\u00e8mes communs, ainsi que les solutions \u00e9ventuelles.<\/p>\n<p>Ainsi, nous avons entre autres abord\u00e9 la mani\u00e8re dont les proc\u00e9dures d\u2019expropriation se d\u00e9roulent dans les diff\u00e9rentes r\u00e9gions et le d\u00e9veloppement d\u2019un nouveau mod\u00e8le qui doit nous aider \u00e0 obtenir le bon \u00e9tat \u00e9cologique d\u2019un cours d\u2019eau. Assez de mati\u00e8re \u00e0 r\u00e9flexion et \u00e0 discussion, donc.<\/p>\n<p>L\u2019apr\u00e8s-midi, nous avons examin\u00e9 ce que Belini signifie dans la pratique. Notre partenaire SPW DGO 3 nous a amen\u00e9s vers sa zone inondable naturelle temporaire sur le Coeurq. Cette zone avait \u00e9t\u00e9 am\u00e9nag\u00e9e plus t\u00f4t dans l\u2019ann\u00e9e et avait d\u00e9j\u00e0 \u00e9t\u00e9 mise en service au printemps. La biodiversit\u00e9 et les \u00e9cosyst\u00e8mes y seront surveill\u00e9s les prochaines ann\u00e9es.<\/p>\n<p>Ci-dessous quelques photos refl\u00e9tant l\u2019ambiance de travail<\/p>\n","protected":false},"excerpt":{"rendered":"<p>Donderdag 12 september kwamen de verschillende partners van het Belini-project nog eens samen om hun ervaringen en resultaten van de voorbije maanden uit te wisselen. Ook onze auditors van NEEMO en EASME waren van de partij in Tubeke.<\/p>\n","protected":false},"author":6,"featured_media":2474,"comment_status":"closed","ping_status":"closed","sticky":false,"template":"","format":"standard","meta":{"_acf_changed":false,"_exactmetrics_skip_tracking":false,"_exactmetrics_sitenote_active":false,"_exactmetrics_sitenote_note":"","_exactmetrics_sitenote_category":0,"footnotes":""},"categories":[30],"tags":[],"class_list":["post-2477","post","type-post","status-publish","format-standard","has-post-thumbnail","hentry","category-news-fr"],"acf":[],"yoast_head":"<!-- This site is optimized with the Yoast SEO plugin v27.4 - https:\/\/yoast.com\/product\/yoast-seo-wordpress\/ -->\n<title>Meeting des partenaires \u00e0 Tubize - LIFE Belini<\/title>\n<meta name=\"robots\" content=\"index, follow, max-snippet:-1, max-image-preview:large, max-video-preview:-1\" \/>\n<link rel=\"canonical\" href=\"https:\/\/www.life-belini.be\/fr\/partnermeeting-tubeke\/\" \/>\n<meta property=\"og:locale\" content=\"fr_FR\" \/>\n<meta property=\"og:type\" content=\"article\" \/>\n<meta property=\"og:title\" content=\"Meeting des partenaires \u00e0 Tubize - LIFE Belini\" \/>\n<meta property=\"og:description\" content=\"Donderdag 12 september kwamen de verschillende partners van het Belini-project nog eens samen om hun ervaringen en resultaten van de voorbije maanden uit te wisselen. Ook onze auditors van NEEMO en EASME waren van de partij in Tubeke.\" \/>\n<meta property=\"og:url\" content=\"https:\/\/www.life-belini.be\/fr\/partnermeeting-tubeke\/\" \/>\n<meta property=\"og:site_name\" content=\"LIFE Belini\" \/>\n<meta property=\"article:published_time\" content=\"2019-09-17T09:24:50+00:00\" \/>\n<meta property=\"article:modified_time\" content=\"2020-06-30T01:12:17+00:00\" \/>\n<meta property=\"og:image\" content=\"https:\/\/www.life-belini.be\/wp-content\/uploads\/DJI_0063.jpg\" \/>\n\t<meta property=\"og:image:width\" content=\"1024\" \/>\n\t<meta property=\"og:image:height\" content=\"576\" \/>\n\t<meta property=\"og:image:type\" content=\"image\/jpeg\" \/>\n<meta name=\"author\" content=\"Maureen Nuyts\" \/>\n<meta name=\"twitter:card\" content=\"summary_large_image\" \/>\n<meta name=\"twitter:label1\" content=\"\u00c9crit par\" \/>\n\t<meta name=\"twitter:data1\" content=\"Maureen Nuyts\" \/>\n\t<meta name=\"twitter:label2\" content=\"Dur\u00e9e de lecture estim\u00e9e\" \/>\n\t<meta name=\"twitter:data2\" content=\"1 minute\" \/>\n<script type=\"application\/ld+json\" class=\"yoast-schema-graph\">{\"@context\":\"https:\\\/\\\/schema.org\",\"@graph\":[{\"@type\":\"Article\",\"@id\":\"https:\\\/\\\/www.life-belini.be\\\/fr\\\/partnermeeting-tubeke\\\/#article\",\"isPartOf\":{\"@id\":\"https:\\\/\\\/www.life-belini.be\\\/fr\\\/partnermeeting-tubeke\\\/\"},\"author\":{\"name\":\"Maureen Nuyts\",\"@id\":\"https:\\\/\\\/www.life-belini.be\\\/nl\\\/#\\\/schema\\\/person\\\/84a9c6d38af471fa4c482917c2aa2b5b\"},\"headline\":\"Meeting des partenaires \u00e0 Tubize\",\"datePublished\":\"2019-09-17T09:24:50+00:00\",\"dateModified\":\"2020-06-30T01:12:17+00:00\",\"mainEntityOfPage\":{\"@id\":\"https:\\\/\\\/www.life-belini.be\\\/fr\\\/partnermeeting-tubeke\\\/\"},\"wordCount\":241,\"image\":{\"@id\":\"https:\\\/\\\/www.life-belini.be\\\/fr\\\/partnermeeting-tubeke\\\/#primaryimage\"},\"thumbnailUrl\":\"https:\\\/\\\/www.life-belini.be\\\/wp-content\\\/uploads\\\/DJI_0063.jpg\",\"articleSection\":[\"news fr\"],\"inLanguage\":\"fr-FR\"},{\"@type\":\"WebPage\",\"@id\":\"https:\\\/\\\/www.life-belini.be\\\/fr\\\/partnermeeting-tubeke\\\/\",\"url\":\"https:\\\/\\\/www.life-belini.be\\\/fr\\\/partnermeeting-tubeke\\\/\",\"name\":\"Meeting des partenaires \u00e0 Tubize - LIFE Belini\",\"isPartOf\":{\"@id\":\"https:\\\/\\\/www.life-belini.be\\\/nl\\\/#website\"},\"primaryImageOfPage\":{\"@id\":\"https:\\\/\\\/www.life-belini.be\\\/fr\\\/partnermeeting-tubeke\\\/#primaryimage\"},\"image\":{\"@id\":\"https:\\\/\\\/www.life-belini.be\\\/fr\\\/partnermeeting-tubeke\\\/#primaryimage\"},\"thumbnailUrl\":\"https:\\\/\\\/www.life-belini.be\\\/wp-content\\\/uploads\\\/DJI_0063.jpg\",\"datePublished\":\"2019-09-17T09:24:50+00:00\",\"dateModified\":\"2020-06-30T01:12:17+00:00\",\"author\":{\"@id\":\"https:\\\/\\\/www.life-belini.be\\\/nl\\\/#\\\/schema\\\/person\\\/84a9c6d38af471fa4c482917c2aa2b5b\"},\"breadcrumb\":{\"@id\":\"https:\\\/\\\/www.life-belini.be\\\/fr\\\/partnermeeting-tubeke\\\/#breadcrumb\"},\"inLanguage\":\"fr-FR\",\"potentialAction\":[{\"@type\":\"ReadAction\",\"target\":[\"https:\\\/\\\/www.life-belini.be\\\/fr\\\/partnermeeting-tubeke\\\/\"]}]},{\"@type\":\"ImageObject\",\"inLanguage\":\"fr-FR\",\"@id\":\"https:\\\/\\\/www.life-belini.be\\\/fr\\\/partnermeeting-tubeke\\\/#primaryimage\",\"url\":\"https:\\\/\\\/www.life-belini.be\\\/wp-content\\\/uploads\\\/DJI_0063.jpg\",\"contentUrl\":\"https:\\\/\\\/www.life-belini.be\\\/wp-content\\\/uploads\\\/DJI_0063.jpg\",\"width\":1024,\"height\":576,\"caption\":\"DCIM100MEDIADJI_0063.JPG\"},{\"@type\":\"BreadcrumbList\",\"@id\":\"https:\\\/\\\/www.life-belini.be\\\/fr\\\/partnermeeting-tubeke\\\/#breadcrumb\",\"itemListElement\":[{\"@type\":\"ListItem\",\"position\":1,\"name\":\"Home\",\"item\":\"https:\\\/\\\/www.life-belini.be\\\/fr\\\/home-2\\\/\"},{\"@type\":\"ListItem\",\"position\":2,\"name\":\"Meeting des partenaires \u00e0 Tubize\"}]},{\"@type\":\"WebSite\",\"@id\":\"https:\\\/\\\/www.life-belini.be\\\/nl\\\/#website\",\"url\":\"https:\\\/\\\/www.life-belini.be\\\/nl\\\/\",\"name\":\"LIFE Belini\",\"description\":\"Belgian initiative for making a leap forward towards good status in the river basin district of the Scheldt\",\"potentialAction\":[{\"@type\":\"SearchAction\",\"target\":{\"@type\":\"EntryPoint\",\"urlTemplate\":\"https:\\\/\\\/www.life-belini.be\\\/nl\\\/?s={search_term_string}\"},\"query-input\":{\"@type\":\"PropertyValueSpecification\",\"valueRequired\":true,\"valueName\":\"search_term_string\"}}],\"inLanguage\":\"fr-FR\"},{\"@type\":\"Person\",\"@id\":\"https:\\\/\\\/www.life-belini.be\\\/nl\\\/#\\\/schema\\\/person\\\/84a9c6d38af471fa4c482917c2aa2b5b\",\"name\":\"Maureen Nuyts\",\"url\":\"https:\\\/\\\/www.life-belini.be\\\/fr\\\/author\\\/maureen-nuyts\\\/\"}]}<\/script>\n<!-- \/ Yoast SEO plugin. -->","yoast_head_json":{"title":"Meeting des partenaires \u00e0 Tubize - LIFE Belini","robots":{"index":"index","follow":"follow","max-snippet":"max-snippet:-1","max-image-preview":"max-image-preview:large","max-video-preview":"max-video-preview:-1"},"canonical":"https:\/\/www.life-belini.be\/fr\/partnermeeting-tubeke\/","og_locale":"fr_FR","og_type":"article","og_title":"Meeting des partenaires \u00e0 Tubize - LIFE Belini","og_description":"Donderdag 12 september kwamen de verschillende partners van het Belini-project nog eens samen om hun ervaringen en resultaten van de voorbije maanden uit te wisselen. Ook onze auditors van NEEMO en EASME waren van de partij in Tubeke.","og_url":"https:\/\/www.life-belini.be\/fr\/partnermeeting-tubeke\/","og_site_name":"LIFE Belini","article_published_time":"2019-09-17T09:24:50+00:00","article_modified_time":"2020-06-30T01:12:17+00:00","og_image":[{"width":1024,"height":576,"url":"https:\/\/www.life-belini.be\/wp-content\/uploads\/DJI_0063.jpg","type":"image\/jpeg"}],"author":"Maureen Nuyts","twitter_card":"summary_large_image","twitter_misc":{"\u00c9crit par":"Maureen Nuyts","Dur\u00e9e de lecture estim\u00e9e":"1 minute"},"schema":{"@context":"https:\/\/schema.org","@graph":[{"@type":"Article","@id":"https:\/\/www.life-belini.be\/fr\/partnermeeting-tubeke\/#article","isPartOf":{"@id":"https:\/\/www.life-belini.be\/fr\/partnermeeting-tubeke\/"},"author":{"name":"Maureen Nuyts","@id":"https:\/\/www.life-belini.be\/nl\/#\/schema\/person\/84a9c6d38af471fa4c482917c2aa2b5b"},"headline":"Meeting des partenaires \u00e0 Tubize","datePublished":"2019-09-17T09:24:50+00:00","dateModified":"2020-06-30T01:12:17+00:00","mainEntityOfPage":{"@id":"https:\/\/www.life-belini.be\/fr\/partnermeeting-tubeke\/"},"wordCount":241,"image":{"@id":"https:\/\/www.life-belini.be\/fr\/partnermeeting-tubeke\/#primaryimage"},"thumbnailUrl":"https:\/\/www.life-belini.be\/wp-content\/uploads\/DJI_0063.jpg","articleSection":["news fr"],"inLanguage":"fr-FR"},{"@type":"WebPage","@id":"https:\/\/www.life-belini.be\/fr\/partnermeeting-tubeke\/","url":"https:\/\/www.life-belini.be\/fr\/partnermeeting-tubeke\/","name":"Meeting des partenaires \u00e0 Tubize - LIFE Belini","isPartOf":{"@id":"https:\/\/www.life-belini.be\/nl\/#website"},"primaryImageOfPage":{"@id":"https:\/\/www.life-belini.be\/fr\/partnermeeting-tubeke\/#primaryimage"},"image":{"@id":"https:\/\/www.life-belini.be\/fr\/partnermeeting-tubeke\/#primaryimage"},"thumbnailUrl":"https:\/\/www.life-belini.be\/wp-content\/uploads\/DJI_0063.jpg","datePublished":"2019-09-17T09:24:50+00:00","dateModified":"2020-06-30T01:12:17+00:00","author":{"@id":"https:\/\/www.life-belini.be\/nl\/#\/schema\/person\/84a9c6d38af471fa4c482917c2aa2b5b"},"breadcrumb":{"@id":"https:\/\/www.life-belini.be\/fr\/partnermeeting-tubeke\/#breadcrumb"},"inLanguage":"fr-FR","potentialAction":[{"@type":"ReadAction","target":["https:\/\/www.life-belini.be\/fr\/partnermeeting-tubeke\/"]}]},{"@type":"ImageObject","inLanguage":"fr-FR","@id":"https:\/\/www.life-belini.be\/fr\/partnermeeting-tubeke\/#primaryimage","url":"https:\/\/www.life-belini.be\/wp-content\/uploads\/DJI_0063.jpg","contentUrl":"https:\/\/www.life-belini.be\/wp-content\/uploads\/DJI_0063.jpg","width":1024,"height":576,"caption":"DCIM100MEDIADJI_0063.JPG"},{"@type":"BreadcrumbList","@id":"https:\/\/www.life-belini.be\/fr\/partnermeeting-tubeke\/#breadcrumb","itemListElement":[{"@type":"ListItem","position":1,"name":"Home","item":"https:\/\/www.life-belini.be\/fr\/home-2\/"},{"@type":"ListItem","position":2,"name":"Meeting des partenaires \u00e0 Tubize"}]},{"@type":"WebSite","@id":"https:\/\/www.life-belini.be\/nl\/#website","url":"https:\/\/www.life-belini.be\/nl\/","name":"LIFE Belini","description":"Belgian initiative for making a leap forward towards good status in the river basin district of the Scheldt","potentialAction":[{"@type":"SearchAction","target":{"@type":"EntryPoint","urlTemplate":"https:\/\/www.life-belini.be\/nl\/?s={search_term_string}"},"query-input":{"@type":"PropertyValueSpecification","valueRequired":true,"valueName":"search_term_string"}}],"inLanguage":"fr-FR"},{"@type":"Person","@id":"https:\/\/www.life-belini.be\/nl\/#\/schema\/person\/84a9c6d38af471fa4c482917c2aa2b5b","name":"Maureen Nuyts","url":"https:\/\/www.life-belini.be\/fr\/author\/maureen-nuyts\/"}]}},"_links":{"self":[{"href":"https:\/\/www.life-belini.be\/fr\/wp-json\/wp\/v2\/posts\/2477","targetHints":{"allow":["GET"]}}],"collection":[{"href":"https:\/\/www.life-belini.be\/fr\/wp-json\/wp\/v2\/posts"}],"about":[{"href":"https:\/\/www.life-belini.be\/fr\/wp-json\/wp\/v2\/types\/post"}],"author":[{"embeddable":true,"href":"https:\/\/www.life-belini.be\/fr\/wp-json\/wp\/v2\/users\/6"}],"replies":[{"embeddable":true,"href":"https:\/\/www.life-belini.be\/fr\/wp-json\/wp\/v2\/comments?post=2477"}],"version-history":[{"count":0,"href":"https:\/\/www.life-belini.be\/fr\/wp-json\/wp\/v2\/posts\/2477\/revisions"}],"wp:featuredmedia":[{"embeddable":true,"href":"https:\/\/www.life-belini.be\/fr\/wp-json\/wp\/v2\/media\/2474"}],"wp:attachment":[{"href":"https:\/\/www.life-belini.be\/fr\/wp-json\/wp\/v2\/media?parent=2477"}],"wp:term":[{"taxonomy":"category","embeddable":true,"href":"https:\/\/www.life-belini.be\/fr\/wp-json\/wp\/v2\/categories?post=2477"},{"taxonomy":"post_tag","embeddable":true,"href":"https:\/\/www.life-belini.be\/fr\/wp-json\/wp\/v2\/tags?post=2477"}],"curies":[{"name":"wp","href":"https:\/\/api.w.org\/{rel}","templated":true}]}}