{"id":2329,"date":"2019-06-28T13:27:47","date_gmt":"2019-06-28T13:27:47","guid":{"rendered":"https:\/\/www.life-belini.be\/2301\/"},"modified":"2020-06-30T01:14:50","modified_gmt":"2020-06-30T01:14:50","slug":"le-futur-plan-de-gestion-de-leau","status":"publish","type":"post","link":"https:\/\/www.life-belini.be\/fr\/le-futur-plan-de-gestion-de-leau\/","title":{"rendered":"Soir\u00e9e d&rsquo;info sur le futur plan de gestion de l&rsquo;eau 2022-2027"},"content":{"rendered":"<p><strong>A l\u2019occasion de l\u2019enqu\u00eate publique men\u00e9e jusqu\u2019\u00e0 la fin du mois d\u2019ao\u00fbt sur le plan de gestion des eaux de Bruxelles, un afterwork a \u00e9t\u00e9 organis\u00e9 le 26 juin par Coordination Senne.<\/strong><\/p>\n<p>A cette occasion, une plate-forme r\u00e9unissait des administrations, des organisations de protection de la nature et d\u2019autres associations, ainsi que des citoyens motiv\u00e9s. Bruxelles Environnement a donn\u00e9 le ton, suivi par de nombreux projets et souhaits li\u00e9s \u00e0 l\u2019eau \u00e0 Bruxelles.<\/p>\n<p>Des coll\u00e8gues du projet LIFE Belini de Flandre (VLM et VMM) et de Wallonie (Contrat de Rivi\u00e8re Senne) \u00e9taient \u00e9galement pr\u00e9sents. L\u2019eau ne s\u2019arr\u00eate pas \u00e0 la fronti\u00e8re bruxelloise. Au total, il y avait environ 90 sympathisants. L\u2019\u00e9v\u00e9nement s\u2019est termin\u00e9 avec un verre et \u00e9changes conviviaux.<\/p>\n<p>Les pr\u00e9sentations et photos peuvent \u00eatre consult\u00e9es sur:\u00a0<a href=\"https:\/\/www.coordinationsenne.be\/fr\/activites\/rapportsEtPhotos\/2019.php\" data-slimstat=\"5\">https:\/\/www.coordinationsenne.be\/fr\/activites\/rapportsEtPhotos\/2019.php<\/a><\/p>\n","protected":false},"excerpt":{"rendered":"<p>Co\u00f6rdinatie Zenne organiseerde dinsdag 26 juni een afterwork bijeenkomst naar aanleiding van het openbaar onderzoek dat loopt tot eind augustus over het Waterbeheerplan Brussel.<\/p>\n","protected":false},"author":6,"featured_media":2316,"comment_status":"closed","ping_status":"closed","sticky":false,"template":"","format":"standard","meta":{"_acf_changed":false,"_exactmetrics_skip_tracking":false,"_exactmetrics_sitenote_active":false,"_exactmetrics_sitenote_note":"","_exactmetrics_sitenote_category":0,"footnotes":""},"categories":[30],"tags":[],"class_list":["post-2329","post","type-post","status-publish","format-standard","has-post-thumbnail","hentry","category-news-fr"],"acf":[],"yoast_head":"<!-- This site is optimized with the Yoast SEO plugin v27.4 - https:\/\/yoast.com\/product\/yoast-seo-wordpress\/ -->\n<title>Soir\u00e9e d&#039;info sur le futur plan de gestion de l&#039;eau 2022-2027 - LIFE Belini<\/title>\n<meta name=\"robots\" content=\"index, follow, max-snippet:-1, max-image-preview:large, max-video-preview:-1\" \/>\n<link rel=\"canonical\" href=\"https:\/\/www.life-belini.be\/fr\/le-futur-plan-de-gestion-de-leau\/\" \/>\n<meta property=\"og:locale\" content=\"fr_FR\" \/>\n<meta property=\"og:type\" content=\"article\" \/>\n<meta property=\"og:title\" content=\"Soir\u00e9e d&#039;info sur le futur plan de gestion de l&#039;eau 2022-2027 - LIFE Belini\" \/>\n<meta property=\"og:description\" content=\"Co\u00f6rdinatie Zenne organiseerde dinsdag 26 juni een afterwork bijeenkomst naar aanleiding van het openbaar onderzoek dat loopt tot eind augustus over het Waterbeheerplan Brussel.\" \/>\n<meta property=\"og:url\" content=\"https:\/\/www.life-belini.be\/fr\/le-futur-plan-de-gestion-de-leau\/\" \/>\n<meta property=\"og:site_name\" content=\"LIFE Belini\" \/>\n<meta property=\"article:published_time\" content=\"2019-06-28T13:27:47+00:00\" \/>\n<meta property=\"article:modified_time\" content=\"2020-06-30T01:14:50+00:00\" \/>\n<meta property=\"og:image\" content=\"https:\/\/www.life-belini.be\/wp-content\/uploads\/65424902_737784336636777_9165712925539696640_o.jpg\" \/>\n\t<meta property=\"og:image:width\" content=\"2000\" \/>\n\t<meta property=\"og:image:height\" content=\"1500\" \/>\n\t<meta property=\"og:image:type\" content=\"image\/jpeg\" \/>\n<meta name=\"author\" content=\"Maureen Nuyts\" \/>\n<meta name=\"twitter:card\" content=\"summary_large_image\" \/>\n<meta name=\"twitter:label1\" content=\"\u00c9crit par\" \/>\n\t<meta name=\"twitter:data1\" content=\"Maureen Nuyts\" \/>\n\t<meta name=\"twitter:label2\" content=\"Dur\u00e9e de lecture estim\u00e9e\" \/>\n\t<meta name=\"twitter:data2\" content=\"1 minute\" \/>\n<script type=\"application\/ld+json\" class=\"yoast-schema-graph\">{\"@context\":\"https:\\\/\\\/schema.org\",\"@graph\":[{\"@type\":\"Article\",\"@id\":\"https:\\\/\\\/www.life-belini.be\\\/fr\\\/le-futur-plan-de-gestion-de-leau\\\/#article\",\"isPartOf\":{\"@id\":\"https:\\\/\\\/www.life-belini.be\\\/fr\\\/le-futur-plan-de-gestion-de-leau\\\/\"},\"author\":{\"name\":\"Maureen Nuyts\",\"@id\":\"https:\\\/\\\/www.life-belini.be\\\/nl\\\/#\\\/schema\\\/person\\\/84a9c6d38af471fa4c482917c2aa2b5b\"},\"headline\":\"Soir\u00e9e d&rsquo;info sur le futur plan de gestion de l&rsquo;eau 2022-2027\",\"datePublished\":\"2019-06-28T13:27:47+00:00\",\"dateModified\":\"2020-06-30T01:14:50+00:00\",\"mainEntityOfPage\":{\"@id\":\"https:\\\/\\\/www.life-belini.be\\\/fr\\\/le-futur-plan-de-gestion-de-leau\\\/\"},\"wordCount\":167,\"image\":{\"@id\":\"https:\\\/\\\/www.life-belini.be\\\/fr\\\/le-futur-plan-de-gestion-de-leau\\\/#primaryimage\"},\"thumbnailUrl\":\"https:\\\/\\\/www.life-belini.be\\\/wp-content\\\/uploads\\\/65424902_737784336636777_9165712925539696640_o.jpg\",\"articleSection\":[\"news fr\"],\"inLanguage\":\"fr-FR\"},{\"@type\":\"WebPage\",\"@id\":\"https:\\\/\\\/www.life-belini.be\\\/fr\\\/le-futur-plan-de-gestion-de-leau\\\/\",\"url\":\"https:\\\/\\\/www.life-belini.be\\\/fr\\\/le-futur-plan-de-gestion-de-leau\\\/\",\"name\":\"Soir\u00e9e d'info sur le futur plan de gestion de l'eau 2022-2027 - LIFE Belini\",\"isPartOf\":{\"@id\":\"https:\\\/\\\/www.life-belini.be\\\/nl\\\/#website\"},\"primaryImageOfPage\":{\"@id\":\"https:\\\/\\\/www.life-belini.be\\\/fr\\\/le-futur-plan-de-gestion-de-leau\\\/#primaryimage\"},\"image\":{\"@id\":\"https:\\\/\\\/www.life-belini.be\\\/fr\\\/le-futur-plan-de-gestion-de-leau\\\/#primaryimage\"},\"thumbnailUrl\":\"https:\\\/\\\/www.life-belini.be\\\/wp-content\\\/uploads\\\/65424902_737784336636777_9165712925539696640_o.jpg\",\"datePublished\":\"2019-06-28T13:27:47+00:00\",\"dateModified\":\"2020-06-30T01:14:50+00:00\",\"author\":{\"@id\":\"https:\\\/\\\/www.life-belini.be\\\/nl\\\/#\\\/schema\\\/person\\\/84a9c6d38af471fa4c482917c2aa2b5b\"},\"breadcrumb\":{\"@id\":\"https:\\\/\\\/www.life-belini.be\\\/fr\\\/le-futur-plan-de-gestion-de-leau\\\/#breadcrumb\"},\"inLanguage\":\"fr-FR\",\"potentialAction\":[{\"@type\":\"ReadAction\",\"target\":[\"https:\\\/\\\/www.life-belini.be\\\/fr\\\/le-futur-plan-de-gestion-de-leau\\\/\"]}]},{\"@type\":\"ImageObject\",\"inLanguage\":\"fr-FR\",\"@id\":\"https:\\\/\\\/www.life-belini.be\\\/fr\\\/le-futur-plan-de-gestion-de-leau\\\/#primaryimage\",\"url\":\"https:\\\/\\\/www.life-belini.be\\\/wp-content\\\/uploads\\\/65424902_737784336636777_9165712925539696640_o.jpg\",\"contentUrl\":\"https:\\\/\\\/www.life-belini.be\\\/wp-content\\\/uploads\\\/65424902_737784336636777_9165712925539696640_o.jpg\",\"width\":2000,\"height\":1500},{\"@type\":\"BreadcrumbList\",\"@id\":\"https:\\\/\\\/www.life-belini.be\\\/fr\\\/le-futur-plan-de-gestion-de-leau\\\/#breadcrumb\",\"itemListElement\":[{\"@type\":\"ListItem\",\"position\":1,\"name\":\"Home\",\"item\":\"https:\\\/\\\/www.life-belini.be\\\/fr\\\/home-2\\\/\"},{\"@type\":\"ListItem\",\"position\":2,\"name\":\"Soir\u00e9e d&#8217;info sur le futur plan de gestion de l&#8217;eau 2022-2027\"}]},{\"@type\":\"WebSite\",\"@id\":\"https:\\\/\\\/www.life-belini.be\\\/nl\\\/#website\",\"url\":\"https:\\\/\\\/www.life-belini.be\\\/nl\\\/\",\"name\":\"LIFE Belini\",\"description\":\"Belgian initiative for making a leap forward towards good status in the river basin district of the Scheldt\",\"potentialAction\":[{\"@type\":\"SearchAction\",\"target\":{\"@type\":\"EntryPoint\",\"urlTemplate\":\"https:\\\/\\\/www.life-belini.be\\\/nl\\\/?s={search_term_string}\"},\"query-input\":{\"@type\":\"PropertyValueSpecification\",\"valueRequired\":true,\"valueName\":\"search_term_string\"}}],\"inLanguage\":\"fr-FR\"},{\"@type\":\"Person\",\"@id\":\"https:\\\/\\\/www.life-belini.be\\\/nl\\\/#\\\/schema\\\/person\\\/84a9c6d38af471fa4c482917c2aa2b5b\",\"name\":\"Maureen Nuyts\",\"url\":\"https:\\\/\\\/www.life-belini.be\\\/fr\\\/author\\\/maureen-nuyts\\\/\"}]}<\/script>\n<!-- \/ Yoast SEO plugin. -->","yoast_head_json":{"title":"Soir\u00e9e d'info sur le futur plan de gestion de l'eau 2022-2027 - LIFE Belini","robots":{"index":"index","follow":"follow","max-snippet":"max-snippet:-1","max-image-preview":"max-image-preview:large","max-video-preview":"max-video-preview:-1"},"canonical":"https:\/\/www.life-belini.be\/fr\/le-futur-plan-de-gestion-de-leau\/","og_locale":"fr_FR","og_type":"article","og_title":"Soir\u00e9e d'info sur le futur plan de gestion de l'eau 2022-2027 - LIFE Belini","og_description":"Co\u00f6rdinatie Zenne organiseerde dinsdag 26 juni een afterwork bijeenkomst naar aanleiding van het openbaar onderzoek dat loopt tot eind augustus over het Waterbeheerplan Brussel.","og_url":"https:\/\/www.life-belini.be\/fr\/le-futur-plan-de-gestion-de-leau\/","og_site_name":"LIFE Belini","article_published_time":"2019-06-28T13:27:47+00:00","article_modified_time":"2020-06-30T01:14:50+00:00","og_image":[{"width":2000,"height":1500,"url":"https:\/\/www.life-belini.be\/wp-content\/uploads\/65424902_737784336636777_9165712925539696640_o.jpg","type":"image\/jpeg"}],"author":"Maureen Nuyts","twitter_card":"summary_large_image","twitter_misc":{"\u00c9crit par":"Maureen Nuyts","Dur\u00e9e de lecture estim\u00e9e":"1 minute"},"schema":{"@context":"https:\/\/schema.org","@graph":[{"@type":"Article","@id":"https:\/\/www.life-belini.be\/fr\/le-futur-plan-de-gestion-de-leau\/#article","isPartOf":{"@id":"https:\/\/www.life-belini.be\/fr\/le-futur-plan-de-gestion-de-leau\/"},"author":{"name":"Maureen Nuyts","@id":"https:\/\/www.life-belini.be\/nl\/#\/schema\/person\/84a9c6d38af471fa4c482917c2aa2b5b"},"headline":"Soir\u00e9e d&rsquo;info sur le futur plan de gestion de l&rsquo;eau 2022-2027","datePublished":"2019-06-28T13:27:47+00:00","dateModified":"2020-06-30T01:14:50+00:00","mainEntityOfPage":{"@id":"https:\/\/www.life-belini.be\/fr\/le-futur-plan-de-gestion-de-leau\/"},"wordCount":167,"image":{"@id":"https:\/\/www.life-belini.be\/fr\/le-futur-plan-de-gestion-de-leau\/#primaryimage"},"thumbnailUrl":"https:\/\/www.life-belini.be\/wp-content\/uploads\/65424902_737784336636777_9165712925539696640_o.jpg","articleSection":["news fr"],"inLanguage":"fr-FR"},{"@type":"WebPage","@id":"https:\/\/www.life-belini.be\/fr\/le-futur-plan-de-gestion-de-leau\/","url":"https:\/\/www.life-belini.be\/fr\/le-futur-plan-de-gestion-de-leau\/","name":"Soir\u00e9e d'info sur le futur plan de gestion de l'eau 2022-2027 - LIFE Belini","isPartOf":{"@id":"https:\/\/www.life-belini.be\/nl\/#website"},"primaryImageOfPage":{"@id":"https:\/\/www.life-belini.be\/fr\/le-futur-plan-de-gestion-de-leau\/#primaryimage"},"image":{"@id":"https:\/\/www.life-belini.be\/fr\/le-futur-plan-de-gestion-de-leau\/#primaryimage"},"thumbnailUrl":"https:\/\/www.life-belini.be\/wp-content\/uploads\/65424902_737784336636777_9165712925539696640_o.jpg","datePublished":"2019-06-28T13:27:47+00:00","dateModified":"2020-06-30T01:14:50+00:00","author":{"@id":"https:\/\/www.life-belini.be\/nl\/#\/schema\/person\/84a9c6d38af471fa4c482917c2aa2b5b"},"breadcrumb":{"@id":"https:\/\/www.life-belini.be\/fr\/le-futur-plan-de-gestion-de-leau\/#breadcrumb"},"inLanguage":"fr-FR","potentialAction":[{"@type":"ReadAction","target":["https:\/\/www.life-belini.be\/fr\/le-futur-plan-de-gestion-de-leau\/"]}]},{"@type":"ImageObject","inLanguage":"fr-FR","@id":"https:\/\/www.life-belini.be\/fr\/le-futur-plan-de-gestion-de-leau\/#primaryimage","url":"https:\/\/www.life-belini.be\/wp-content\/uploads\/65424902_737784336636777_9165712925539696640_o.jpg","contentUrl":"https:\/\/www.life-belini.be\/wp-content\/uploads\/65424902_737784336636777_9165712925539696640_o.jpg","width":2000,"height":1500},{"@type":"BreadcrumbList","@id":"https:\/\/www.life-belini.be\/fr\/le-futur-plan-de-gestion-de-leau\/#breadcrumb","itemListElement":[{"@type":"ListItem","position":1,"name":"Home","item":"https:\/\/www.life-belini.be\/fr\/home-2\/"},{"@type":"ListItem","position":2,"name":"Soir\u00e9e d&#8217;info sur le futur plan de gestion de l&#8217;eau 2022-2027"}]},{"@type":"WebSite","@id":"https:\/\/www.life-belini.be\/nl\/#website","url":"https:\/\/www.life-belini.be\/nl\/","name":"LIFE Belini","description":"Belgian initiative for making a leap forward towards good status in the river basin district of the Scheldt","potentialAction":[{"@type":"SearchAction","target":{"@type":"EntryPoint","urlTemplate":"https:\/\/www.life-belini.be\/nl\/?s={search_term_string}"},"query-input":{"@type":"PropertyValueSpecification","valueRequired":true,"valueName":"search_term_string"}}],"inLanguage":"fr-FR"},{"@type":"Person","@id":"https:\/\/www.life-belini.be\/nl\/#\/schema\/person\/84a9c6d38af471fa4c482917c2aa2b5b","name":"Maureen Nuyts","url":"https:\/\/www.life-belini.be\/fr\/author\/maureen-nuyts\/"}]}},"_links":{"self":[{"href":"https:\/\/www.life-belini.be\/fr\/wp-json\/wp\/v2\/posts\/2329","targetHints":{"allow":["GET"]}}],"collection":[{"href":"https:\/\/www.life-belini.be\/fr\/wp-json\/wp\/v2\/posts"}],"about":[{"href":"https:\/\/www.life-belini.be\/fr\/wp-json\/wp\/v2\/types\/post"}],"author":[{"embeddable":true,"href":"https:\/\/www.life-belini.be\/fr\/wp-json\/wp\/v2\/users\/6"}],"replies":[{"embeddable":true,"href":"https:\/\/www.life-belini.be\/fr\/wp-json\/wp\/v2\/comments?post=2329"}],"version-history":[{"count":0,"href":"https:\/\/www.life-belini.be\/fr\/wp-json\/wp\/v2\/posts\/2329\/revisions"}],"wp:featuredmedia":[{"embeddable":true,"href":"https:\/\/www.life-belini.be\/fr\/wp-json\/wp\/v2\/media\/2316"}],"wp:attachment":[{"href":"https:\/\/www.life-belini.be\/fr\/wp-json\/wp\/v2\/media?parent=2329"}],"wp:term":[{"taxonomy":"category","embeddable":true,"href":"https:\/\/www.life-belini.be\/fr\/wp-json\/wp\/v2\/categories?post=2329"},{"taxonomy":"post_tag","embeddable":true,"href":"https:\/\/www.life-belini.be\/fr\/wp-json\/wp\/v2\/tags?post=2329"}],"curies":[{"name":"wp","href":"https:\/\/api.w.org\/{rel}","templated":true}]}}