{"id":2284,"date":"2019-02-04T13:18:17","date_gmt":"2019-02-04T13:18:17","guid":{"rendered":"https:\/\/www.life-belini.be\/alsembergse-beemd-krijgt-nieuw-park\/"},"modified":"2020-06-30T01:26:32","modified_gmt":"2020-06-30T01:26:32","slug":"alsembergse-beemd-krijgt-nieuw-park","status":"publish","type":"post","link":"https:\/\/www.life-belini.be\/fr\/alsembergse-beemd-krijgt-nieuw-park\/","title":{"rendered":"Un nouveau parc pour l\u2019Alsembergse Beemd"},"content":{"rendered":"<p><strong>Fin janvier 2019, les travaux pr\u00e9paratoires d\u2019un nouveau parc situ\u00e9 dans l\u2019Alsembergse Beemd (Beersel) ont commenc\u00e9. Diff\u00e9rents sentiers et aires de jeux seront am\u00e9nag\u00e9s dans la zone verte o\u00f9 petits et grands pourront se retrouver et se d\u00e9tendre. La r\u00e9tention d\u2019eau a \u00e9galement \u00e9t\u00e9 prise en compte.<\/strong><\/p>\n<p>Dans un premier temps, les buissons seront coup\u00e9s afin de permettre le terrassement du nouveau bassin interm\u00e9diaire, du canal et des \u00e9tangs. Les arbres resteront en place dans la mesure du possible. De nouveaux arbres seront \u00e9galement plant\u00e9s dans d\u2019autres endroits du parc.<\/p>\n<p>Le nouveau canal entre les ruisseaux Molenbeek et\u00a0<img decoding=\"async\" class=\"wp-image-1907 size-medium alignright lazyload\" data-src=\"http:\/\/life-belini.be\/wp-content\/uploads\/2019\/02\/Alsembergse-Beemd-bomenkap-1-300x225.jpg\" data-sizes=\"(max-width: 300px) 100vw, 300px\" data-srcset=\"https:\/\/life-belini.be\/wp-content\/uploads\/2019\/02\/Alsembergse-Beemd-bomenkap-1-300x225.jpg 300w, https:\/\/life-belini.be\/wp-content\/uploads\/2019\/02\/Alsembergse-Beemd-bomenkap-1-450x338.jpg 450w, https:\/\/life-belini.be\/wp-content\/uploads\/2019\/02\/Alsembergse-Beemd-bomenkap-1.jpg 700w\" alt=\"Alsembergse Beemd - voorbereidende werking aanlegging park\" width=\"300\" height=\"225\" src=\"data:image\/svg+xml;base64,PHN2ZyB3aWR0aD0iMSIgaGVpZ2h0PSIxIiB4bWxucz0iaHR0cDovL3d3dy53My5vcmcvMjAwMC9zdmciPjwvc3ZnPg==\" style=\"--smush-placeholder-width: 300px; --smush-placeholder-aspect-ratio: 300\/225;\" \/>Leuzebeek prot\u00e9gera la population de poissons en leur permettant d\u2019\u00e9viter la cascade d\u2019Ensdellemolen. Les \u00e9tangs offriront un lieu de vie pour les amphibiens et les libellules. Le projet Alsembergse Beemd fait partie du projet d\u2019am\u00e9nagement du territoire \u00ab\u00a0Land van Teirlinck\u00a0\u00bb. Ce dernier inclut l\u2019am\u00e9nagement de l\u2019ancien terrain de football et de l\u2019ancien parking Volvo, une piste cyclable s\u00e9curis\u00e9e, des possibilit\u00e9s de d\u00e9tente, ainsi qu\u2019un r\u00e9servoir d\u2019eau am\u00e9nag\u00e9 pour r\u00e9duire les risques d\u2019inondation.<\/p>\n<p>Ce projet est soutenu par LIFE Belini, la commune de Beersel et la province du Brabant flamand.<\/p>\n<h6><em>L\u2019Alsembergse Beemd \u2013 Travaux pr\u00e9paratoires<br \/>\n\u00e0 l\u2019am\u00e9nagement du parc.\u00a0\u00a0\u00a0\u00a0 \u00a0Photo : VLM<\/em><\/h6>\n","protected":false},"excerpt":{"rendered":"<p>Fin janvier 2019, les travaux pr\u00e9paratoires d\u2019un nouveau parc situ\u00e9 dans l\u2019Alsembergse Beemd (Beersel) ont commenc\u00e9. Diff\u00e9rents sentiers et aires de jeux seront am\u00e9nag\u00e9s dans la zone verte o\u00f9 petits et grands pourront se retrouver et se d\u00e9tendre. La r\u00e9tention d\u2019eau a \u00e9galement \u00e9t\u00e9 prise en compte.<\/p>\n","protected":false},"author":6,"featured_media":2285,"comment_status":"closed","ping_status":"closed","sticky":false,"template":"","format":"standard","meta":{"_acf_changed":false,"_exactmetrics_skip_tracking":false,"_exactmetrics_sitenote_active":false,"_exactmetrics_sitenote_note":"","_exactmetrics_sitenote_category":0,"footnotes":""},"categories":[30],"tags":[220,221],"class_list":["post-2284","post","type-post","status-publish","format-standard","has-post-thumbnail","hentry","category-news-fr","tag-alsembergse-beemd-fr","tag-vlm-fr"],"acf":[],"yoast_head":"<!-- This site is optimized with the Yoast SEO plugin v27.4 - https:\/\/yoast.com\/product\/yoast-seo-wordpress\/ -->\n<title>Un nouveau parc pour l\u2019Alsembergse Beemd - LIFE Belini<\/title>\n<meta name=\"robots\" content=\"index, follow, max-snippet:-1, max-image-preview:large, max-video-preview:-1\" \/>\n<link rel=\"canonical\" href=\"https:\/\/www.life-belini.be\/fr\/alsembergse-beemd-krijgt-nieuw-park\/\" \/>\n<meta property=\"og:locale\" content=\"fr_FR\" \/>\n<meta property=\"og:type\" content=\"article\" \/>\n<meta property=\"og:title\" content=\"Un nouveau parc pour l\u2019Alsembergse Beemd - LIFE Belini\" \/>\n<meta property=\"og:description\" content=\"Fin janvier 2019, les travaux pr\u00e9paratoires d\u2019un nouveau parc situ\u00e9 dans l\u2019Alsembergse Beemd (Beersel) ont commenc\u00e9. Diff\u00e9rents sentiers et aires de jeux seront am\u00e9nag\u00e9s dans la zone verte o\u00f9 petits et grands pourront se retrouver et se d\u00e9tendre. La r\u00e9tention d\u2019eau a \u00e9galement \u00e9t\u00e9 prise en compte.\" \/>\n<meta property=\"og:url\" content=\"https:\/\/www.life-belini.be\/fr\/alsembergse-beemd-krijgt-nieuw-park\/\" \/>\n<meta property=\"og:site_name\" content=\"LIFE Belini\" \/>\n<meta property=\"article:published_time\" content=\"2019-02-04T13:18:17+00:00\" \/>\n<meta property=\"article:modified_time\" content=\"2020-06-30T01:26:32+00:00\" \/>\n<meta property=\"og:image\" content=\"https:\/\/www.life-belini.be\/wp-content\/uploads\/2019\/02\/Alsembergse-Beemd-e1603828084499.png\" \/>\n\t<meta property=\"og:image:width\" content=\"1217\" \/>\n\t<meta property=\"og:image:height\" content=\"611\" \/>\n\t<meta property=\"og:image:type\" content=\"image\/png\" \/>\n<meta name=\"author\" content=\"Maureen Nuyts\" \/>\n<meta name=\"twitter:card\" content=\"summary_large_image\" \/>\n<meta name=\"twitter:label1\" content=\"\u00c9crit par\" \/>\n\t<meta name=\"twitter:data1\" content=\"Maureen Nuyts\" \/>\n\t<meta name=\"twitter:label2\" content=\"Dur\u00e9e de lecture estim\u00e9e\" \/>\n\t<meta name=\"twitter:data2\" content=\"1 minute\" \/>\n<script type=\"application\/ld+json\" class=\"yoast-schema-graph\">{\"@context\":\"https:\\\/\\\/schema.org\",\"@graph\":[{\"@type\":\"Article\",\"@id\":\"https:\\\/\\\/www.life-belini.be\\\/fr\\\/alsembergse-beemd-krijgt-nieuw-park\\\/#article\",\"isPartOf\":{\"@id\":\"https:\\\/\\\/www.life-belini.be\\\/fr\\\/alsembergse-beemd-krijgt-nieuw-park\\\/\"},\"author\":{\"name\":\"Maureen Nuyts\",\"@id\":\"https:\\\/\\\/www.life-belini.be\\\/nl\\\/#\\\/schema\\\/person\\\/84a9c6d38af471fa4c482917c2aa2b5b\"},\"headline\":\"Un nouveau parc pour l\u2019Alsembergse Beemd\",\"datePublished\":\"2019-02-04T13:18:17+00:00\",\"dateModified\":\"2020-06-30T01:26:32+00:00\",\"mainEntityOfPage\":{\"@id\":\"https:\\\/\\\/www.life-belini.be\\\/fr\\\/alsembergse-beemd-krijgt-nieuw-park\\\/\"},\"wordCount\":238,\"image\":{\"@id\":\"https:\\\/\\\/www.life-belini.be\\\/fr\\\/alsembergse-beemd-krijgt-nieuw-park\\\/#primaryimage\"},\"thumbnailUrl\":\"https:\\\/\\\/www.life-belini.be\\\/wp-content\\\/uploads\\\/2019\\\/02\\\/Alsembergse-Beemd-e1603828084499.png\",\"keywords\":[\"Alsembergse Beemd\",\"VLM\"],\"articleSection\":[\"news fr\"],\"inLanguage\":\"fr-FR\"},{\"@type\":\"WebPage\",\"@id\":\"https:\\\/\\\/www.life-belini.be\\\/fr\\\/alsembergse-beemd-krijgt-nieuw-park\\\/\",\"url\":\"https:\\\/\\\/www.life-belini.be\\\/fr\\\/alsembergse-beemd-krijgt-nieuw-park\\\/\",\"name\":\"Un nouveau parc pour l\u2019Alsembergse Beemd - LIFE Belini\",\"isPartOf\":{\"@id\":\"https:\\\/\\\/www.life-belini.be\\\/nl\\\/#website\"},\"primaryImageOfPage\":{\"@id\":\"https:\\\/\\\/www.life-belini.be\\\/fr\\\/alsembergse-beemd-krijgt-nieuw-park\\\/#primaryimage\"},\"image\":{\"@id\":\"https:\\\/\\\/www.life-belini.be\\\/fr\\\/alsembergse-beemd-krijgt-nieuw-park\\\/#primaryimage\"},\"thumbnailUrl\":\"https:\\\/\\\/www.life-belini.be\\\/wp-content\\\/uploads\\\/2019\\\/02\\\/Alsembergse-Beemd-e1603828084499.png\",\"datePublished\":\"2019-02-04T13:18:17+00:00\",\"dateModified\":\"2020-06-30T01:26:32+00:00\",\"author\":{\"@id\":\"https:\\\/\\\/www.life-belini.be\\\/nl\\\/#\\\/schema\\\/person\\\/84a9c6d38af471fa4c482917c2aa2b5b\"},\"breadcrumb\":{\"@id\":\"https:\\\/\\\/www.life-belini.be\\\/fr\\\/alsembergse-beemd-krijgt-nieuw-park\\\/#breadcrumb\"},\"inLanguage\":\"fr-FR\",\"potentialAction\":[{\"@type\":\"ReadAction\",\"target\":[\"https:\\\/\\\/www.life-belini.be\\\/fr\\\/alsembergse-beemd-krijgt-nieuw-park\\\/\"]}]},{\"@type\":\"ImageObject\",\"inLanguage\":\"fr-FR\",\"@id\":\"https:\\\/\\\/www.life-belini.be\\\/fr\\\/alsembergse-beemd-krijgt-nieuw-park\\\/#primaryimage\",\"url\":\"https:\\\/\\\/www.life-belini.be\\\/wp-content\\\/uploads\\\/2019\\\/02\\\/Alsembergse-Beemd-e1603828084499.png\",\"contentUrl\":\"https:\\\/\\\/www.life-belini.be\\\/wp-content\\\/uploads\\\/2019\\\/02\\\/Alsembergse-Beemd-e1603828084499.png\",\"width\":1217,\"height\":611},{\"@type\":\"BreadcrumbList\",\"@id\":\"https:\\\/\\\/www.life-belini.be\\\/fr\\\/alsembergse-beemd-krijgt-nieuw-park\\\/#breadcrumb\",\"itemListElement\":[{\"@type\":\"ListItem\",\"position\":1,\"name\":\"Home\",\"item\":\"https:\\\/\\\/www.life-belini.be\\\/fr\\\/home-2\\\/\"},{\"@type\":\"ListItem\",\"position\":2,\"name\":\"Un nouveau parc pour l\u2019Alsembergse Beemd\"}]},{\"@type\":\"WebSite\",\"@id\":\"https:\\\/\\\/www.life-belini.be\\\/nl\\\/#website\",\"url\":\"https:\\\/\\\/www.life-belini.be\\\/nl\\\/\",\"name\":\"LIFE Belini\",\"description\":\"Belgian initiative for making a leap forward towards good status in the river basin district of the Scheldt\",\"potentialAction\":[{\"@type\":\"SearchAction\",\"target\":{\"@type\":\"EntryPoint\",\"urlTemplate\":\"https:\\\/\\\/www.life-belini.be\\\/nl\\\/?s={search_term_string}\"},\"query-input\":{\"@type\":\"PropertyValueSpecification\",\"valueRequired\":true,\"valueName\":\"search_term_string\"}}],\"inLanguage\":\"fr-FR\"},{\"@type\":\"Person\",\"@id\":\"https:\\\/\\\/www.life-belini.be\\\/nl\\\/#\\\/schema\\\/person\\\/84a9c6d38af471fa4c482917c2aa2b5b\",\"name\":\"Maureen Nuyts\",\"url\":\"https:\\\/\\\/www.life-belini.be\\\/fr\\\/author\\\/maureen-nuyts\\\/\"}]}<\/script>\n<!-- \/ Yoast SEO plugin. -->","yoast_head_json":{"title":"Un nouveau parc pour l\u2019Alsembergse Beemd - LIFE Belini","robots":{"index":"index","follow":"follow","max-snippet":"max-snippet:-1","max-image-preview":"max-image-preview:large","max-video-preview":"max-video-preview:-1"},"canonical":"https:\/\/www.life-belini.be\/fr\/alsembergse-beemd-krijgt-nieuw-park\/","og_locale":"fr_FR","og_type":"article","og_title":"Un nouveau parc pour l\u2019Alsembergse Beemd - LIFE Belini","og_description":"Fin janvier 2019, les travaux pr\u00e9paratoires d\u2019un nouveau parc situ\u00e9 dans l\u2019Alsembergse Beemd (Beersel) ont commenc\u00e9. Diff\u00e9rents sentiers et aires de jeux seront am\u00e9nag\u00e9s dans la zone verte o\u00f9 petits et grands pourront se retrouver et se d\u00e9tendre. La r\u00e9tention d\u2019eau a \u00e9galement \u00e9t\u00e9 prise en compte.","og_url":"https:\/\/www.life-belini.be\/fr\/alsembergse-beemd-krijgt-nieuw-park\/","og_site_name":"LIFE Belini","article_published_time":"2019-02-04T13:18:17+00:00","article_modified_time":"2020-06-30T01:26:32+00:00","og_image":[{"width":1217,"height":611,"url":"https:\/\/www.life-belini.be\/wp-content\/uploads\/2019\/02\/Alsembergse-Beemd-e1603828084499.png","type":"image\/png"}],"author":"Maureen Nuyts","twitter_card":"summary_large_image","twitter_misc":{"\u00c9crit par":"Maureen Nuyts","Dur\u00e9e de lecture estim\u00e9e":"1 minute"},"schema":{"@context":"https:\/\/schema.org","@graph":[{"@type":"Article","@id":"https:\/\/www.life-belini.be\/fr\/alsembergse-beemd-krijgt-nieuw-park\/#article","isPartOf":{"@id":"https:\/\/www.life-belini.be\/fr\/alsembergse-beemd-krijgt-nieuw-park\/"},"author":{"name":"Maureen Nuyts","@id":"https:\/\/www.life-belini.be\/nl\/#\/schema\/person\/84a9c6d38af471fa4c482917c2aa2b5b"},"headline":"Un nouveau parc pour l\u2019Alsembergse Beemd","datePublished":"2019-02-04T13:18:17+00:00","dateModified":"2020-06-30T01:26:32+00:00","mainEntityOfPage":{"@id":"https:\/\/www.life-belini.be\/fr\/alsembergse-beemd-krijgt-nieuw-park\/"},"wordCount":238,"image":{"@id":"https:\/\/www.life-belini.be\/fr\/alsembergse-beemd-krijgt-nieuw-park\/#primaryimage"},"thumbnailUrl":"https:\/\/www.life-belini.be\/wp-content\/uploads\/2019\/02\/Alsembergse-Beemd-e1603828084499.png","keywords":["Alsembergse Beemd","VLM"],"articleSection":["news fr"],"inLanguage":"fr-FR"},{"@type":"WebPage","@id":"https:\/\/www.life-belini.be\/fr\/alsembergse-beemd-krijgt-nieuw-park\/","url":"https:\/\/www.life-belini.be\/fr\/alsembergse-beemd-krijgt-nieuw-park\/","name":"Un nouveau parc pour l\u2019Alsembergse Beemd - LIFE Belini","isPartOf":{"@id":"https:\/\/www.life-belini.be\/nl\/#website"},"primaryImageOfPage":{"@id":"https:\/\/www.life-belini.be\/fr\/alsembergse-beemd-krijgt-nieuw-park\/#primaryimage"},"image":{"@id":"https:\/\/www.life-belini.be\/fr\/alsembergse-beemd-krijgt-nieuw-park\/#primaryimage"},"thumbnailUrl":"https:\/\/www.life-belini.be\/wp-content\/uploads\/2019\/02\/Alsembergse-Beemd-e1603828084499.png","datePublished":"2019-02-04T13:18:17+00:00","dateModified":"2020-06-30T01:26:32+00:00","author":{"@id":"https:\/\/www.life-belini.be\/nl\/#\/schema\/person\/84a9c6d38af471fa4c482917c2aa2b5b"},"breadcrumb":{"@id":"https:\/\/www.life-belini.be\/fr\/alsembergse-beemd-krijgt-nieuw-park\/#breadcrumb"},"inLanguage":"fr-FR","potentialAction":[{"@type":"ReadAction","target":["https:\/\/www.life-belini.be\/fr\/alsembergse-beemd-krijgt-nieuw-park\/"]}]},{"@type":"ImageObject","inLanguage":"fr-FR","@id":"https:\/\/www.life-belini.be\/fr\/alsembergse-beemd-krijgt-nieuw-park\/#primaryimage","url":"https:\/\/www.life-belini.be\/wp-content\/uploads\/2019\/02\/Alsembergse-Beemd-e1603828084499.png","contentUrl":"https:\/\/www.life-belini.be\/wp-content\/uploads\/2019\/02\/Alsembergse-Beemd-e1603828084499.png","width":1217,"height":611},{"@type":"BreadcrumbList","@id":"https:\/\/www.life-belini.be\/fr\/alsembergse-beemd-krijgt-nieuw-park\/#breadcrumb","itemListElement":[{"@type":"ListItem","position":1,"name":"Home","item":"https:\/\/www.life-belini.be\/fr\/home-2\/"},{"@type":"ListItem","position":2,"name":"Un nouveau parc pour l\u2019Alsembergse Beemd"}]},{"@type":"WebSite","@id":"https:\/\/www.life-belini.be\/nl\/#website","url":"https:\/\/www.life-belini.be\/nl\/","name":"LIFE Belini","description":"Belgian initiative for making a leap forward towards good status in the river basin district of the Scheldt","potentialAction":[{"@type":"SearchAction","target":{"@type":"EntryPoint","urlTemplate":"https:\/\/www.life-belini.be\/nl\/?s={search_term_string}"},"query-input":{"@type":"PropertyValueSpecification","valueRequired":true,"valueName":"search_term_string"}}],"inLanguage":"fr-FR"},{"@type":"Person","@id":"https:\/\/www.life-belini.be\/nl\/#\/schema\/person\/84a9c6d38af471fa4c482917c2aa2b5b","name":"Maureen Nuyts","url":"https:\/\/www.life-belini.be\/fr\/author\/maureen-nuyts\/"}]}},"_links":{"self":[{"href":"https:\/\/www.life-belini.be\/fr\/wp-json\/wp\/v2\/posts\/2284","targetHints":{"allow":["GET"]}}],"collection":[{"href":"https:\/\/www.life-belini.be\/fr\/wp-json\/wp\/v2\/posts"}],"about":[{"href":"https:\/\/www.life-belini.be\/fr\/wp-json\/wp\/v2\/types\/post"}],"author":[{"embeddable":true,"href":"https:\/\/www.life-belini.be\/fr\/wp-json\/wp\/v2\/users\/6"}],"replies":[{"embeddable":true,"href":"https:\/\/www.life-belini.be\/fr\/wp-json\/wp\/v2\/comments?post=2284"}],"version-history":[{"count":0,"href":"https:\/\/www.life-belini.be\/fr\/wp-json\/wp\/v2\/posts\/2284\/revisions"}],"wp:featuredmedia":[{"embeddable":true,"href":"https:\/\/www.life-belini.be\/fr\/wp-json\/wp\/v2\/media\/2285"}],"wp:attachment":[{"href":"https:\/\/www.life-belini.be\/fr\/wp-json\/wp\/v2\/media?parent=2284"}],"wp:term":[{"taxonomy":"category","embeddable":true,"href":"https:\/\/www.life-belini.be\/fr\/wp-json\/wp\/v2\/categories?post=2284"},{"taxonomy":"post_tag","embeddable":true,"href":"https:\/\/www.life-belini.be\/fr\/wp-json\/wp\/v2\/tags?post=2284"}],"curies":[{"name":"wp","href":"https:\/\/api.w.org\/{rel}","templated":true}]}}