{"id":2280,"date":"2019-02-26T07:53:20","date_gmt":"2019-02-26T07:53:20","guid":{"rendered":"https:\/\/www.life-belini.be\/landinrichtingsplan-ijsevallei-goedgekeurd\/"},"modified":"2020-06-30T01:25:28","modified_gmt":"2020-06-30T01:25:28","slug":"approbation-du-plan-damenagement-du-territoire-de-la-vallee-de-lijse","status":"publish","type":"post","link":"https:\/\/www.life-belini.be\/fr\/approbation-du-plan-damenagement-du-territoire-de-la-vallee-de-lijse\/","title":{"rendered":"Approbation du plan d\u2019am\u00e9nagement du territoire de la vall\u00e9e de l\u2019IJse"},"content":{"rendered":"<p><strong>Le gouvernement flamand a approuv\u00e9 le plan d\u2019am\u00e9nagement du territoire de la vall\u00e9e de l\u2019Ijse le 22 f\u00e9vrier. Ainsi, la Vlaamse Landmaatschappij (VLM, soci\u00e9t\u00e9 flamande en charge de la gestion des espaces ruraux), la Vlaamse Milieumaatschappij (VMM, soci\u00e9t\u00e9 flamande de l\u2019environnement), l\u2019Agentschap Natuur en Bos (ANB, soci\u00e9t\u00e9 flamande de protection de la nature et des for\u00eats), het Regionaal Landschap (soci\u00e9t\u00e9 flamande de protection des paysages r\u00e9gionaux) et les administrations locales ont pu commencer les travaux relatifs \u00e0 une meilleure jonction naturelle entre le bois de Meerdael et la for\u00eat de Soignes. Le plan est aussi subventionn\u00e9 par le projet europ\u00e9en LIFE Belini.<\/strong><\/p>\n<p><img decoding=\"async\" class=\"wp-image-1920 size-medium alignright lazyload\" data-src=\"http:\/\/life-belini.be\/wp-content\/uploads\/2019\/03\/VLM-IJsevallei-landinrichtingsplan-300x150.jpg\" data-sizes=\"(max-width: 300px) 100vw, 300px\" data-srcset=\"https:\/\/life-belini.be\/wp-content\/uploads\/2019\/03\/VLM-IJsevallei-landinrichtingsplan-300x150.jpg 300w, https:\/\/life-belini.be\/wp-content\/uploads\/2019\/03\/VLM-IJsevallei-landinrichtingsplan-768x384.jpg 768w, https:\/\/life-belini.be\/wp-content\/uploads\/2019\/03\/VLM-IJsevallei-landinrichtingsplan-1030x515.jpg 1030w, https:\/\/life-belini.be\/wp-content\/uploads\/2019\/03\/VLM-IJsevallei-landinrichtingsplan-705x353.jpg 705w, https:\/\/life-belini.be\/wp-content\/uploads\/2019\/03\/VLM-IJsevallei-landinrichtingsplan-450x225.jpg 450w, https:\/\/life-belini.be\/wp-content\/uploads\/2019\/03\/VLM-IJsevallei-landinrichtingsplan.jpg 1108w\" alt=\"\" width=\"300\" height=\"150\" src=\"data:image\/svg+xml;base64,PHN2ZyB3aWR0aD0iMSIgaGVpZ2h0PSIxIiB4bWxucz0iaHR0cDovL3d3dy53My5vcmcvMjAwMC9zdmciPjwvc3ZnPg==\" style=\"--smush-placeholder-width: 300px; --smush-placeholder-aspect-ratio: 300\/150;\" \/><\/p>\n<p>L\u2019IJse traverse la p\u00e9riph\u00e9rie flamande de Bruxelles, d\u00e9j\u00e0 fortement sous pression. Il s\u2019agit d\u2019un affluent de la Dyle qui prend sa source \u00e0 Hoeilaart dans la for\u00eat de Soignes et poursuit son cours via Overijse. Ce plan contribuera au d\u00e9veloppement qualitatif de la vall\u00e9e de l\u2019Ijse et \u00e0 l\u2019ouverture de l\u2019espace en p\u00e9riph\u00e9rie bruxelloise. Divis\u00e9s en neuf domaines d\u2019action, les travaux profiteront aux agriculteurs, aux r\u00e9sidents et aux visiteurs locaux dans les ann\u00e9es \u00e0 venir. Et gr\u00e2ce aux mesures de protection de l\u2019environnement, la qualit\u00e9 de l\u2019air et de l\u2019eau s\u2019am\u00e9liorera \u00e9galement.<\/p>\n<p>Le ministre de l\u2019Environnement, Koen Van den Heuvel\u00a0:<em>\u00a0\u00ab L\u2019espace ouvert en p\u00e9riph\u00e9rie bruxelloise est une denr\u00e9e rare. Nous sommes donc toujours \u00e0 la recherche d\u2019opportunit\u00e9s d\u2019am\u00e9nagement qualitatif de l\u2019espace. Dans le cadre du plan d\u2019am\u00e9nagement du territoire de la vall\u00e9e de l\u2019Ijse, la Flandre a investi plus de 3 millions d\u2019euros dans des espaces verts accessibles \u00e0 tous. Nous sommes \u00e9galement attentifs \u00e0 la poursuite du d\u00e9veloppement durable des activit\u00e9s agricoles existantes. \u00bb<\/em><\/p>\n","protected":false},"excerpt":{"rendered":"<p>Le gouvernement flamand a approuv\u00e9 le plan d\u2019am\u00e9nagement du territoire de la vall\u00e9e de l\u2019Ijse le 22 f\u00e9vrier. <\/p>\n","protected":false},"author":6,"featured_media":2281,"comment_status":"closed","ping_status":"closed","sticky":false,"template":"","format":"standard","meta":{"_acf_changed":false,"_exactmetrics_skip_tracking":false,"_exactmetrics_sitenote_active":false,"_exactmetrics_sitenote_note":"","_exactmetrics_sitenote_category":0,"footnotes":""},"categories":[30,28],"tags":[],"class_list":["post-2280","post","type-post","status-publish","format-standard","has-post-thumbnail","hentry","category-news-fr","category-non-classifiee"],"acf":[],"yoast_head":"<!-- This site is optimized with the Yoast SEO plugin v27.4 - https:\/\/yoast.com\/product\/yoast-seo-wordpress\/ -->\n<title>Approbation du plan d\u2019am\u00e9nagement du territoire de la vall\u00e9e de l\u2019IJse - LIFE Belini<\/title>\n<meta name=\"robots\" content=\"index, follow, max-snippet:-1, max-image-preview:large, max-video-preview:-1\" \/>\n<link rel=\"canonical\" href=\"https:\/\/www.life-belini.be\/fr\/approbation-du-plan-damenagement-du-territoire-de-la-vallee-de-lijse\/\" \/>\n<meta property=\"og:locale\" content=\"fr_FR\" \/>\n<meta property=\"og:type\" content=\"article\" \/>\n<meta property=\"og:title\" content=\"Approbation du plan d\u2019am\u00e9nagement du territoire de la vall\u00e9e de l\u2019IJse - LIFE Belini\" \/>\n<meta property=\"og:description\" content=\"Le gouvernement flamand a approuv\u00e9 le plan d\u2019am\u00e9nagement du territoire de la vall\u00e9e de l\u2019Ijse le 22 f\u00e9vrier.\" \/>\n<meta property=\"og:url\" content=\"https:\/\/www.life-belini.be\/fr\/approbation-du-plan-damenagement-du-territoire-de-la-vallee-de-lijse\/\" \/>\n<meta property=\"og:site_name\" content=\"LIFE Belini\" \/>\n<meta property=\"article:published_time\" content=\"2019-02-26T07:53:20+00:00\" \/>\n<meta property=\"article:modified_time\" content=\"2020-06-30T01:25:28+00:00\" \/>\n<meta property=\"og:image\" content=\"https:\/\/www.life-belini.be\/wp-content\/uploads\/VLM-IJsevallei-landinrichtingsplan.jpg\" \/>\n\t<meta property=\"og:image:width\" content=\"1108\" \/>\n\t<meta property=\"og:image:height\" content=\"554\" \/>\n\t<meta property=\"og:image:type\" content=\"image\/jpeg\" \/>\n<meta name=\"author\" content=\"Maureen Nuyts\" \/>\n<meta name=\"twitter:card\" content=\"summary_large_image\" \/>\n<meta name=\"twitter:label1\" content=\"\u00c9crit par\" \/>\n\t<meta name=\"twitter:data1\" content=\"Maureen Nuyts\" \/>\n\t<meta name=\"twitter:label2\" content=\"Dur\u00e9e de lecture estim\u00e9e\" \/>\n\t<meta name=\"twitter:data2\" content=\"2 minutes\" \/>\n<script type=\"application\/ld+json\" class=\"yoast-schema-graph\">{\"@context\":\"https:\\\/\\\/schema.org\",\"@graph\":[{\"@type\":\"Article\",\"@id\":\"https:\\\/\\\/www.life-belini.be\\\/fr\\\/approbation-du-plan-damenagement-du-territoire-de-la-vallee-de-lijse\\\/#article\",\"isPartOf\":{\"@id\":\"https:\\\/\\\/www.life-belini.be\\\/fr\\\/approbation-du-plan-damenagement-du-territoire-de-la-vallee-de-lijse\\\/\"},\"author\":{\"name\":\"Maureen Nuyts\",\"@id\":\"https:\\\/\\\/www.life-belini.be\\\/nl\\\/#\\\/schema\\\/person\\\/84a9c6d38af471fa4c482917c2aa2b5b\"},\"headline\":\"Approbation du plan d\u2019am\u00e9nagement du territoire de la vall\u00e9e de l\u2019IJse\",\"datePublished\":\"2019-02-26T07:53:20+00:00\",\"dateModified\":\"2020-06-30T01:25:28+00:00\",\"mainEntityOfPage\":{\"@id\":\"https:\\\/\\\/www.life-belini.be\\\/fr\\\/approbation-du-plan-damenagement-du-territoire-de-la-vallee-de-lijse\\\/\"},\"wordCount\":328,\"image\":{\"@id\":\"https:\\\/\\\/www.life-belini.be\\\/fr\\\/approbation-du-plan-damenagement-du-territoire-de-la-vallee-de-lijse\\\/#primaryimage\"},\"thumbnailUrl\":\"https:\\\/\\\/www.life-belini.be\\\/wp-content\\\/uploads\\\/VLM-IJsevallei-landinrichtingsplan.jpg\",\"articleSection\":[\"news fr\",\"Non classifi\u00e9(e)\"],\"inLanguage\":\"fr-FR\"},{\"@type\":\"WebPage\",\"@id\":\"https:\\\/\\\/www.life-belini.be\\\/fr\\\/approbation-du-plan-damenagement-du-territoire-de-la-vallee-de-lijse\\\/\",\"url\":\"https:\\\/\\\/www.life-belini.be\\\/fr\\\/approbation-du-plan-damenagement-du-territoire-de-la-vallee-de-lijse\\\/\",\"name\":\"Approbation du plan d\u2019am\u00e9nagement du territoire de la vall\u00e9e de l\u2019IJse - LIFE Belini\",\"isPartOf\":{\"@id\":\"https:\\\/\\\/www.life-belini.be\\\/nl\\\/#website\"},\"primaryImageOfPage\":{\"@id\":\"https:\\\/\\\/www.life-belini.be\\\/fr\\\/approbation-du-plan-damenagement-du-territoire-de-la-vallee-de-lijse\\\/#primaryimage\"},\"image\":{\"@id\":\"https:\\\/\\\/www.life-belini.be\\\/fr\\\/approbation-du-plan-damenagement-du-territoire-de-la-vallee-de-lijse\\\/#primaryimage\"},\"thumbnailUrl\":\"https:\\\/\\\/www.life-belini.be\\\/wp-content\\\/uploads\\\/VLM-IJsevallei-landinrichtingsplan.jpg\",\"datePublished\":\"2019-02-26T07:53:20+00:00\",\"dateModified\":\"2020-06-30T01:25:28+00:00\",\"author\":{\"@id\":\"https:\\\/\\\/www.life-belini.be\\\/nl\\\/#\\\/schema\\\/person\\\/84a9c6d38af471fa4c482917c2aa2b5b\"},\"breadcrumb\":{\"@id\":\"https:\\\/\\\/www.life-belini.be\\\/fr\\\/approbation-du-plan-damenagement-du-territoire-de-la-vallee-de-lijse\\\/#breadcrumb\"},\"inLanguage\":\"fr-FR\",\"potentialAction\":[{\"@type\":\"ReadAction\",\"target\":[\"https:\\\/\\\/www.life-belini.be\\\/fr\\\/approbation-du-plan-damenagement-du-territoire-de-la-vallee-de-lijse\\\/\"]}]},{\"@type\":\"ImageObject\",\"inLanguage\":\"fr-FR\",\"@id\":\"https:\\\/\\\/www.life-belini.be\\\/fr\\\/approbation-du-plan-damenagement-du-territoire-de-la-vallee-de-lijse\\\/#primaryimage\",\"url\":\"https:\\\/\\\/www.life-belini.be\\\/wp-content\\\/uploads\\\/VLM-IJsevallei-landinrichtingsplan.jpg\",\"contentUrl\":\"https:\\\/\\\/www.life-belini.be\\\/wp-content\\\/uploads\\\/VLM-IJsevallei-landinrichtingsplan.jpg\",\"width\":1108,\"height\":554},{\"@type\":\"BreadcrumbList\",\"@id\":\"https:\\\/\\\/www.life-belini.be\\\/fr\\\/approbation-du-plan-damenagement-du-territoire-de-la-vallee-de-lijse\\\/#breadcrumb\",\"itemListElement\":[{\"@type\":\"ListItem\",\"position\":1,\"name\":\"Home\",\"item\":\"https:\\\/\\\/www.life-belini.be\\\/fr\\\/home-2\\\/\"},{\"@type\":\"ListItem\",\"position\":2,\"name\":\"Approbation du plan d\u2019am\u00e9nagement du territoire de la vall\u00e9e de l\u2019IJse\"}]},{\"@type\":\"WebSite\",\"@id\":\"https:\\\/\\\/www.life-belini.be\\\/nl\\\/#website\",\"url\":\"https:\\\/\\\/www.life-belini.be\\\/nl\\\/\",\"name\":\"LIFE Belini\",\"description\":\"Belgian initiative for making a leap forward towards good status in the river basin district of the Scheldt\",\"potentialAction\":[{\"@type\":\"SearchAction\",\"target\":{\"@type\":\"EntryPoint\",\"urlTemplate\":\"https:\\\/\\\/www.life-belini.be\\\/nl\\\/?s={search_term_string}\"},\"query-input\":{\"@type\":\"PropertyValueSpecification\",\"valueRequired\":true,\"valueName\":\"search_term_string\"}}],\"inLanguage\":\"fr-FR\"},{\"@type\":\"Person\",\"@id\":\"https:\\\/\\\/www.life-belini.be\\\/nl\\\/#\\\/schema\\\/person\\\/84a9c6d38af471fa4c482917c2aa2b5b\",\"name\":\"Maureen Nuyts\",\"url\":\"https:\\\/\\\/www.life-belini.be\\\/fr\\\/author\\\/maureen-nuyts\\\/\"}]}<\/script>\n<!-- \/ Yoast SEO plugin. -->","yoast_head_json":{"title":"Approbation du plan d\u2019am\u00e9nagement du territoire de la vall\u00e9e de l\u2019IJse - LIFE Belini","robots":{"index":"index","follow":"follow","max-snippet":"max-snippet:-1","max-image-preview":"max-image-preview:large","max-video-preview":"max-video-preview:-1"},"canonical":"https:\/\/www.life-belini.be\/fr\/approbation-du-plan-damenagement-du-territoire-de-la-vallee-de-lijse\/","og_locale":"fr_FR","og_type":"article","og_title":"Approbation du plan d\u2019am\u00e9nagement du territoire de la vall\u00e9e de l\u2019IJse - LIFE Belini","og_description":"Le gouvernement flamand a approuv\u00e9 le plan d\u2019am\u00e9nagement du territoire de la vall\u00e9e de l\u2019Ijse le 22 f\u00e9vrier.","og_url":"https:\/\/www.life-belini.be\/fr\/approbation-du-plan-damenagement-du-territoire-de-la-vallee-de-lijse\/","og_site_name":"LIFE Belini","article_published_time":"2019-02-26T07:53:20+00:00","article_modified_time":"2020-06-30T01:25:28+00:00","og_image":[{"width":1108,"height":554,"url":"https:\/\/www.life-belini.be\/wp-content\/uploads\/VLM-IJsevallei-landinrichtingsplan.jpg","type":"image\/jpeg"}],"author":"Maureen Nuyts","twitter_card":"summary_large_image","twitter_misc":{"\u00c9crit par":"Maureen Nuyts","Dur\u00e9e de lecture estim\u00e9e":"2 minutes"},"schema":{"@context":"https:\/\/schema.org","@graph":[{"@type":"Article","@id":"https:\/\/www.life-belini.be\/fr\/approbation-du-plan-damenagement-du-territoire-de-la-vallee-de-lijse\/#article","isPartOf":{"@id":"https:\/\/www.life-belini.be\/fr\/approbation-du-plan-damenagement-du-territoire-de-la-vallee-de-lijse\/"},"author":{"name":"Maureen Nuyts","@id":"https:\/\/www.life-belini.be\/nl\/#\/schema\/person\/84a9c6d38af471fa4c482917c2aa2b5b"},"headline":"Approbation du plan d\u2019am\u00e9nagement du territoire de la vall\u00e9e de l\u2019IJse","datePublished":"2019-02-26T07:53:20+00:00","dateModified":"2020-06-30T01:25:28+00:00","mainEntityOfPage":{"@id":"https:\/\/www.life-belini.be\/fr\/approbation-du-plan-damenagement-du-territoire-de-la-vallee-de-lijse\/"},"wordCount":328,"image":{"@id":"https:\/\/www.life-belini.be\/fr\/approbation-du-plan-damenagement-du-territoire-de-la-vallee-de-lijse\/#primaryimage"},"thumbnailUrl":"https:\/\/www.life-belini.be\/wp-content\/uploads\/VLM-IJsevallei-landinrichtingsplan.jpg","articleSection":["news fr","Non classifi\u00e9(e)"],"inLanguage":"fr-FR"},{"@type":"WebPage","@id":"https:\/\/www.life-belini.be\/fr\/approbation-du-plan-damenagement-du-territoire-de-la-vallee-de-lijse\/","url":"https:\/\/www.life-belini.be\/fr\/approbation-du-plan-damenagement-du-territoire-de-la-vallee-de-lijse\/","name":"Approbation du plan d\u2019am\u00e9nagement du territoire de la vall\u00e9e de l\u2019IJse - LIFE Belini","isPartOf":{"@id":"https:\/\/www.life-belini.be\/nl\/#website"},"primaryImageOfPage":{"@id":"https:\/\/www.life-belini.be\/fr\/approbation-du-plan-damenagement-du-territoire-de-la-vallee-de-lijse\/#primaryimage"},"image":{"@id":"https:\/\/www.life-belini.be\/fr\/approbation-du-plan-damenagement-du-territoire-de-la-vallee-de-lijse\/#primaryimage"},"thumbnailUrl":"https:\/\/www.life-belini.be\/wp-content\/uploads\/VLM-IJsevallei-landinrichtingsplan.jpg","datePublished":"2019-02-26T07:53:20+00:00","dateModified":"2020-06-30T01:25:28+00:00","author":{"@id":"https:\/\/www.life-belini.be\/nl\/#\/schema\/person\/84a9c6d38af471fa4c482917c2aa2b5b"},"breadcrumb":{"@id":"https:\/\/www.life-belini.be\/fr\/approbation-du-plan-damenagement-du-territoire-de-la-vallee-de-lijse\/#breadcrumb"},"inLanguage":"fr-FR","potentialAction":[{"@type":"ReadAction","target":["https:\/\/www.life-belini.be\/fr\/approbation-du-plan-damenagement-du-territoire-de-la-vallee-de-lijse\/"]}]},{"@type":"ImageObject","inLanguage":"fr-FR","@id":"https:\/\/www.life-belini.be\/fr\/approbation-du-plan-damenagement-du-territoire-de-la-vallee-de-lijse\/#primaryimage","url":"https:\/\/www.life-belini.be\/wp-content\/uploads\/VLM-IJsevallei-landinrichtingsplan.jpg","contentUrl":"https:\/\/www.life-belini.be\/wp-content\/uploads\/VLM-IJsevallei-landinrichtingsplan.jpg","width":1108,"height":554},{"@type":"BreadcrumbList","@id":"https:\/\/www.life-belini.be\/fr\/approbation-du-plan-damenagement-du-territoire-de-la-vallee-de-lijse\/#breadcrumb","itemListElement":[{"@type":"ListItem","position":1,"name":"Home","item":"https:\/\/www.life-belini.be\/fr\/home-2\/"},{"@type":"ListItem","position":2,"name":"Approbation du plan d\u2019am\u00e9nagement du territoire de la vall\u00e9e de l\u2019IJse"}]},{"@type":"WebSite","@id":"https:\/\/www.life-belini.be\/nl\/#website","url":"https:\/\/www.life-belini.be\/nl\/","name":"LIFE Belini","description":"Belgian initiative for making a leap forward towards good status in the river basin district of the Scheldt","potentialAction":[{"@type":"SearchAction","target":{"@type":"EntryPoint","urlTemplate":"https:\/\/www.life-belini.be\/nl\/?s={search_term_string}"},"query-input":{"@type":"PropertyValueSpecification","valueRequired":true,"valueName":"search_term_string"}}],"inLanguage":"fr-FR"},{"@type":"Person","@id":"https:\/\/www.life-belini.be\/nl\/#\/schema\/person\/84a9c6d38af471fa4c482917c2aa2b5b","name":"Maureen Nuyts","url":"https:\/\/www.life-belini.be\/fr\/author\/maureen-nuyts\/"}]}},"_links":{"self":[{"href":"https:\/\/www.life-belini.be\/fr\/wp-json\/wp\/v2\/posts\/2280","targetHints":{"allow":["GET"]}}],"collection":[{"href":"https:\/\/www.life-belini.be\/fr\/wp-json\/wp\/v2\/posts"}],"about":[{"href":"https:\/\/www.life-belini.be\/fr\/wp-json\/wp\/v2\/types\/post"}],"author":[{"embeddable":true,"href":"https:\/\/www.life-belini.be\/fr\/wp-json\/wp\/v2\/users\/6"}],"replies":[{"embeddable":true,"href":"https:\/\/www.life-belini.be\/fr\/wp-json\/wp\/v2\/comments?post=2280"}],"version-history":[{"count":0,"href":"https:\/\/www.life-belini.be\/fr\/wp-json\/wp\/v2\/posts\/2280\/revisions"}],"wp:featuredmedia":[{"embeddable":true,"href":"https:\/\/www.life-belini.be\/fr\/wp-json\/wp\/v2\/media\/2281"}],"wp:attachment":[{"href":"https:\/\/www.life-belini.be\/fr\/wp-json\/wp\/v2\/media?parent=2280"}],"wp:term":[{"taxonomy":"category","embeddable":true,"href":"https:\/\/www.life-belini.be\/fr\/wp-json\/wp\/v2\/categories?post=2280"},{"taxonomy":"post_tag","embeddable":true,"href":"https:\/\/www.life-belini.be\/fr\/wp-json\/wp\/v2\/tags?post=2280"}],"curies":[{"name":"wp","href":"https:\/\/api.w.org\/{rel}","templated":true}]}}