{"id":2274,"date":"2019-03-20T13:55:36","date_gmt":"2019-03-20T13:55:36","guid":{"rendered":"https:\/\/www.life-belini.be\/demer-wordt-langer-met-hulp-van-belini\/"},"modified":"2020-06-30T01:18:44","modified_gmt":"2020-06-30T01:18:44","slug":"le-demer-sallonge-avec-laide-de-belini","status":"publish","type":"post","link":"https:\/\/www.life-belini.be\/fr\/le-demer-sallonge-avec-laide-de-belini\/","title":{"rendered":"Le D\u00e9mer s\u2019allonge avec l\u2019aide de Belini"},"content":{"rendered":"<p><strong>Dans les ann\u00e9es \u00e0 venir, le D\u00e9mer entre Diest et Rotselaar s\u2019allongera de 15 kilom\u00e8tres et deviendra l\u2019\u00e9g\u00e9rie du Hageland.<\/strong><\/p>\n<p>Cela sera effectu\u00e9 en reliant un certain n<a class=\"alignright\" href=\"https:\/\/www.robtv.be\/nieuws\/de-demer-wordt-tussen-diest-en-rotselaar-15-kilometer-langer-75327?fbclid=IwAR1W5D8y5sbB0zQTClBHw4kHUDjpBHEGslO9ZMnqqYcXSt3DxDoUllRGd0o\" target=\"_blank\" rel=\"noopener noreferrer\"><img decoding=\"async\" class=\"alignright size-medium wp-image-1976 lazyload\" data-src=\"https:\/\/www.life-belini.be\/wp-content\/uploads\/2019\/03\/20180320_screenshot_robtv-300x157.png\" data-sizes=\"(max-width: 300px) 100vw, 300px\" data-srcset=\"https:\/\/www.life-belini.be\/wp-content\/uploads\/2019\/03\/20180320_screenshot_robtv-300x157.png 300w, https:\/\/www.life-belini.be\/wp-content\/uploads\/2019\/03\/20180320_screenshot_robtv-450x235.png 450w, https:\/\/www.life-belini.be\/wp-content\/uploads\/2019\/03\/20180320_screenshot_robtv.png 673w\" alt=\"\" width=\"300\" height=\"157\" src=\"data:image\/svg+xml;base64,PHN2ZyB3aWR0aD0iMSIgaGVpZ2h0PSIxIiB4bWxucz0iaHR0cDovL3d3dy53My5vcmcvMjAwMC9zdmciPjwvc3ZnPg==\" style=\"--smush-placeholder-width: 300px; --smush-placeholder-aspect-ratio: 300\/157;\" \/><\/a>ombre de bras morts (m\u00e9andres) au D\u00e9mer. Ces plans ont \u00e9t\u00e9 expliqu\u00e9s (le mardi 19 mars) lors d\u2019une r\u00e9union \u00e0 Zichem, \u00e0 laquelle assistait notamment le ministre de l\u2019Environnement, de la Nature et de l\u2019Agriculture, Koen Van den Heuvel. Depuis lors, un premier m\u00e9andre a \u00e9t\u00e9 connect\u00e9 dans le cadre du projet Belini.<\/p>\n","protected":false},"excerpt":{"rendered":"<p>Dans les ann\u00e9es \u00e0 venir, le D\u00e9mer entre Diest et Rotselaar s\u2019allongera de 15 kilom\u00e8tres et deviendra l\u2019\u00e9g\u00e9rie du Hageland.<\/p>\n","protected":false},"author":6,"featured_media":2275,"comment_status":"closed","ping_status":"closed","sticky":false,"template":"","format":"standard","meta":{"_acf_changed":false,"_exactmetrics_skip_tracking":false,"_exactmetrics_sitenote_active":false,"_exactmetrics_sitenote_note":"","_exactmetrics_sitenote_category":0,"footnotes":""},"categories":[30],"tags":[],"class_list":["post-2274","post","type-post","status-publish","format-standard","has-post-thumbnail","hentry","category-news-fr"],"acf":[],"yoast_head":"<!-- This site is optimized with the Yoast SEO plugin v27.4 - https:\/\/yoast.com\/product\/yoast-seo-wordpress\/ -->\n<title>Le D\u00e9mer s\u2019allonge avec l\u2019aide de Belini - LIFE Belini<\/title>\n<meta name=\"robots\" content=\"index, follow, max-snippet:-1, max-image-preview:large, max-video-preview:-1\" \/>\n<link rel=\"canonical\" href=\"https:\/\/www.life-belini.be\/fr\/le-demer-sallonge-avec-laide-de-belini\/\" \/>\n<meta property=\"og:locale\" content=\"fr_FR\" \/>\n<meta property=\"og:type\" content=\"article\" \/>\n<meta property=\"og:title\" content=\"Le D\u00e9mer s\u2019allonge avec l\u2019aide de Belini - LIFE Belini\" \/>\n<meta property=\"og:description\" content=\"Dans les ann\u00e9es \u00e0 venir, le D\u00e9mer entre Diest et Rotselaar s\u2019allongera de 15 kilom\u00e8tres et deviendra l\u2019\u00e9g\u00e9rie du Hageland.\" \/>\n<meta property=\"og:url\" content=\"https:\/\/www.life-belini.be\/fr\/le-demer-sallonge-avec-laide-de-belini\/\" \/>\n<meta property=\"og:site_name\" content=\"LIFE Belini\" \/>\n<meta property=\"article:published_time\" content=\"2019-03-20T13:55:36+00:00\" \/>\n<meta property=\"article:modified_time\" content=\"2020-06-30T01:18:44+00:00\" \/>\n<meta property=\"og:image\" content=\"https:\/\/www.life-belini.be\/wp-content\/uploads\/20180320_screenshot_robtv.png\" \/>\n\t<meta property=\"og:image:width\" content=\"673\" \/>\n\t<meta property=\"og:image:height\" content=\"352\" \/>\n\t<meta property=\"og:image:type\" content=\"image\/png\" \/>\n<meta name=\"author\" content=\"Maureen Nuyts\" \/>\n<meta name=\"twitter:card\" content=\"summary_large_image\" \/>\n<meta name=\"twitter:label1\" content=\"\u00c9crit par\" \/>\n\t<meta name=\"twitter:data1\" content=\"Maureen Nuyts\" \/>\n<script type=\"application\/ld+json\" class=\"yoast-schema-graph\">{\"@context\":\"https:\\\/\\\/schema.org\",\"@graph\":[{\"@type\":\"Article\",\"@id\":\"https:\\\/\\\/www.life-belini.be\\\/fr\\\/le-demer-sallonge-avec-laide-de-belini\\\/#article\",\"isPartOf\":{\"@id\":\"https:\\\/\\\/www.life-belini.be\\\/fr\\\/le-demer-sallonge-avec-laide-de-belini\\\/\"},\"author\":{\"name\":\"Maureen Nuyts\",\"@id\":\"https:\\\/\\\/www.life-belini.be\\\/nl\\\/#\\\/schema\\\/person\\\/84a9c6d38af471fa4c482917c2aa2b5b\"},\"headline\":\"Le D\u00e9mer s\u2019allonge avec l\u2019aide de Belini\",\"datePublished\":\"2019-03-20T13:55:36+00:00\",\"dateModified\":\"2020-06-30T01:18:44+00:00\",\"mainEntityOfPage\":{\"@id\":\"https:\\\/\\\/www.life-belini.be\\\/fr\\\/le-demer-sallonge-avec-laide-de-belini\\\/\"},\"wordCount\":100,\"image\":{\"@id\":\"https:\\\/\\\/www.life-belini.be\\\/fr\\\/le-demer-sallonge-avec-laide-de-belini\\\/#primaryimage\"},\"thumbnailUrl\":\"https:\\\/\\\/www.life-belini.be\\\/wp-content\\\/uploads\\\/20180320_screenshot_robtv.png\",\"articleSection\":[\"news fr\"],\"inLanguage\":\"fr-FR\"},{\"@type\":\"WebPage\",\"@id\":\"https:\\\/\\\/www.life-belini.be\\\/fr\\\/le-demer-sallonge-avec-laide-de-belini\\\/\",\"url\":\"https:\\\/\\\/www.life-belini.be\\\/fr\\\/le-demer-sallonge-avec-laide-de-belini\\\/\",\"name\":\"Le D\u00e9mer s\u2019allonge avec l\u2019aide de Belini - LIFE Belini\",\"isPartOf\":{\"@id\":\"https:\\\/\\\/www.life-belini.be\\\/nl\\\/#website\"},\"primaryImageOfPage\":{\"@id\":\"https:\\\/\\\/www.life-belini.be\\\/fr\\\/le-demer-sallonge-avec-laide-de-belini\\\/#primaryimage\"},\"image\":{\"@id\":\"https:\\\/\\\/www.life-belini.be\\\/fr\\\/le-demer-sallonge-avec-laide-de-belini\\\/#primaryimage\"},\"thumbnailUrl\":\"https:\\\/\\\/www.life-belini.be\\\/wp-content\\\/uploads\\\/20180320_screenshot_robtv.png\",\"datePublished\":\"2019-03-20T13:55:36+00:00\",\"dateModified\":\"2020-06-30T01:18:44+00:00\",\"author\":{\"@id\":\"https:\\\/\\\/www.life-belini.be\\\/nl\\\/#\\\/schema\\\/person\\\/84a9c6d38af471fa4c482917c2aa2b5b\"},\"breadcrumb\":{\"@id\":\"https:\\\/\\\/www.life-belini.be\\\/fr\\\/le-demer-sallonge-avec-laide-de-belini\\\/#breadcrumb\"},\"inLanguage\":\"fr-FR\",\"potentialAction\":[{\"@type\":\"ReadAction\",\"target\":[\"https:\\\/\\\/www.life-belini.be\\\/fr\\\/le-demer-sallonge-avec-laide-de-belini\\\/\"]}]},{\"@type\":\"ImageObject\",\"inLanguage\":\"fr-FR\",\"@id\":\"https:\\\/\\\/www.life-belini.be\\\/fr\\\/le-demer-sallonge-avec-laide-de-belini\\\/#primaryimage\",\"url\":\"https:\\\/\\\/www.life-belini.be\\\/wp-content\\\/uploads\\\/20180320_screenshot_robtv.png\",\"contentUrl\":\"https:\\\/\\\/www.life-belini.be\\\/wp-content\\\/uploads\\\/20180320_screenshot_robtv.png\",\"width\":673,\"height\":352},{\"@type\":\"BreadcrumbList\",\"@id\":\"https:\\\/\\\/www.life-belini.be\\\/fr\\\/le-demer-sallonge-avec-laide-de-belini\\\/#breadcrumb\",\"itemListElement\":[{\"@type\":\"ListItem\",\"position\":1,\"name\":\"Home\",\"item\":\"https:\\\/\\\/www.life-belini.be\\\/fr\\\/home-2\\\/\"},{\"@type\":\"ListItem\",\"position\":2,\"name\":\"Le D\u00e9mer s\u2019allonge avec l\u2019aide de Belini\"}]},{\"@type\":\"WebSite\",\"@id\":\"https:\\\/\\\/www.life-belini.be\\\/nl\\\/#website\",\"url\":\"https:\\\/\\\/www.life-belini.be\\\/nl\\\/\",\"name\":\"LIFE Belini\",\"description\":\"Belgian initiative for making a leap forward towards good status in the river basin district of the Scheldt\",\"potentialAction\":[{\"@type\":\"SearchAction\",\"target\":{\"@type\":\"EntryPoint\",\"urlTemplate\":\"https:\\\/\\\/www.life-belini.be\\\/nl\\\/?s={search_term_string}\"},\"query-input\":{\"@type\":\"PropertyValueSpecification\",\"valueRequired\":true,\"valueName\":\"search_term_string\"}}],\"inLanguage\":\"fr-FR\"},{\"@type\":\"Person\",\"@id\":\"https:\\\/\\\/www.life-belini.be\\\/nl\\\/#\\\/schema\\\/person\\\/84a9c6d38af471fa4c482917c2aa2b5b\",\"name\":\"Maureen Nuyts\",\"url\":\"https:\\\/\\\/www.life-belini.be\\\/fr\\\/author\\\/maureen-nuyts\\\/\"}]}<\/script>\n<!-- \/ Yoast SEO plugin. -->","yoast_head_json":{"title":"Le D\u00e9mer s\u2019allonge avec l\u2019aide de Belini - LIFE Belini","robots":{"index":"index","follow":"follow","max-snippet":"max-snippet:-1","max-image-preview":"max-image-preview:large","max-video-preview":"max-video-preview:-1"},"canonical":"https:\/\/www.life-belini.be\/fr\/le-demer-sallonge-avec-laide-de-belini\/","og_locale":"fr_FR","og_type":"article","og_title":"Le D\u00e9mer s\u2019allonge avec l\u2019aide de Belini - LIFE Belini","og_description":"Dans les ann\u00e9es \u00e0 venir, le D\u00e9mer entre Diest et Rotselaar s\u2019allongera de 15 kilom\u00e8tres et deviendra l\u2019\u00e9g\u00e9rie du Hageland.","og_url":"https:\/\/www.life-belini.be\/fr\/le-demer-sallonge-avec-laide-de-belini\/","og_site_name":"LIFE Belini","article_published_time":"2019-03-20T13:55:36+00:00","article_modified_time":"2020-06-30T01:18:44+00:00","og_image":[{"width":673,"height":352,"url":"https:\/\/www.life-belini.be\/wp-content\/uploads\/20180320_screenshot_robtv.png","type":"image\/png"}],"author":"Maureen Nuyts","twitter_card":"summary_large_image","twitter_misc":{"\u00c9crit par":"Maureen Nuyts"},"schema":{"@context":"https:\/\/schema.org","@graph":[{"@type":"Article","@id":"https:\/\/www.life-belini.be\/fr\/le-demer-sallonge-avec-laide-de-belini\/#article","isPartOf":{"@id":"https:\/\/www.life-belini.be\/fr\/le-demer-sallonge-avec-laide-de-belini\/"},"author":{"name":"Maureen Nuyts","@id":"https:\/\/www.life-belini.be\/nl\/#\/schema\/person\/84a9c6d38af471fa4c482917c2aa2b5b"},"headline":"Le D\u00e9mer s\u2019allonge avec l\u2019aide de Belini","datePublished":"2019-03-20T13:55:36+00:00","dateModified":"2020-06-30T01:18:44+00:00","mainEntityOfPage":{"@id":"https:\/\/www.life-belini.be\/fr\/le-demer-sallonge-avec-laide-de-belini\/"},"wordCount":100,"image":{"@id":"https:\/\/www.life-belini.be\/fr\/le-demer-sallonge-avec-laide-de-belini\/#primaryimage"},"thumbnailUrl":"https:\/\/www.life-belini.be\/wp-content\/uploads\/20180320_screenshot_robtv.png","articleSection":["news fr"],"inLanguage":"fr-FR"},{"@type":"WebPage","@id":"https:\/\/www.life-belini.be\/fr\/le-demer-sallonge-avec-laide-de-belini\/","url":"https:\/\/www.life-belini.be\/fr\/le-demer-sallonge-avec-laide-de-belini\/","name":"Le D\u00e9mer s\u2019allonge avec l\u2019aide de Belini - LIFE Belini","isPartOf":{"@id":"https:\/\/www.life-belini.be\/nl\/#website"},"primaryImageOfPage":{"@id":"https:\/\/www.life-belini.be\/fr\/le-demer-sallonge-avec-laide-de-belini\/#primaryimage"},"image":{"@id":"https:\/\/www.life-belini.be\/fr\/le-demer-sallonge-avec-laide-de-belini\/#primaryimage"},"thumbnailUrl":"https:\/\/www.life-belini.be\/wp-content\/uploads\/20180320_screenshot_robtv.png","datePublished":"2019-03-20T13:55:36+00:00","dateModified":"2020-06-30T01:18:44+00:00","author":{"@id":"https:\/\/www.life-belini.be\/nl\/#\/schema\/person\/84a9c6d38af471fa4c482917c2aa2b5b"},"breadcrumb":{"@id":"https:\/\/www.life-belini.be\/fr\/le-demer-sallonge-avec-laide-de-belini\/#breadcrumb"},"inLanguage":"fr-FR","potentialAction":[{"@type":"ReadAction","target":["https:\/\/www.life-belini.be\/fr\/le-demer-sallonge-avec-laide-de-belini\/"]}]},{"@type":"ImageObject","inLanguage":"fr-FR","@id":"https:\/\/www.life-belini.be\/fr\/le-demer-sallonge-avec-laide-de-belini\/#primaryimage","url":"https:\/\/www.life-belini.be\/wp-content\/uploads\/20180320_screenshot_robtv.png","contentUrl":"https:\/\/www.life-belini.be\/wp-content\/uploads\/20180320_screenshot_robtv.png","width":673,"height":352},{"@type":"BreadcrumbList","@id":"https:\/\/www.life-belini.be\/fr\/le-demer-sallonge-avec-laide-de-belini\/#breadcrumb","itemListElement":[{"@type":"ListItem","position":1,"name":"Home","item":"https:\/\/www.life-belini.be\/fr\/home-2\/"},{"@type":"ListItem","position":2,"name":"Le D\u00e9mer s\u2019allonge avec l\u2019aide de Belini"}]},{"@type":"WebSite","@id":"https:\/\/www.life-belini.be\/nl\/#website","url":"https:\/\/www.life-belini.be\/nl\/","name":"LIFE Belini","description":"Belgian initiative for making a leap forward towards good status in the river basin district of the Scheldt","potentialAction":[{"@type":"SearchAction","target":{"@type":"EntryPoint","urlTemplate":"https:\/\/www.life-belini.be\/nl\/?s={search_term_string}"},"query-input":{"@type":"PropertyValueSpecification","valueRequired":true,"valueName":"search_term_string"}}],"inLanguage":"fr-FR"},{"@type":"Person","@id":"https:\/\/www.life-belini.be\/nl\/#\/schema\/person\/84a9c6d38af471fa4c482917c2aa2b5b","name":"Maureen Nuyts","url":"https:\/\/www.life-belini.be\/fr\/author\/maureen-nuyts\/"}]}},"_links":{"self":[{"href":"https:\/\/www.life-belini.be\/fr\/wp-json\/wp\/v2\/posts\/2274","targetHints":{"allow":["GET"]}}],"collection":[{"href":"https:\/\/www.life-belini.be\/fr\/wp-json\/wp\/v2\/posts"}],"about":[{"href":"https:\/\/www.life-belini.be\/fr\/wp-json\/wp\/v2\/types\/post"}],"author":[{"embeddable":true,"href":"https:\/\/www.life-belini.be\/fr\/wp-json\/wp\/v2\/users\/6"}],"replies":[{"embeddable":true,"href":"https:\/\/www.life-belini.be\/fr\/wp-json\/wp\/v2\/comments?post=2274"}],"version-history":[{"count":0,"href":"https:\/\/www.life-belini.be\/fr\/wp-json\/wp\/v2\/posts\/2274\/revisions"}],"wp:featuredmedia":[{"embeddable":true,"href":"https:\/\/www.life-belini.be\/fr\/wp-json\/wp\/v2\/media\/2275"}],"wp:attachment":[{"href":"https:\/\/www.life-belini.be\/fr\/wp-json\/wp\/v2\/media?parent=2274"}],"wp:term":[{"taxonomy":"category","embeddable":true,"href":"https:\/\/www.life-belini.be\/fr\/wp-json\/wp\/v2\/categories?post=2274"},{"taxonomy":"post_tag","embeddable":true,"href":"https:\/\/www.life-belini.be\/fr\/wp-json\/wp\/v2\/tags?post=2274"}],"curies":[{"name":"wp","href":"https:\/\/api.w.org\/{rel}","templated":true}]}}