{"id":2268,"date":"2019-05-09T10:06:35","date_gmt":"2019-05-09T10:06:35","guid":{"rendered":"https:\/\/www.life-belini.be\/?p=2268"},"modified":"2020-06-30T01:16:13","modified_gmt":"2020-06-30T01:16:13","slug":"reunion-de-partenaires-et-visite-de-chantier-a-diest","status":"publish","type":"post","link":"https:\/\/www.life-belini.be\/fr\/reunion-de-partenaires-et-visite-de-chantier-a-diest\/","title":{"rendered":"R\u00e9union de partenaires et visite de chantier \u00e0 Diest"},"content":{"rendered":"<p>Le 7 mai, tous les partenaires se sont r\u00e9unis, comme \u00e0 leur habitude semestrielle. Cette fois, nous \u00e9tions invit\u00e9s au centre des visiteurs du domaine provincial De Halve Maan \u00e0 Diest.<\/p>\n<p>Beaucoup de progr\u00e8s ont \u00e9t\u00e9 r\u00e9alis\u00e9s ces derniers mois. De nombreuses actions sont en cours ou m\u00eame (presque) termin\u00e9es. Nous nous sommes \u00e9galement concentr\u00e9s sur plusieurs th\u00e8mes communs tels que la mani\u00e8re dont nous abordons la r\u00e9habilitation structurelle des cours d\u2019eau et la mani\u00e8re dont nous essayons d\u2019impliquer les diff\u00e9rents groupes d\u2019int\u00e9r\u00eats dans nos projets. Dans l\u2019apr\u00e8s-midi, sous un soleil radieux, nous nous sommes rendus \u00e0 Vinkenberg \u00e0 v\u00e9lo pour d\u00e9couvrir le m\u00e9andre du D\u00e9mer nouvellement connect\u00e9. Quelle belle fa\u00e7on de terminer une journ\u00e9e passionnante. D\u00e9couvrez les photos d\u2019ambiance ci-dessous.<\/p>\n","protected":false},"excerpt":{"rendered":"<p>Op 7 mei kwamen alle partners naar goede halfjaarlijkse gewoonte nog eens bij elkaar. Deze keer waren we te gast in het provinciaal bezoekerscentrum de Halve Maan in Diest.<\/p>\n","protected":false},"author":6,"featured_media":2246,"comment_status":"closed","ping_status":"closed","sticky":false,"template":"","format":"standard","meta":{"_acf_changed":false,"_exactmetrics_skip_tracking":false,"_exactmetrics_sitenote_active":false,"_exactmetrics_sitenote_note":"","_exactmetrics_sitenote_category":0,"footnotes":""},"categories":[30],"tags":[],"class_list":["post-2268","post","type-post","status-publish","format-standard","has-post-thumbnail","hentry","category-news-fr"],"acf":[],"yoast_head":"<!-- This site is optimized with the Yoast SEO plugin v27.4 - https:\/\/yoast.com\/product\/yoast-seo-wordpress\/ -->\n<title>R\u00e9union de partenaires et visite de chantier \u00e0 Diest - LIFE Belini<\/title>\n<meta name=\"robots\" content=\"index, follow, max-snippet:-1, max-image-preview:large, max-video-preview:-1\" \/>\n<link rel=\"canonical\" href=\"https:\/\/www.life-belini.be\/fr\/reunion-de-partenaires-et-visite-de-chantier-a-diest\/\" \/>\n<meta property=\"og:locale\" content=\"fr_FR\" \/>\n<meta property=\"og:type\" content=\"article\" \/>\n<meta property=\"og:title\" content=\"R\u00e9union de partenaires et visite de chantier \u00e0 Diest - LIFE Belini\" \/>\n<meta property=\"og:description\" content=\"Op 7 mei kwamen alle partners naar goede halfjaarlijkse gewoonte nog eens bij elkaar. Deze keer waren we te gast in het provinciaal bezoekerscentrum de Halve Maan in Diest.\" \/>\n<meta property=\"og:url\" content=\"https:\/\/www.life-belini.be\/fr\/reunion-de-partenaires-et-visite-de-chantier-a-diest\/\" \/>\n<meta property=\"og:site_name\" content=\"LIFE Belini\" \/>\n<meta property=\"article:published_time\" content=\"2019-05-09T10:06:35+00:00\" \/>\n<meta property=\"article:modified_time\" content=\"2020-06-30T01:16:13+00:00\" \/>\n<meta property=\"og:image\" content=\"https:\/\/www.life-belini.be\/wp-content\/uploads\/fieldvisitdemer009-1.jpg\" \/>\n\t<meta property=\"og:image:width\" content=\"1094\" \/>\n\t<meta property=\"og:image:height\" content=\"730\" \/>\n\t<meta property=\"og:image:type\" content=\"image\/jpeg\" \/>\n<meta name=\"author\" content=\"Maureen Nuyts\" \/>\n<meta name=\"twitter:card\" content=\"summary_large_image\" \/>\n<meta name=\"twitter:label1\" content=\"\u00c9crit par\" \/>\n\t<meta name=\"twitter:data1\" content=\"Maureen Nuyts\" \/>\n\t<meta name=\"twitter:label2\" content=\"Dur\u00e9e de lecture estim\u00e9e\" \/>\n\t<meta name=\"twitter:data2\" content=\"1 minute\" \/>\n<script type=\"application\/ld+json\" class=\"yoast-schema-graph\">{\"@context\":\"https:\\\/\\\/schema.org\",\"@graph\":[{\"@type\":\"Article\",\"@id\":\"https:\\\/\\\/www.life-belini.be\\\/fr\\\/reunion-de-partenaires-et-visite-de-chantier-a-diest\\\/#article\",\"isPartOf\":{\"@id\":\"https:\\\/\\\/www.life-belini.be\\\/fr\\\/reunion-de-partenaires-et-visite-de-chantier-a-diest\\\/\"},\"author\":{\"name\":\"Maureen Nuyts\",\"@id\":\"https:\\\/\\\/www.life-belini.be\\\/nl\\\/#\\\/schema\\\/person\\\/84a9c6d38af471fa4c482917c2aa2b5b\"},\"headline\":\"R\u00e9union de partenaires et visite de chantier \u00e0 Diest\",\"datePublished\":\"2019-05-09T10:06:35+00:00\",\"dateModified\":\"2020-06-30T01:16:13+00:00\",\"mainEntityOfPage\":{\"@id\":\"https:\\\/\\\/www.life-belini.be\\\/fr\\\/reunion-de-partenaires-et-visite-de-chantier-a-diest\\\/\"},\"wordCount\":153,\"image\":{\"@id\":\"https:\\\/\\\/www.life-belini.be\\\/fr\\\/reunion-de-partenaires-et-visite-de-chantier-a-diest\\\/#primaryimage\"},\"thumbnailUrl\":\"https:\\\/\\\/www.life-belini.be\\\/wp-content\\\/uploads\\\/fieldvisitdemer009-1.jpg\",\"articleSection\":[\"news fr\"],\"inLanguage\":\"fr-FR\"},{\"@type\":\"WebPage\",\"@id\":\"https:\\\/\\\/www.life-belini.be\\\/fr\\\/reunion-de-partenaires-et-visite-de-chantier-a-diest\\\/\",\"url\":\"https:\\\/\\\/www.life-belini.be\\\/fr\\\/reunion-de-partenaires-et-visite-de-chantier-a-diest\\\/\",\"name\":\"R\u00e9union de partenaires et visite de chantier \u00e0 Diest - LIFE Belini\",\"isPartOf\":{\"@id\":\"https:\\\/\\\/www.life-belini.be\\\/nl\\\/#website\"},\"primaryImageOfPage\":{\"@id\":\"https:\\\/\\\/www.life-belini.be\\\/fr\\\/reunion-de-partenaires-et-visite-de-chantier-a-diest\\\/#primaryimage\"},\"image\":{\"@id\":\"https:\\\/\\\/www.life-belini.be\\\/fr\\\/reunion-de-partenaires-et-visite-de-chantier-a-diest\\\/#primaryimage\"},\"thumbnailUrl\":\"https:\\\/\\\/www.life-belini.be\\\/wp-content\\\/uploads\\\/fieldvisitdemer009-1.jpg\",\"datePublished\":\"2019-05-09T10:06:35+00:00\",\"dateModified\":\"2020-06-30T01:16:13+00:00\",\"author\":{\"@id\":\"https:\\\/\\\/www.life-belini.be\\\/nl\\\/#\\\/schema\\\/person\\\/84a9c6d38af471fa4c482917c2aa2b5b\"},\"breadcrumb\":{\"@id\":\"https:\\\/\\\/www.life-belini.be\\\/fr\\\/reunion-de-partenaires-et-visite-de-chantier-a-diest\\\/#breadcrumb\"},\"inLanguage\":\"fr-FR\",\"potentialAction\":[{\"@type\":\"ReadAction\",\"target\":[\"https:\\\/\\\/www.life-belini.be\\\/fr\\\/reunion-de-partenaires-et-visite-de-chantier-a-diest\\\/\"]}]},{\"@type\":\"ImageObject\",\"inLanguage\":\"fr-FR\",\"@id\":\"https:\\\/\\\/www.life-belini.be\\\/fr\\\/reunion-de-partenaires-et-visite-de-chantier-a-diest\\\/#primaryimage\",\"url\":\"https:\\\/\\\/www.life-belini.be\\\/wp-content\\\/uploads\\\/fieldvisitdemer009-1.jpg\",\"contentUrl\":\"https:\\\/\\\/www.life-belini.be\\\/wp-content\\\/uploads\\\/fieldvisitdemer009-1.jpg\",\"width\":1094,\"height\":730},{\"@type\":\"BreadcrumbList\",\"@id\":\"https:\\\/\\\/www.life-belini.be\\\/fr\\\/reunion-de-partenaires-et-visite-de-chantier-a-diest\\\/#breadcrumb\",\"itemListElement\":[{\"@type\":\"ListItem\",\"position\":1,\"name\":\"Home\",\"item\":\"https:\\\/\\\/www.life-belini.be\\\/fr\\\/home-2\\\/\"},{\"@type\":\"ListItem\",\"position\":2,\"name\":\"R\u00e9union de partenaires et visite de chantier \u00e0 Diest\"}]},{\"@type\":\"WebSite\",\"@id\":\"https:\\\/\\\/www.life-belini.be\\\/nl\\\/#website\",\"url\":\"https:\\\/\\\/www.life-belini.be\\\/nl\\\/\",\"name\":\"LIFE Belini\",\"description\":\"Belgian initiative for making a leap forward towards good status in the river basin district of the Scheldt\",\"potentialAction\":[{\"@type\":\"SearchAction\",\"target\":{\"@type\":\"EntryPoint\",\"urlTemplate\":\"https:\\\/\\\/www.life-belini.be\\\/nl\\\/?s={search_term_string}\"},\"query-input\":{\"@type\":\"PropertyValueSpecification\",\"valueRequired\":true,\"valueName\":\"search_term_string\"}}],\"inLanguage\":\"fr-FR\"},{\"@type\":\"Person\",\"@id\":\"https:\\\/\\\/www.life-belini.be\\\/nl\\\/#\\\/schema\\\/person\\\/84a9c6d38af471fa4c482917c2aa2b5b\",\"name\":\"Maureen Nuyts\",\"url\":\"https:\\\/\\\/www.life-belini.be\\\/fr\\\/author\\\/maureen-nuyts\\\/\"}]}<\/script>\n<!-- \/ Yoast SEO plugin. -->","yoast_head_json":{"title":"R\u00e9union de partenaires et visite de chantier \u00e0 Diest - LIFE Belini","robots":{"index":"index","follow":"follow","max-snippet":"max-snippet:-1","max-image-preview":"max-image-preview:large","max-video-preview":"max-video-preview:-1"},"canonical":"https:\/\/www.life-belini.be\/fr\/reunion-de-partenaires-et-visite-de-chantier-a-diest\/","og_locale":"fr_FR","og_type":"article","og_title":"R\u00e9union de partenaires et visite de chantier \u00e0 Diest - LIFE Belini","og_description":"Op 7 mei kwamen alle partners naar goede halfjaarlijkse gewoonte nog eens bij elkaar. Deze keer waren we te gast in het provinciaal bezoekerscentrum de Halve Maan in Diest.","og_url":"https:\/\/www.life-belini.be\/fr\/reunion-de-partenaires-et-visite-de-chantier-a-diest\/","og_site_name":"LIFE Belini","article_published_time":"2019-05-09T10:06:35+00:00","article_modified_time":"2020-06-30T01:16:13+00:00","og_image":[{"width":1094,"height":730,"url":"https:\/\/www.life-belini.be\/wp-content\/uploads\/fieldvisitdemer009-1.jpg","type":"image\/jpeg"}],"author":"Maureen Nuyts","twitter_card":"summary_large_image","twitter_misc":{"\u00c9crit par":"Maureen Nuyts","Dur\u00e9e de lecture estim\u00e9e":"1 minute"},"schema":{"@context":"https:\/\/schema.org","@graph":[{"@type":"Article","@id":"https:\/\/www.life-belini.be\/fr\/reunion-de-partenaires-et-visite-de-chantier-a-diest\/#article","isPartOf":{"@id":"https:\/\/www.life-belini.be\/fr\/reunion-de-partenaires-et-visite-de-chantier-a-diest\/"},"author":{"name":"Maureen Nuyts","@id":"https:\/\/www.life-belini.be\/nl\/#\/schema\/person\/84a9c6d38af471fa4c482917c2aa2b5b"},"headline":"R\u00e9union de partenaires et visite de chantier \u00e0 Diest","datePublished":"2019-05-09T10:06:35+00:00","dateModified":"2020-06-30T01:16:13+00:00","mainEntityOfPage":{"@id":"https:\/\/www.life-belini.be\/fr\/reunion-de-partenaires-et-visite-de-chantier-a-diest\/"},"wordCount":153,"image":{"@id":"https:\/\/www.life-belini.be\/fr\/reunion-de-partenaires-et-visite-de-chantier-a-diest\/#primaryimage"},"thumbnailUrl":"https:\/\/www.life-belini.be\/wp-content\/uploads\/fieldvisitdemer009-1.jpg","articleSection":["news fr"],"inLanguage":"fr-FR"},{"@type":"WebPage","@id":"https:\/\/www.life-belini.be\/fr\/reunion-de-partenaires-et-visite-de-chantier-a-diest\/","url":"https:\/\/www.life-belini.be\/fr\/reunion-de-partenaires-et-visite-de-chantier-a-diest\/","name":"R\u00e9union de partenaires et visite de chantier \u00e0 Diest - LIFE Belini","isPartOf":{"@id":"https:\/\/www.life-belini.be\/nl\/#website"},"primaryImageOfPage":{"@id":"https:\/\/www.life-belini.be\/fr\/reunion-de-partenaires-et-visite-de-chantier-a-diest\/#primaryimage"},"image":{"@id":"https:\/\/www.life-belini.be\/fr\/reunion-de-partenaires-et-visite-de-chantier-a-diest\/#primaryimage"},"thumbnailUrl":"https:\/\/www.life-belini.be\/wp-content\/uploads\/fieldvisitdemer009-1.jpg","datePublished":"2019-05-09T10:06:35+00:00","dateModified":"2020-06-30T01:16:13+00:00","author":{"@id":"https:\/\/www.life-belini.be\/nl\/#\/schema\/person\/84a9c6d38af471fa4c482917c2aa2b5b"},"breadcrumb":{"@id":"https:\/\/www.life-belini.be\/fr\/reunion-de-partenaires-et-visite-de-chantier-a-diest\/#breadcrumb"},"inLanguage":"fr-FR","potentialAction":[{"@type":"ReadAction","target":["https:\/\/www.life-belini.be\/fr\/reunion-de-partenaires-et-visite-de-chantier-a-diest\/"]}]},{"@type":"ImageObject","inLanguage":"fr-FR","@id":"https:\/\/www.life-belini.be\/fr\/reunion-de-partenaires-et-visite-de-chantier-a-diest\/#primaryimage","url":"https:\/\/www.life-belini.be\/wp-content\/uploads\/fieldvisitdemer009-1.jpg","contentUrl":"https:\/\/www.life-belini.be\/wp-content\/uploads\/fieldvisitdemer009-1.jpg","width":1094,"height":730},{"@type":"BreadcrumbList","@id":"https:\/\/www.life-belini.be\/fr\/reunion-de-partenaires-et-visite-de-chantier-a-diest\/#breadcrumb","itemListElement":[{"@type":"ListItem","position":1,"name":"Home","item":"https:\/\/www.life-belini.be\/fr\/home-2\/"},{"@type":"ListItem","position":2,"name":"R\u00e9union de partenaires et visite de chantier \u00e0 Diest"}]},{"@type":"WebSite","@id":"https:\/\/www.life-belini.be\/nl\/#website","url":"https:\/\/www.life-belini.be\/nl\/","name":"LIFE Belini","description":"Belgian initiative for making a leap forward towards good status in the river basin district of the Scheldt","potentialAction":[{"@type":"SearchAction","target":{"@type":"EntryPoint","urlTemplate":"https:\/\/www.life-belini.be\/nl\/?s={search_term_string}"},"query-input":{"@type":"PropertyValueSpecification","valueRequired":true,"valueName":"search_term_string"}}],"inLanguage":"fr-FR"},{"@type":"Person","@id":"https:\/\/www.life-belini.be\/nl\/#\/schema\/person\/84a9c6d38af471fa4c482917c2aa2b5b","name":"Maureen Nuyts","url":"https:\/\/www.life-belini.be\/fr\/author\/maureen-nuyts\/"}]}},"_links":{"self":[{"href":"https:\/\/www.life-belini.be\/fr\/wp-json\/wp\/v2\/posts\/2268","targetHints":{"allow":["GET"]}}],"collection":[{"href":"https:\/\/www.life-belini.be\/fr\/wp-json\/wp\/v2\/posts"}],"about":[{"href":"https:\/\/www.life-belini.be\/fr\/wp-json\/wp\/v2\/types\/post"}],"author":[{"embeddable":true,"href":"https:\/\/www.life-belini.be\/fr\/wp-json\/wp\/v2\/users\/6"}],"replies":[{"embeddable":true,"href":"https:\/\/www.life-belini.be\/fr\/wp-json\/wp\/v2\/comments?post=2268"}],"version-history":[{"count":0,"href":"https:\/\/www.life-belini.be\/fr\/wp-json\/wp\/v2\/posts\/2268\/revisions"}],"wp:featuredmedia":[{"embeddable":true,"href":"https:\/\/www.life-belini.be\/fr\/wp-json\/wp\/v2\/media\/2246"}],"wp:attachment":[{"href":"https:\/\/www.life-belini.be\/fr\/wp-json\/wp\/v2\/media?parent=2268"}],"wp:term":[{"taxonomy":"category","embeddable":true,"href":"https:\/\/www.life-belini.be\/fr\/wp-json\/wp\/v2\/categories?post=2268"},{"taxonomy":"post_tag","embeddable":true,"href":"https:\/\/www.life-belini.be\/fr\/wp-json\/wp\/v2\/tags?post=2268"}],"curies":[{"name":"wp","href":"https:\/\/api.w.org\/{rel}","templated":true}]}}