{"id":2164,"date":"2019-04-27T08:05:36","date_gmt":"2019-04-27T08:05:36","guid":{"rendered":"https:\/\/www.life-belini.be\/nieuwe-demerbocht-feestelijk-ingevaren\/"},"modified":"2020-06-30T01:17:24","modified_gmt":"2020-06-30T01:17:24","slug":"navigation-festive-sur-le-demer","status":"publish","type":"post","link":"https:\/\/www.life-belini.be\/fr\/navigation-festive-sur-le-demer\/","title":{"rendered":"Navigation festive sur le D\u00e9mer"},"content":{"rendered":"<p>Le 25 avril, le ministre flamand des Travaux publics, Ben Weyts, et le ministre flamand de la Nature,Koen Van den Heuvel, ont pris place dans un cano\u00eb et navigu\u00e9 sur un m\u00e9andre du D\u00e9mer nouvellement cr\u00e9\u00e9 entre Diest et Scherpenheuvel-Zichem. Il s\u2019agit du premier de dizaines de bras morts que nous allons reconnecter \u00e0 la rivi\u00e8re, afin de r\u00e9duire les risques d\u2019inondation et de s\u00e9cheresse. Toute la r\u00e9gion du D\u00e9mer deviendra tout de suite beaucoup plus agr\u00e9able, tant pour les humains que pour les animaux.<\/p>\n<p><img decoding=\"async\" class=\"size-medium wp-image-2160 alignright lazyload\" data-src=\"http:\/\/life-belini.be\/wp-content\/uploads\/2019\/06\/belini_invaren_demerbocht-300x225.jpg\" data-sizes=\"(max-width: 300px) 100vw, 300px\" data-srcset=\"https:\/\/life-belini.be\/wp-content\/uploads\/2019\/06\/belini_invaren_demerbocht-300x225.jpg 300w, https:\/\/life-belini.be\/wp-content\/uploads\/2019\/06\/belini_invaren_demerbocht-768x576.jpg 768w, https:\/\/life-belini.be\/wp-content\/uploads\/2019\/06\/belini_invaren_demerbocht-1030x773.jpg 1030w, https:\/\/life-belini.be\/wp-content\/uploads\/2019\/06\/belini_invaren_demerbocht-1500x1125.jpg 1500w, https:\/\/life-belini.be\/wp-content\/uploads\/2019\/06\/belini_invaren_demerbocht-705x529.jpg 705w, https:\/\/life-belini.be\/wp-content\/uploads\/2019\/06\/belini_invaren_demerbocht-450x338.jpg 450w\" alt=\"\" width=\"300\" height=\"225\" src=\"data:image\/svg+xml;base64,PHN2ZyB3aWR0aD0iMSIgaGVpZ2h0PSIxIiB4bWxucz0iaHR0cDovL3d3dy53My5vcmcvMjAwMC9zdmciPjwvc3ZnPg==\" style=\"--smush-placeholder-width: 300px; --smush-placeholder-aspect-ratio: 300\/225;\" \/><\/p>\n<p>Il y a quelques d\u00e9cennies, le D\u00e9mer a vu ses m\u00e9andres se d\u00e9connecter de son lit principal, ce qui diminua l\u2019espace d\u2019\u00e9coulement de la rivi\u00e8re et augmenta le risque d\u2019inondation.<\/p>\n<p>Dans le cadre du projet Sigma Vall\u00e9e du D\u00e9mer, des dizaines de bras morts entre Diest et Werchter seront reconnect\u00e9s \u00e0 la rivi\u00e8re. Cette premi\u00e8re reconnexion fait partie du projet Life-Belini.<\/p>\n<p>La reconnexion de vieux m\u00e9andres permet la cr\u00e9ation d\u2019un espace d\u2019\u00e9coulement suppl\u00e9mentaire et une meilleure absorption des niveaux d\u2019eau \u00e9lev\u00e9s du D\u00e9mer. Imm\u00e9diatement, un paysage plus vari\u00e9 est cr\u00e9\u00e9. Les rives environnantes du premier m\u00e9andre \u00e0 Vinkenberg seront am\u00e9nag\u00e9es de mani\u00e8re naturelle sur une distance de 500\u00a0m\u00e8tres.<\/p>\n","protected":false},"excerpt":{"rendered":"<p>Le 25 avril, les ministre flamandes Ben Weyts et Koen Van den Heuvel, ont pris place dans un cano\u00eb et navigu\u00e9 sur un m\u00e9andre du D\u00e9mer nouvellement cr\u00e9\u00e9 entre Diest et Scherpenheuvel-Zichem.<\/p>\n","protected":false},"author":6,"featured_media":2162,"comment_status":"closed","ping_status":"closed","sticky":false,"template":"","format":"standard","meta":{"_acf_changed":false,"_exactmetrics_skip_tracking":false,"_exactmetrics_sitenote_active":false,"_exactmetrics_sitenote_note":"","_exactmetrics_sitenote_category":0,"footnotes":""},"categories":[30],"tags":[],"class_list":["post-2164","post","type-post","status-publish","format-standard","has-post-thumbnail","hentry","category-news-fr"],"acf":[],"yoast_head":"<!-- This site is optimized with the Yoast SEO plugin v27.4 - https:\/\/yoast.com\/product\/yoast-seo-wordpress\/ -->\n<title>Navigation festive sur le D\u00e9mer - LIFE Belini<\/title>\n<meta name=\"robots\" content=\"index, follow, max-snippet:-1, max-image-preview:large, max-video-preview:-1\" \/>\n<link rel=\"canonical\" href=\"https:\/\/www.life-belini.be\/fr\/navigation-festive-sur-le-demer\/\" \/>\n<meta property=\"og:locale\" content=\"fr_FR\" \/>\n<meta property=\"og:type\" content=\"article\" \/>\n<meta property=\"og:title\" content=\"Navigation festive sur le D\u00e9mer - LIFE Belini\" \/>\n<meta property=\"og:description\" content=\"Le 25 avril, les ministre flamandes Ben Weyts et Koen Van den Heuvel, ont pris place dans un cano\u00eb et navigu\u00e9 sur un m\u00e9andre du D\u00e9mer nouvellement cr\u00e9\u00e9 entre Diest et Scherpenheuvel-Zichem.\" \/>\n<meta property=\"og:url\" content=\"https:\/\/www.life-belini.be\/fr\/navigation-festive-sur-le-demer\/\" \/>\n<meta property=\"og:site_name\" content=\"LIFE Belini\" \/>\n<meta property=\"article:published_time\" content=\"2019-04-27T08:05:36+00:00\" \/>\n<meta property=\"article:modified_time\" content=\"2020-06-30T01:17:24+00:00\" \/>\n<meta property=\"og:image\" content=\"https:\/\/www.life-belini.be\/wp-content\/uploads\/belini_invaren_demerbocht.jpg\" \/>\n\t<meta property=\"og:image:width\" content=\"2040\" \/>\n\t<meta property=\"og:image:height\" content=\"1530\" \/>\n\t<meta property=\"og:image:type\" content=\"image\/jpeg\" \/>\n<meta name=\"author\" content=\"Maureen Nuyts\" \/>\n<meta name=\"twitter:card\" content=\"summary_large_image\" \/>\n<meta name=\"twitter:label1\" content=\"\u00c9crit par\" \/>\n\t<meta name=\"twitter:data1\" content=\"Maureen Nuyts\" \/>\n\t<meta name=\"twitter:label2\" content=\"Dur\u00e9e de lecture estim\u00e9e\" \/>\n\t<meta name=\"twitter:data2\" content=\"1 minute\" \/>\n<script type=\"application\/ld+json\" class=\"yoast-schema-graph\">{\"@context\":\"https:\\\/\\\/schema.org\",\"@graph\":[{\"@type\":\"Article\",\"@id\":\"https:\\\/\\\/www.life-belini.be\\\/fr\\\/navigation-festive-sur-le-demer\\\/#article\",\"isPartOf\":{\"@id\":\"https:\\\/\\\/www.life-belini.be\\\/fr\\\/navigation-festive-sur-le-demer\\\/\"},\"author\":{\"name\":\"Maureen Nuyts\",\"@id\":\"https:\\\/\\\/www.life-belini.be\\\/nl\\\/#\\\/schema\\\/person\\\/84a9c6d38af471fa4c482917c2aa2b5b\"},\"headline\":\"Navigation festive sur le D\u00e9mer\",\"datePublished\":\"2019-04-27T08:05:36+00:00\",\"dateModified\":\"2020-06-30T01:17:24+00:00\",\"mainEntityOfPage\":{\"@id\":\"https:\\\/\\\/www.life-belini.be\\\/fr\\\/navigation-festive-sur-le-demer\\\/\"},\"wordCount\":233,\"image\":{\"@id\":\"https:\\\/\\\/www.life-belini.be\\\/fr\\\/navigation-festive-sur-le-demer\\\/#primaryimage\"},\"thumbnailUrl\":\"https:\\\/\\\/www.life-belini.be\\\/wp-content\\\/uploads\\\/belini_invaren_demerbocht.jpg\",\"articleSection\":[\"news fr\"],\"inLanguage\":\"fr-FR\"},{\"@type\":\"WebPage\",\"@id\":\"https:\\\/\\\/www.life-belini.be\\\/fr\\\/navigation-festive-sur-le-demer\\\/\",\"url\":\"https:\\\/\\\/www.life-belini.be\\\/fr\\\/navigation-festive-sur-le-demer\\\/\",\"name\":\"Navigation festive sur le D\u00e9mer - LIFE Belini\",\"isPartOf\":{\"@id\":\"https:\\\/\\\/www.life-belini.be\\\/nl\\\/#website\"},\"primaryImageOfPage\":{\"@id\":\"https:\\\/\\\/www.life-belini.be\\\/fr\\\/navigation-festive-sur-le-demer\\\/#primaryimage\"},\"image\":{\"@id\":\"https:\\\/\\\/www.life-belini.be\\\/fr\\\/navigation-festive-sur-le-demer\\\/#primaryimage\"},\"thumbnailUrl\":\"https:\\\/\\\/www.life-belini.be\\\/wp-content\\\/uploads\\\/belini_invaren_demerbocht.jpg\",\"datePublished\":\"2019-04-27T08:05:36+00:00\",\"dateModified\":\"2020-06-30T01:17:24+00:00\",\"author\":{\"@id\":\"https:\\\/\\\/www.life-belini.be\\\/nl\\\/#\\\/schema\\\/person\\\/84a9c6d38af471fa4c482917c2aa2b5b\"},\"breadcrumb\":{\"@id\":\"https:\\\/\\\/www.life-belini.be\\\/fr\\\/navigation-festive-sur-le-demer\\\/#breadcrumb\"},\"inLanguage\":\"fr-FR\",\"potentialAction\":[{\"@type\":\"ReadAction\",\"target\":[\"https:\\\/\\\/www.life-belini.be\\\/fr\\\/navigation-festive-sur-le-demer\\\/\"]}]},{\"@type\":\"ImageObject\",\"inLanguage\":\"fr-FR\",\"@id\":\"https:\\\/\\\/www.life-belini.be\\\/fr\\\/navigation-festive-sur-le-demer\\\/#primaryimage\",\"url\":\"https:\\\/\\\/www.life-belini.be\\\/wp-content\\\/uploads\\\/belini_invaren_demerbocht.jpg\",\"contentUrl\":\"https:\\\/\\\/www.life-belini.be\\\/wp-content\\\/uploads\\\/belini_invaren_demerbocht.jpg\",\"width\":2040,\"height\":1530},{\"@type\":\"BreadcrumbList\",\"@id\":\"https:\\\/\\\/www.life-belini.be\\\/fr\\\/navigation-festive-sur-le-demer\\\/#breadcrumb\",\"itemListElement\":[{\"@type\":\"ListItem\",\"position\":1,\"name\":\"Home\",\"item\":\"https:\\\/\\\/www.life-belini.be\\\/fr\\\/home-2\\\/\"},{\"@type\":\"ListItem\",\"position\":2,\"name\":\"Navigation festive sur le D\u00e9mer\"}]},{\"@type\":\"WebSite\",\"@id\":\"https:\\\/\\\/www.life-belini.be\\\/nl\\\/#website\",\"url\":\"https:\\\/\\\/www.life-belini.be\\\/nl\\\/\",\"name\":\"LIFE Belini\",\"description\":\"Belgian initiative for making a leap forward towards good status in the river basin district of the Scheldt\",\"potentialAction\":[{\"@type\":\"SearchAction\",\"target\":{\"@type\":\"EntryPoint\",\"urlTemplate\":\"https:\\\/\\\/www.life-belini.be\\\/nl\\\/?s={search_term_string}\"},\"query-input\":{\"@type\":\"PropertyValueSpecification\",\"valueRequired\":true,\"valueName\":\"search_term_string\"}}],\"inLanguage\":\"fr-FR\"},{\"@type\":\"Person\",\"@id\":\"https:\\\/\\\/www.life-belini.be\\\/nl\\\/#\\\/schema\\\/person\\\/84a9c6d38af471fa4c482917c2aa2b5b\",\"name\":\"Maureen Nuyts\",\"url\":\"https:\\\/\\\/www.life-belini.be\\\/fr\\\/author\\\/maureen-nuyts\\\/\"}]}<\/script>\n<!-- \/ Yoast SEO plugin. -->","yoast_head_json":{"title":"Navigation festive sur le D\u00e9mer - LIFE Belini","robots":{"index":"index","follow":"follow","max-snippet":"max-snippet:-1","max-image-preview":"max-image-preview:large","max-video-preview":"max-video-preview:-1"},"canonical":"https:\/\/www.life-belini.be\/fr\/navigation-festive-sur-le-demer\/","og_locale":"fr_FR","og_type":"article","og_title":"Navigation festive sur le D\u00e9mer - LIFE Belini","og_description":"Le 25 avril, les ministre flamandes Ben Weyts et Koen Van den Heuvel, ont pris place dans un cano\u00eb et navigu\u00e9 sur un m\u00e9andre du D\u00e9mer nouvellement cr\u00e9\u00e9 entre Diest et Scherpenheuvel-Zichem.","og_url":"https:\/\/www.life-belini.be\/fr\/navigation-festive-sur-le-demer\/","og_site_name":"LIFE Belini","article_published_time":"2019-04-27T08:05:36+00:00","article_modified_time":"2020-06-30T01:17:24+00:00","og_image":[{"width":2040,"height":1530,"url":"https:\/\/www.life-belini.be\/wp-content\/uploads\/belini_invaren_demerbocht.jpg","type":"image\/jpeg"}],"author":"Maureen Nuyts","twitter_card":"summary_large_image","twitter_misc":{"\u00c9crit par":"Maureen Nuyts","Dur\u00e9e de lecture estim\u00e9e":"1 minute"},"schema":{"@context":"https:\/\/schema.org","@graph":[{"@type":"Article","@id":"https:\/\/www.life-belini.be\/fr\/navigation-festive-sur-le-demer\/#article","isPartOf":{"@id":"https:\/\/www.life-belini.be\/fr\/navigation-festive-sur-le-demer\/"},"author":{"name":"Maureen Nuyts","@id":"https:\/\/www.life-belini.be\/nl\/#\/schema\/person\/84a9c6d38af471fa4c482917c2aa2b5b"},"headline":"Navigation festive sur le D\u00e9mer","datePublished":"2019-04-27T08:05:36+00:00","dateModified":"2020-06-30T01:17:24+00:00","mainEntityOfPage":{"@id":"https:\/\/www.life-belini.be\/fr\/navigation-festive-sur-le-demer\/"},"wordCount":233,"image":{"@id":"https:\/\/www.life-belini.be\/fr\/navigation-festive-sur-le-demer\/#primaryimage"},"thumbnailUrl":"https:\/\/www.life-belini.be\/wp-content\/uploads\/belini_invaren_demerbocht.jpg","articleSection":["news fr"],"inLanguage":"fr-FR"},{"@type":"WebPage","@id":"https:\/\/www.life-belini.be\/fr\/navigation-festive-sur-le-demer\/","url":"https:\/\/www.life-belini.be\/fr\/navigation-festive-sur-le-demer\/","name":"Navigation festive sur le D\u00e9mer - LIFE Belini","isPartOf":{"@id":"https:\/\/www.life-belini.be\/nl\/#website"},"primaryImageOfPage":{"@id":"https:\/\/www.life-belini.be\/fr\/navigation-festive-sur-le-demer\/#primaryimage"},"image":{"@id":"https:\/\/www.life-belini.be\/fr\/navigation-festive-sur-le-demer\/#primaryimage"},"thumbnailUrl":"https:\/\/www.life-belini.be\/wp-content\/uploads\/belini_invaren_demerbocht.jpg","datePublished":"2019-04-27T08:05:36+00:00","dateModified":"2020-06-30T01:17:24+00:00","author":{"@id":"https:\/\/www.life-belini.be\/nl\/#\/schema\/person\/84a9c6d38af471fa4c482917c2aa2b5b"},"breadcrumb":{"@id":"https:\/\/www.life-belini.be\/fr\/navigation-festive-sur-le-demer\/#breadcrumb"},"inLanguage":"fr-FR","potentialAction":[{"@type":"ReadAction","target":["https:\/\/www.life-belini.be\/fr\/navigation-festive-sur-le-demer\/"]}]},{"@type":"ImageObject","inLanguage":"fr-FR","@id":"https:\/\/www.life-belini.be\/fr\/navigation-festive-sur-le-demer\/#primaryimage","url":"https:\/\/www.life-belini.be\/wp-content\/uploads\/belini_invaren_demerbocht.jpg","contentUrl":"https:\/\/www.life-belini.be\/wp-content\/uploads\/belini_invaren_demerbocht.jpg","width":2040,"height":1530},{"@type":"BreadcrumbList","@id":"https:\/\/www.life-belini.be\/fr\/navigation-festive-sur-le-demer\/#breadcrumb","itemListElement":[{"@type":"ListItem","position":1,"name":"Home","item":"https:\/\/www.life-belini.be\/fr\/home-2\/"},{"@type":"ListItem","position":2,"name":"Navigation festive sur le D\u00e9mer"}]},{"@type":"WebSite","@id":"https:\/\/www.life-belini.be\/nl\/#website","url":"https:\/\/www.life-belini.be\/nl\/","name":"LIFE Belini","description":"Belgian initiative for making a leap forward towards good status in the river basin district of the Scheldt","potentialAction":[{"@type":"SearchAction","target":{"@type":"EntryPoint","urlTemplate":"https:\/\/www.life-belini.be\/nl\/?s={search_term_string}"},"query-input":{"@type":"PropertyValueSpecification","valueRequired":true,"valueName":"search_term_string"}}],"inLanguage":"fr-FR"},{"@type":"Person","@id":"https:\/\/www.life-belini.be\/nl\/#\/schema\/person\/84a9c6d38af471fa4c482917c2aa2b5b","name":"Maureen Nuyts","url":"https:\/\/www.life-belini.be\/fr\/author\/maureen-nuyts\/"}]}},"_links":{"self":[{"href":"https:\/\/www.life-belini.be\/fr\/wp-json\/wp\/v2\/posts\/2164","targetHints":{"allow":["GET"]}}],"collection":[{"href":"https:\/\/www.life-belini.be\/fr\/wp-json\/wp\/v2\/posts"}],"about":[{"href":"https:\/\/www.life-belini.be\/fr\/wp-json\/wp\/v2\/types\/post"}],"author":[{"embeddable":true,"href":"https:\/\/www.life-belini.be\/fr\/wp-json\/wp\/v2\/users\/6"}],"replies":[{"embeddable":true,"href":"https:\/\/www.life-belini.be\/fr\/wp-json\/wp\/v2\/comments?post=2164"}],"version-history":[{"count":0,"href":"https:\/\/www.life-belini.be\/fr\/wp-json\/wp\/v2\/posts\/2164\/revisions"}],"wp:featuredmedia":[{"embeddable":true,"href":"https:\/\/www.life-belini.be\/fr\/wp-json\/wp\/v2\/media\/2162"}],"wp:attachment":[{"href":"https:\/\/www.life-belini.be\/fr\/wp-json\/wp\/v2\/media?parent=2164"}],"wp:term":[{"taxonomy":"category","embeddable":true,"href":"https:\/\/www.life-belini.be\/fr\/wp-json\/wp\/v2\/categories?post=2164"},{"taxonomy":"post_tag","embeddable":true,"href":"https:\/\/www.life-belini.be\/fr\/wp-json\/wp\/v2\/tags?post=2164"}],"curies":[{"name":"wp","href":"https:\/\/api.w.org\/{rel}","templated":true}]}}