{"id":1957,"date":"2019-03-19T10:11:11","date_gmt":"2019-03-19T10:11:11","guid":{"rendered":"https:\/\/www.life-belini.be\/?p=1957"},"modified":"2020-06-30T01:23:20","modified_gmt":"2020-06-30T01:23:20","slug":"nouvelle-zone-dimmersion-zit-du-coeurcq-finalisee","status":"publish","type":"post","link":"https:\/\/www.life-belini.be\/fr\/nouvelle-zone-dimmersion-zit-du-coeurcq-finalisee\/","title":{"rendered":"Nouvelle zone d\u2019immersion (ZIT) du Coeurcq finalis\u00e9e"},"content":{"rendered":"<p><strong>Les travaux de cr\u00e9ation de la nouvelle zone d\u2019immersion temporelle (ZIT) du Coeurcq sur Tubize se terminent!<\/strong><\/p>\n<p>Cette zone inondable est un premier r\u00e9sultat positif du projet Belini et surtout une excellente collaboration entre la ville de Tubize, la province du Brabant wallon, le service public de Wallonie (DGO3), la soci\u00e9t\u00e9 intercommunale du Brabant wallon et le Contrat de Rivi\u00e8re Senne. La nouvelle zone inondable \u00e9tait d\u00e9j\u00e0 op\u00e9rationnelle lors des fortes pluies de d\u00e9but mars.<\/p>\n","protected":false},"excerpt":{"rendered":"<p>Les travaux de cr\u00e9ation de la nouvelle zone d&rsquo;immersion (ZIT) du Coeurcq sur Tubize se terminent.<\/p>\n","protected":false},"author":6,"featured_media":1963,"comment_status":"closed","ping_status":"closed","sticky":false,"template":"","format":"standard","meta":{"_acf_changed":false,"_exactmetrics_skip_tracking":false,"_exactmetrics_sitenote_active":false,"_exactmetrics_sitenote_note":"","_exactmetrics_sitenote_category":0,"footnotes":""},"categories":[30],"tags":[],"class_list":["post-1957","post","type-post","status-publish","format-standard","has-post-thumbnail","hentry","category-news-fr"],"acf":[],"yoast_head":"<!-- This site is optimized with the Yoast SEO plugin v27.4 - https:\/\/yoast.com\/product\/yoast-seo-wordpress\/ -->\n<title>Nouvelle zone d\u2019immersion (ZIT) du Coeurcq finalis\u00e9e - LIFE Belini<\/title>\n<meta name=\"robots\" content=\"index, follow, max-snippet:-1, max-image-preview:large, max-video-preview:-1\" \/>\n<link rel=\"canonical\" href=\"https:\/\/www.life-belini.be\/fr\/nouvelle-zone-dimmersion-zit-du-coeurcq-finalisee\/\" \/>\n<meta property=\"og:locale\" content=\"fr_FR\" \/>\n<meta property=\"og:type\" content=\"article\" \/>\n<meta property=\"og:title\" content=\"Nouvelle zone d\u2019immersion (ZIT) du Coeurcq finalis\u00e9e - LIFE Belini\" \/>\n<meta property=\"og:description\" content=\"Les travaux de cr\u00e9ation de la nouvelle zone d&#039;immersion (ZIT) du Coeurcq sur Tubize se terminent.\" \/>\n<meta property=\"og:url\" content=\"https:\/\/www.life-belini.be\/fr\/nouvelle-zone-dimmersion-zit-du-coeurcq-finalisee\/\" \/>\n<meta property=\"og:site_name\" content=\"LIFE Belini\" \/>\n<meta property=\"article:published_time\" content=\"2019-03-19T10:11:11+00:00\" \/>\n<meta property=\"article:modified_time\" content=\"2020-06-30T01:23:20+00:00\" \/>\n<meta property=\"og:image\" content=\"https:\/\/www.life-belini.be\/wp-content\/uploads\/55506930_2186273431419461_2786582817528610816_o.jpg\" \/>\n\t<meta property=\"og:image:width\" content=\"2048\" \/>\n\t<meta property=\"og:image:height\" content=\"1536\" \/>\n\t<meta property=\"og:image:type\" content=\"image\/jpeg\" \/>\n<meta name=\"author\" content=\"Maureen Nuyts\" \/>\n<meta name=\"twitter:card\" content=\"summary_large_image\" \/>\n<meta name=\"twitter:label1\" content=\"\u00c9crit par\" \/>\n\t<meta name=\"twitter:data1\" content=\"Maureen Nuyts\" \/>\n<script type=\"application\/ld+json\" class=\"yoast-schema-graph\">{\"@context\":\"https:\\\/\\\/schema.org\",\"@graph\":[{\"@type\":\"Article\",\"@id\":\"https:\\\/\\\/www.life-belini.be\\\/fr\\\/nouvelle-zone-dimmersion-zit-du-coeurcq-finalisee\\\/#article\",\"isPartOf\":{\"@id\":\"https:\\\/\\\/www.life-belini.be\\\/fr\\\/nouvelle-zone-dimmersion-zit-du-coeurcq-finalisee\\\/\"},\"author\":{\"name\":\"Maureen Nuyts\",\"@id\":\"https:\\\/\\\/www.life-belini.be\\\/nl\\\/#\\\/schema\\\/person\\\/84a9c6d38af471fa4c482917c2aa2b5b\"},\"headline\":\"Nouvelle zone d\u2019immersion (ZIT) du Coeurcq finalis\u00e9e\",\"datePublished\":\"2019-03-19T10:11:11+00:00\",\"dateModified\":\"2020-06-30T01:23:20+00:00\",\"mainEntityOfPage\":{\"@id\":\"https:\\\/\\\/www.life-belini.be\\\/fr\\\/nouvelle-zone-dimmersion-zit-du-coeurcq-finalisee\\\/\"},\"wordCount\":92,\"image\":{\"@id\":\"https:\\\/\\\/www.life-belini.be\\\/fr\\\/nouvelle-zone-dimmersion-zit-du-coeurcq-finalisee\\\/#primaryimage\"},\"thumbnailUrl\":\"https:\\\/\\\/www.life-belini.be\\\/wp-content\\\/uploads\\\/55506930_2186273431419461_2786582817528610816_o.jpg\",\"articleSection\":[\"news fr\"],\"inLanguage\":\"fr-FR\"},{\"@type\":\"WebPage\",\"@id\":\"https:\\\/\\\/www.life-belini.be\\\/fr\\\/nouvelle-zone-dimmersion-zit-du-coeurcq-finalisee\\\/\",\"url\":\"https:\\\/\\\/www.life-belini.be\\\/fr\\\/nouvelle-zone-dimmersion-zit-du-coeurcq-finalisee\\\/\",\"name\":\"Nouvelle zone d\u2019immersion (ZIT) du Coeurcq finalis\u00e9e - LIFE Belini\",\"isPartOf\":{\"@id\":\"https:\\\/\\\/www.life-belini.be\\\/nl\\\/#website\"},\"primaryImageOfPage\":{\"@id\":\"https:\\\/\\\/www.life-belini.be\\\/fr\\\/nouvelle-zone-dimmersion-zit-du-coeurcq-finalisee\\\/#primaryimage\"},\"image\":{\"@id\":\"https:\\\/\\\/www.life-belini.be\\\/fr\\\/nouvelle-zone-dimmersion-zit-du-coeurcq-finalisee\\\/#primaryimage\"},\"thumbnailUrl\":\"https:\\\/\\\/www.life-belini.be\\\/wp-content\\\/uploads\\\/55506930_2186273431419461_2786582817528610816_o.jpg\",\"datePublished\":\"2019-03-19T10:11:11+00:00\",\"dateModified\":\"2020-06-30T01:23:20+00:00\",\"author\":{\"@id\":\"https:\\\/\\\/www.life-belini.be\\\/nl\\\/#\\\/schema\\\/person\\\/84a9c6d38af471fa4c482917c2aa2b5b\"},\"breadcrumb\":{\"@id\":\"https:\\\/\\\/www.life-belini.be\\\/fr\\\/nouvelle-zone-dimmersion-zit-du-coeurcq-finalisee\\\/#breadcrumb\"},\"inLanguage\":\"fr-FR\",\"potentialAction\":[{\"@type\":\"ReadAction\",\"target\":[\"https:\\\/\\\/www.life-belini.be\\\/fr\\\/nouvelle-zone-dimmersion-zit-du-coeurcq-finalisee\\\/\"]}]},{\"@type\":\"ImageObject\",\"inLanguage\":\"fr-FR\",\"@id\":\"https:\\\/\\\/www.life-belini.be\\\/fr\\\/nouvelle-zone-dimmersion-zit-du-coeurcq-finalisee\\\/#primaryimage\",\"url\":\"https:\\\/\\\/www.life-belini.be\\\/wp-content\\\/uploads\\\/55506930_2186273431419461_2786582817528610816_o.jpg\",\"contentUrl\":\"https:\\\/\\\/www.life-belini.be\\\/wp-content\\\/uploads\\\/55506930_2186273431419461_2786582817528610816_o.jpg\",\"width\":2048,\"height\":1536},{\"@type\":\"BreadcrumbList\",\"@id\":\"https:\\\/\\\/www.life-belini.be\\\/fr\\\/nouvelle-zone-dimmersion-zit-du-coeurcq-finalisee\\\/#breadcrumb\",\"itemListElement\":[{\"@type\":\"ListItem\",\"position\":1,\"name\":\"Home\",\"item\":\"https:\\\/\\\/www.life-belini.be\\\/fr\\\/home-2\\\/\"},{\"@type\":\"ListItem\",\"position\":2,\"name\":\"Nouvelle zone d\u2019immersion (ZIT) du Coeurcq finalis\u00e9e\"}]},{\"@type\":\"WebSite\",\"@id\":\"https:\\\/\\\/www.life-belini.be\\\/nl\\\/#website\",\"url\":\"https:\\\/\\\/www.life-belini.be\\\/nl\\\/\",\"name\":\"LIFE Belini\",\"description\":\"Belgian initiative for making a leap forward towards good status in the river basin district of the Scheldt\",\"potentialAction\":[{\"@type\":\"SearchAction\",\"target\":{\"@type\":\"EntryPoint\",\"urlTemplate\":\"https:\\\/\\\/www.life-belini.be\\\/nl\\\/?s={search_term_string}\"},\"query-input\":{\"@type\":\"PropertyValueSpecification\",\"valueRequired\":true,\"valueName\":\"search_term_string\"}}],\"inLanguage\":\"fr-FR\"},{\"@type\":\"Person\",\"@id\":\"https:\\\/\\\/www.life-belini.be\\\/nl\\\/#\\\/schema\\\/person\\\/84a9c6d38af471fa4c482917c2aa2b5b\",\"name\":\"Maureen Nuyts\",\"url\":\"https:\\\/\\\/www.life-belini.be\\\/fr\\\/author\\\/maureen-nuyts\\\/\"}]}<\/script>\n<!-- \/ Yoast SEO plugin. -->","yoast_head_json":{"title":"Nouvelle zone d\u2019immersion (ZIT) du Coeurcq finalis\u00e9e - LIFE Belini","robots":{"index":"index","follow":"follow","max-snippet":"max-snippet:-1","max-image-preview":"max-image-preview:large","max-video-preview":"max-video-preview:-1"},"canonical":"https:\/\/www.life-belini.be\/fr\/nouvelle-zone-dimmersion-zit-du-coeurcq-finalisee\/","og_locale":"fr_FR","og_type":"article","og_title":"Nouvelle zone d\u2019immersion (ZIT) du Coeurcq finalis\u00e9e - LIFE Belini","og_description":"Les travaux de cr\u00e9ation de la nouvelle zone d'immersion (ZIT) du Coeurcq sur Tubize se terminent.","og_url":"https:\/\/www.life-belini.be\/fr\/nouvelle-zone-dimmersion-zit-du-coeurcq-finalisee\/","og_site_name":"LIFE Belini","article_published_time":"2019-03-19T10:11:11+00:00","article_modified_time":"2020-06-30T01:23:20+00:00","og_image":[{"width":2048,"height":1536,"url":"https:\/\/www.life-belini.be\/wp-content\/uploads\/55506930_2186273431419461_2786582817528610816_o.jpg","type":"image\/jpeg"}],"author":"Maureen Nuyts","twitter_card":"summary_large_image","twitter_misc":{"\u00c9crit par":"Maureen Nuyts"},"schema":{"@context":"https:\/\/schema.org","@graph":[{"@type":"Article","@id":"https:\/\/www.life-belini.be\/fr\/nouvelle-zone-dimmersion-zit-du-coeurcq-finalisee\/#article","isPartOf":{"@id":"https:\/\/www.life-belini.be\/fr\/nouvelle-zone-dimmersion-zit-du-coeurcq-finalisee\/"},"author":{"name":"Maureen Nuyts","@id":"https:\/\/www.life-belini.be\/nl\/#\/schema\/person\/84a9c6d38af471fa4c482917c2aa2b5b"},"headline":"Nouvelle zone d\u2019immersion (ZIT) du Coeurcq finalis\u00e9e","datePublished":"2019-03-19T10:11:11+00:00","dateModified":"2020-06-30T01:23:20+00:00","mainEntityOfPage":{"@id":"https:\/\/www.life-belini.be\/fr\/nouvelle-zone-dimmersion-zit-du-coeurcq-finalisee\/"},"wordCount":92,"image":{"@id":"https:\/\/www.life-belini.be\/fr\/nouvelle-zone-dimmersion-zit-du-coeurcq-finalisee\/#primaryimage"},"thumbnailUrl":"https:\/\/www.life-belini.be\/wp-content\/uploads\/55506930_2186273431419461_2786582817528610816_o.jpg","articleSection":["news fr"],"inLanguage":"fr-FR"},{"@type":"WebPage","@id":"https:\/\/www.life-belini.be\/fr\/nouvelle-zone-dimmersion-zit-du-coeurcq-finalisee\/","url":"https:\/\/www.life-belini.be\/fr\/nouvelle-zone-dimmersion-zit-du-coeurcq-finalisee\/","name":"Nouvelle zone d\u2019immersion (ZIT) du Coeurcq finalis\u00e9e - LIFE Belini","isPartOf":{"@id":"https:\/\/www.life-belini.be\/nl\/#website"},"primaryImageOfPage":{"@id":"https:\/\/www.life-belini.be\/fr\/nouvelle-zone-dimmersion-zit-du-coeurcq-finalisee\/#primaryimage"},"image":{"@id":"https:\/\/www.life-belini.be\/fr\/nouvelle-zone-dimmersion-zit-du-coeurcq-finalisee\/#primaryimage"},"thumbnailUrl":"https:\/\/www.life-belini.be\/wp-content\/uploads\/55506930_2186273431419461_2786582817528610816_o.jpg","datePublished":"2019-03-19T10:11:11+00:00","dateModified":"2020-06-30T01:23:20+00:00","author":{"@id":"https:\/\/www.life-belini.be\/nl\/#\/schema\/person\/84a9c6d38af471fa4c482917c2aa2b5b"},"breadcrumb":{"@id":"https:\/\/www.life-belini.be\/fr\/nouvelle-zone-dimmersion-zit-du-coeurcq-finalisee\/#breadcrumb"},"inLanguage":"fr-FR","potentialAction":[{"@type":"ReadAction","target":["https:\/\/www.life-belini.be\/fr\/nouvelle-zone-dimmersion-zit-du-coeurcq-finalisee\/"]}]},{"@type":"ImageObject","inLanguage":"fr-FR","@id":"https:\/\/www.life-belini.be\/fr\/nouvelle-zone-dimmersion-zit-du-coeurcq-finalisee\/#primaryimage","url":"https:\/\/www.life-belini.be\/wp-content\/uploads\/55506930_2186273431419461_2786582817528610816_o.jpg","contentUrl":"https:\/\/www.life-belini.be\/wp-content\/uploads\/55506930_2186273431419461_2786582817528610816_o.jpg","width":2048,"height":1536},{"@type":"BreadcrumbList","@id":"https:\/\/www.life-belini.be\/fr\/nouvelle-zone-dimmersion-zit-du-coeurcq-finalisee\/#breadcrumb","itemListElement":[{"@type":"ListItem","position":1,"name":"Home","item":"https:\/\/www.life-belini.be\/fr\/home-2\/"},{"@type":"ListItem","position":2,"name":"Nouvelle zone d\u2019immersion (ZIT) du Coeurcq finalis\u00e9e"}]},{"@type":"WebSite","@id":"https:\/\/www.life-belini.be\/nl\/#website","url":"https:\/\/www.life-belini.be\/nl\/","name":"LIFE Belini","description":"Belgian initiative for making a leap forward towards good status in the river basin district of the Scheldt","potentialAction":[{"@type":"SearchAction","target":{"@type":"EntryPoint","urlTemplate":"https:\/\/www.life-belini.be\/nl\/?s={search_term_string}"},"query-input":{"@type":"PropertyValueSpecification","valueRequired":true,"valueName":"search_term_string"}}],"inLanguage":"fr-FR"},{"@type":"Person","@id":"https:\/\/www.life-belini.be\/nl\/#\/schema\/person\/84a9c6d38af471fa4c482917c2aa2b5b","name":"Maureen Nuyts","url":"https:\/\/www.life-belini.be\/fr\/author\/maureen-nuyts\/"}]}},"_links":{"self":[{"href":"https:\/\/www.life-belini.be\/fr\/wp-json\/wp\/v2\/posts\/1957","targetHints":{"allow":["GET"]}}],"collection":[{"href":"https:\/\/www.life-belini.be\/fr\/wp-json\/wp\/v2\/posts"}],"about":[{"href":"https:\/\/www.life-belini.be\/fr\/wp-json\/wp\/v2\/types\/post"}],"author":[{"embeddable":true,"href":"https:\/\/www.life-belini.be\/fr\/wp-json\/wp\/v2\/users\/6"}],"replies":[{"embeddable":true,"href":"https:\/\/www.life-belini.be\/fr\/wp-json\/wp\/v2\/comments?post=1957"}],"version-history":[{"count":0,"href":"https:\/\/www.life-belini.be\/fr\/wp-json\/wp\/v2\/posts\/1957\/revisions"}],"wp:featuredmedia":[{"embeddable":true,"href":"https:\/\/www.life-belini.be\/fr\/wp-json\/wp\/v2\/media\/1963"}],"wp:attachment":[{"href":"https:\/\/www.life-belini.be\/fr\/wp-json\/wp\/v2\/media?parent=1957"}],"wp:term":[{"taxonomy":"category","embeddable":true,"href":"https:\/\/www.life-belini.be\/fr\/wp-json\/wp\/v2\/categories?post=1957"},{"taxonomy":"post_tag","embeddable":true,"href":"https:\/\/www.life-belini.be\/fr\/wp-json\/wp\/v2\/tags?post=1957"}],"curies":[{"name":"wp","href":"https:\/\/api.w.org\/{rel}","templated":true}]}}