{"id":1862,"date":"2018-10-17T14:12:14","date_gmt":"2018-10-17T14:12:14","guid":{"rendered":"https:\/\/www.life-belini.be\/workshop-afwijkingen-in-de-kaderrichtlijn-water-169\/"},"modified":"2020-06-30T01:29:33","modified_gmt":"2020-06-30T01:29:33","slug":"atelier-derogations-a-la-directive-cadre-sur-leau","status":"publish","type":"post","link":"https:\/\/www.life-belini.be\/fr\/atelier-derogations-a-la-directive-cadre-sur-leau\/","title":{"rendered":"Atelier d\u00e9rogations \u00e0 la directive-cadre sur l\u2019eau"},"content":{"rendered":"<p><strong>Le 16\u00a0octobre 2018 s\u2019est tenu le premier de trois ateliers sur le th\u00e8me des d\u00e9rogations \u00e0 la directive-cadre sur l\u2019eau. Quand invoquons-nous l\u2019article\u00a04.7 en raison d\u2019une forte modification morphologique de la masse d\u2019eau\u00a0?<\/strong><\/p>\n<p>Plus de 30\u00a0participants, venus des trois r\u00e9gions, ainsi que plusieurs groupements d\u2019int\u00e9r\u00eat (gestionnaires de l\u2019eau, Natuurpunt et quelques bureaux d\u2019\u00e9tudes) ont particip\u00e9 aux discussions. La r\u00e9union s\u2019est tenue dans les locaux de Bruxelles Environnement sous la houlette d\u2019experts de la VMM (Soci\u00e9t\u00e9 flamande de l\u2019Environnement), de Bruxelles Environnement et du Service Public de Wallonie.<\/p>\n<p><strong>Pas de r\u00e9ponses toutes faites<\/strong><\/p>\n<p>Des vade-mecum et plusieurs cas pratiques ont permis de donner une lecture plus claire de l\u2019article\u00a04.7 et de l\u2019arr\u00eat\u00e9 Weser en Allemagne. Les travaux de l\u2019atelier ont clairement d\u00e9montr\u00e9 qu\u2019il n\u2019existe pas de r\u00e9ponse univoque, pr\u00eate \u00e0 l\u2019emploi, qui s\u2019appliquerait \u00e0 tous les projets. Il convient en effet d\u2019\u00e9valuer chaque projet \u00e9tape par \u00e9tape avant de conclure si une d\u00e9rogation conforme \u00e0 l\u2019article\u00a04.7 est n\u00e9cessaire et applicable. L\u2019\u00e9change d\u2019exp\u00e9rience entre les experts des diff\u00e9rentes r\u00e9gions est un \u00e9l\u00e9ment essentiel en vue d\u2019\u00e9tablir un cadre d\u2019\u00e9valuation plus g\u00e9n\u00e9ral permettant de rendre les projets conformes \u00e0 l\u2019arr\u00eat\u00e9 Weser. La pr\u00e9sentation peut \u00eatre consult\u00e9e\u00a0<a href=\"http:\/\/life-belini.be\/publications\/?lang=fr\" target=\"_blank\" rel=\"noopener noreferrer\" data-slimstat=\"5\"><strong>ici<\/strong><\/a>.<\/p>\n","protected":false},"excerpt":{"rendered":"<p>Op 16 oktober 2018 is de eerste van drie workshops gehouden over het thema afwijkingen in de kaderrichtlijn Water.<\/p>\n","protected":false},"author":6,"featured_media":3304,"comment_status":"closed","ping_status":"closed","sticky":false,"template":"","format":"standard","meta":{"_acf_changed":false,"_exactmetrics_skip_tracking":false,"_exactmetrics_sitenote_active":false,"_exactmetrics_sitenote_note":"","_exactmetrics_sitenote_category":0,"footnotes":""},"categories":[30],"tags":[],"class_list":["post-1862","post","type-post","status-publish","format-standard","has-post-thumbnail","hentry","category-news-fr"],"acf":[],"yoast_head":"<!-- This site is optimized with the Yoast SEO plugin v27.4 - https:\/\/yoast.com\/product\/yoast-seo-wordpress\/ -->\n<title>Atelier d\u00e9rogations \u00e0 la directive-cadre sur l\u2019eau - LIFE Belini<\/title>\n<meta name=\"robots\" content=\"index, follow, max-snippet:-1, max-image-preview:large, max-video-preview:-1\" \/>\n<link rel=\"canonical\" href=\"https:\/\/www.life-belini.be\/fr\/atelier-derogations-a-la-directive-cadre-sur-leau\/\" \/>\n<meta property=\"og:locale\" content=\"fr_FR\" \/>\n<meta property=\"og:type\" content=\"article\" \/>\n<meta property=\"og:title\" content=\"Atelier d\u00e9rogations \u00e0 la directive-cadre sur l\u2019eau - LIFE Belini\" \/>\n<meta property=\"og:description\" content=\"Op 16 oktober 2018 is de eerste van drie workshops gehouden over het thema afwijkingen in de kaderrichtlijn Water.\" \/>\n<meta property=\"og:url\" content=\"https:\/\/www.life-belini.be\/fr\/atelier-derogations-a-la-directive-cadre-sur-leau\/\" \/>\n<meta property=\"og:site_name\" content=\"LIFE Belini\" \/>\n<meta property=\"article:published_time\" content=\"2018-10-17T14:12:14+00:00\" \/>\n<meta property=\"article:modified_time\" content=\"2020-06-30T01:29:33+00:00\" \/>\n<meta property=\"og:image\" content=\"https:\/\/www.life-belini.be\/wp-content\/uploads\/2018\/11\/exemptions_IMG_2018.jpg\" \/>\n\t<meta property=\"og:image:width\" content=\"800\" \/>\n\t<meta property=\"og:image:height\" content=\"1067\" \/>\n\t<meta property=\"og:image:type\" content=\"image\/jpeg\" \/>\n<meta name=\"author\" content=\"Maureen Nuyts\" \/>\n<meta name=\"twitter:card\" content=\"summary_large_image\" \/>\n<meta name=\"twitter:label1\" content=\"\u00c9crit par\" \/>\n\t<meta name=\"twitter:data1\" content=\"Maureen Nuyts\" \/>\n\t<meta name=\"twitter:label2\" content=\"Dur\u00e9e de lecture estim\u00e9e\" \/>\n\t<meta name=\"twitter:data2\" content=\"1 minute\" \/>\n<script type=\"application\/ld+json\" class=\"yoast-schema-graph\">{\"@context\":\"https:\\\/\\\/schema.org\",\"@graph\":[{\"@type\":\"Article\",\"@id\":\"https:\\\/\\\/www.life-belini.be\\\/fr\\\/atelier-derogations-a-la-directive-cadre-sur-leau\\\/#article\",\"isPartOf\":{\"@id\":\"https:\\\/\\\/www.life-belini.be\\\/fr\\\/atelier-derogations-a-la-directive-cadre-sur-leau\\\/\"},\"author\":{\"name\":\"Maureen Nuyts\",\"@id\":\"https:\\\/\\\/www.life-belini.be\\\/nl\\\/#\\\/schema\\\/person\\\/84a9c6d38af471fa4c482917c2aa2b5b\"},\"headline\":\"Atelier d\u00e9rogations \u00e0 la directive-cadre sur l\u2019eau\",\"datePublished\":\"2018-10-17T14:12:14+00:00\",\"dateModified\":\"2020-06-30T01:29:33+00:00\",\"mainEntityOfPage\":{\"@id\":\"https:\\\/\\\/www.life-belini.be\\\/fr\\\/atelier-derogations-a-la-directive-cadre-sur-leau\\\/\"},\"wordCount\":244,\"image\":{\"@id\":\"https:\\\/\\\/www.life-belini.be\\\/fr\\\/atelier-derogations-a-la-directive-cadre-sur-leau\\\/#primaryimage\"},\"thumbnailUrl\":\"https:\\\/\\\/www.life-belini.be\\\/wp-content\\\/uploads\\\/2018\\\/11\\\/exemptions_IMG_2018.jpg\",\"articleSection\":[\"news fr\"],\"inLanguage\":\"fr-FR\"},{\"@type\":\"WebPage\",\"@id\":\"https:\\\/\\\/www.life-belini.be\\\/fr\\\/atelier-derogations-a-la-directive-cadre-sur-leau\\\/\",\"url\":\"https:\\\/\\\/www.life-belini.be\\\/fr\\\/atelier-derogations-a-la-directive-cadre-sur-leau\\\/\",\"name\":\"Atelier d\u00e9rogations \u00e0 la directive-cadre sur l\u2019eau - LIFE Belini\",\"isPartOf\":{\"@id\":\"https:\\\/\\\/www.life-belini.be\\\/nl\\\/#website\"},\"primaryImageOfPage\":{\"@id\":\"https:\\\/\\\/www.life-belini.be\\\/fr\\\/atelier-derogations-a-la-directive-cadre-sur-leau\\\/#primaryimage\"},\"image\":{\"@id\":\"https:\\\/\\\/www.life-belini.be\\\/fr\\\/atelier-derogations-a-la-directive-cadre-sur-leau\\\/#primaryimage\"},\"thumbnailUrl\":\"https:\\\/\\\/www.life-belini.be\\\/wp-content\\\/uploads\\\/2018\\\/11\\\/exemptions_IMG_2018.jpg\",\"datePublished\":\"2018-10-17T14:12:14+00:00\",\"dateModified\":\"2020-06-30T01:29:33+00:00\",\"author\":{\"@id\":\"https:\\\/\\\/www.life-belini.be\\\/nl\\\/#\\\/schema\\\/person\\\/84a9c6d38af471fa4c482917c2aa2b5b\"},\"breadcrumb\":{\"@id\":\"https:\\\/\\\/www.life-belini.be\\\/fr\\\/atelier-derogations-a-la-directive-cadre-sur-leau\\\/#breadcrumb\"},\"inLanguage\":\"fr-FR\",\"potentialAction\":[{\"@type\":\"ReadAction\",\"target\":[\"https:\\\/\\\/www.life-belini.be\\\/fr\\\/atelier-derogations-a-la-directive-cadre-sur-leau\\\/\"]}]},{\"@type\":\"ImageObject\",\"inLanguage\":\"fr-FR\",\"@id\":\"https:\\\/\\\/www.life-belini.be\\\/fr\\\/atelier-derogations-a-la-directive-cadre-sur-leau\\\/#primaryimage\",\"url\":\"https:\\\/\\\/www.life-belini.be\\\/wp-content\\\/uploads\\\/2018\\\/11\\\/exemptions_IMG_2018.jpg\",\"contentUrl\":\"https:\\\/\\\/www.life-belini.be\\\/wp-content\\\/uploads\\\/2018\\\/11\\\/exemptions_IMG_2018.jpg\",\"width\":800,\"height\":1067},{\"@type\":\"BreadcrumbList\",\"@id\":\"https:\\\/\\\/www.life-belini.be\\\/fr\\\/atelier-derogations-a-la-directive-cadre-sur-leau\\\/#breadcrumb\",\"itemListElement\":[{\"@type\":\"ListItem\",\"position\":1,\"name\":\"Home\",\"item\":\"https:\\\/\\\/www.life-belini.be\\\/fr\\\/home-2\\\/\"},{\"@type\":\"ListItem\",\"position\":2,\"name\":\"Atelier d\u00e9rogations \u00e0 la directive-cadre sur l\u2019eau\"}]},{\"@type\":\"WebSite\",\"@id\":\"https:\\\/\\\/www.life-belini.be\\\/nl\\\/#website\",\"url\":\"https:\\\/\\\/www.life-belini.be\\\/nl\\\/\",\"name\":\"LIFE Belini\",\"description\":\"Belgian initiative for making a leap forward towards good status in the river basin district of the Scheldt\",\"potentialAction\":[{\"@type\":\"SearchAction\",\"target\":{\"@type\":\"EntryPoint\",\"urlTemplate\":\"https:\\\/\\\/www.life-belini.be\\\/nl\\\/?s={search_term_string}\"},\"query-input\":{\"@type\":\"PropertyValueSpecification\",\"valueRequired\":true,\"valueName\":\"search_term_string\"}}],\"inLanguage\":\"fr-FR\"},{\"@type\":\"Person\",\"@id\":\"https:\\\/\\\/www.life-belini.be\\\/nl\\\/#\\\/schema\\\/person\\\/84a9c6d38af471fa4c482917c2aa2b5b\",\"name\":\"Maureen Nuyts\",\"url\":\"https:\\\/\\\/www.life-belini.be\\\/fr\\\/author\\\/maureen-nuyts\\\/\"}]}<\/script>\n<!-- \/ Yoast SEO plugin. -->","yoast_head_json":{"title":"Atelier d\u00e9rogations \u00e0 la directive-cadre sur l\u2019eau - LIFE Belini","robots":{"index":"index","follow":"follow","max-snippet":"max-snippet:-1","max-image-preview":"max-image-preview:large","max-video-preview":"max-video-preview:-1"},"canonical":"https:\/\/www.life-belini.be\/fr\/atelier-derogations-a-la-directive-cadre-sur-leau\/","og_locale":"fr_FR","og_type":"article","og_title":"Atelier d\u00e9rogations \u00e0 la directive-cadre sur l\u2019eau - LIFE Belini","og_description":"Op 16 oktober 2018 is de eerste van drie workshops gehouden over het thema afwijkingen in de kaderrichtlijn Water.","og_url":"https:\/\/www.life-belini.be\/fr\/atelier-derogations-a-la-directive-cadre-sur-leau\/","og_site_name":"LIFE Belini","article_published_time":"2018-10-17T14:12:14+00:00","article_modified_time":"2020-06-30T01:29:33+00:00","og_image":[{"width":800,"height":1067,"url":"https:\/\/www.life-belini.be\/wp-content\/uploads\/2018\/11\/exemptions_IMG_2018.jpg","type":"image\/jpeg"}],"author":"Maureen Nuyts","twitter_card":"summary_large_image","twitter_misc":{"\u00c9crit par":"Maureen Nuyts","Dur\u00e9e de lecture estim\u00e9e":"1 minute"},"schema":{"@context":"https:\/\/schema.org","@graph":[{"@type":"Article","@id":"https:\/\/www.life-belini.be\/fr\/atelier-derogations-a-la-directive-cadre-sur-leau\/#article","isPartOf":{"@id":"https:\/\/www.life-belini.be\/fr\/atelier-derogations-a-la-directive-cadre-sur-leau\/"},"author":{"name":"Maureen Nuyts","@id":"https:\/\/www.life-belini.be\/nl\/#\/schema\/person\/84a9c6d38af471fa4c482917c2aa2b5b"},"headline":"Atelier d\u00e9rogations \u00e0 la directive-cadre sur l\u2019eau","datePublished":"2018-10-17T14:12:14+00:00","dateModified":"2020-06-30T01:29:33+00:00","mainEntityOfPage":{"@id":"https:\/\/www.life-belini.be\/fr\/atelier-derogations-a-la-directive-cadre-sur-leau\/"},"wordCount":244,"image":{"@id":"https:\/\/www.life-belini.be\/fr\/atelier-derogations-a-la-directive-cadre-sur-leau\/#primaryimage"},"thumbnailUrl":"https:\/\/www.life-belini.be\/wp-content\/uploads\/2018\/11\/exemptions_IMG_2018.jpg","articleSection":["news fr"],"inLanguage":"fr-FR"},{"@type":"WebPage","@id":"https:\/\/www.life-belini.be\/fr\/atelier-derogations-a-la-directive-cadre-sur-leau\/","url":"https:\/\/www.life-belini.be\/fr\/atelier-derogations-a-la-directive-cadre-sur-leau\/","name":"Atelier d\u00e9rogations \u00e0 la directive-cadre sur l\u2019eau - LIFE Belini","isPartOf":{"@id":"https:\/\/www.life-belini.be\/nl\/#website"},"primaryImageOfPage":{"@id":"https:\/\/www.life-belini.be\/fr\/atelier-derogations-a-la-directive-cadre-sur-leau\/#primaryimage"},"image":{"@id":"https:\/\/www.life-belini.be\/fr\/atelier-derogations-a-la-directive-cadre-sur-leau\/#primaryimage"},"thumbnailUrl":"https:\/\/www.life-belini.be\/wp-content\/uploads\/2018\/11\/exemptions_IMG_2018.jpg","datePublished":"2018-10-17T14:12:14+00:00","dateModified":"2020-06-30T01:29:33+00:00","author":{"@id":"https:\/\/www.life-belini.be\/nl\/#\/schema\/person\/84a9c6d38af471fa4c482917c2aa2b5b"},"breadcrumb":{"@id":"https:\/\/www.life-belini.be\/fr\/atelier-derogations-a-la-directive-cadre-sur-leau\/#breadcrumb"},"inLanguage":"fr-FR","potentialAction":[{"@type":"ReadAction","target":["https:\/\/www.life-belini.be\/fr\/atelier-derogations-a-la-directive-cadre-sur-leau\/"]}]},{"@type":"ImageObject","inLanguage":"fr-FR","@id":"https:\/\/www.life-belini.be\/fr\/atelier-derogations-a-la-directive-cadre-sur-leau\/#primaryimage","url":"https:\/\/www.life-belini.be\/wp-content\/uploads\/2018\/11\/exemptions_IMG_2018.jpg","contentUrl":"https:\/\/www.life-belini.be\/wp-content\/uploads\/2018\/11\/exemptions_IMG_2018.jpg","width":800,"height":1067},{"@type":"BreadcrumbList","@id":"https:\/\/www.life-belini.be\/fr\/atelier-derogations-a-la-directive-cadre-sur-leau\/#breadcrumb","itemListElement":[{"@type":"ListItem","position":1,"name":"Home","item":"https:\/\/www.life-belini.be\/fr\/home-2\/"},{"@type":"ListItem","position":2,"name":"Atelier d\u00e9rogations \u00e0 la directive-cadre sur l\u2019eau"}]},{"@type":"WebSite","@id":"https:\/\/www.life-belini.be\/nl\/#website","url":"https:\/\/www.life-belini.be\/nl\/","name":"LIFE Belini","description":"Belgian initiative for making a leap forward towards good status in the river basin district of the Scheldt","potentialAction":[{"@type":"SearchAction","target":{"@type":"EntryPoint","urlTemplate":"https:\/\/www.life-belini.be\/nl\/?s={search_term_string}"},"query-input":{"@type":"PropertyValueSpecification","valueRequired":true,"valueName":"search_term_string"}}],"inLanguage":"fr-FR"},{"@type":"Person","@id":"https:\/\/www.life-belini.be\/nl\/#\/schema\/person\/84a9c6d38af471fa4c482917c2aa2b5b","name":"Maureen Nuyts","url":"https:\/\/www.life-belini.be\/fr\/author\/maureen-nuyts\/"}]}},"_links":{"self":[{"href":"https:\/\/www.life-belini.be\/fr\/wp-json\/wp\/v2\/posts\/1862","targetHints":{"allow":["GET"]}}],"collection":[{"href":"https:\/\/www.life-belini.be\/fr\/wp-json\/wp\/v2\/posts"}],"about":[{"href":"https:\/\/www.life-belini.be\/fr\/wp-json\/wp\/v2\/types\/post"}],"author":[{"embeddable":true,"href":"https:\/\/www.life-belini.be\/fr\/wp-json\/wp\/v2\/users\/6"}],"replies":[{"embeddable":true,"href":"https:\/\/www.life-belini.be\/fr\/wp-json\/wp\/v2\/comments?post=1862"}],"version-history":[{"count":0,"href":"https:\/\/www.life-belini.be\/fr\/wp-json\/wp\/v2\/posts\/1862\/revisions"}],"wp:featuredmedia":[{"embeddable":true,"href":"https:\/\/www.life-belini.be\/fr\/wp-json\/wp\/v2\/media\/3304"}],"wp:attachment":[{"href":"https:\/\/www.life-belini.be\/fr\/wp-json\/wp\/v2\/media?parent=1862"}],"wp:term":[{"taxonomy":"category","embeddable":true,"href":"https:\/\/www.life-belini.be\/fr\/wp-json\/wp\/v2\/categories?post=1862"},{"taxonomy":"post_tag","embeddable":true,"href":"https:\/\/www.life-belini.be\/fr\/wp-json\/wp\/v2\/tags?post=1862"}],"curies":[{"name":"wp","href":"https:\/\/api.w.org\/{rel}","templated":true}]}}