{"id":1635,"date":"2018-11-23T13:21:20","date_gmt":"2018-11-23T13:21:20","guid":{"rendered":"https:\/\/www.life-belini.be\/1628\/"},"modified":"2020-06-30T01:28:09","modified_gmt":"2020-06-30T01:28:09","slug":"journee-detude-plus-que-de-leau","status":"publish","type":"post","link":"https:\/\/www.life-belini.be\/fr\/journee-detude-plus-que-de-leau\/","title":{"rendered":"Journ\u00e9e d\u2019\u00e9tude \u2018Plus que de l\u2019eau\u2019"},"content":{"rendered":"<p><strong>C\u2019est \u00e0 Huldenberg que s\u2019est d\u00e9roul\u00e9e hier\u00a0 la journ\u00e9e d\u2019\u00e9tude \u00ab\u00a0Belini \u2013 Plus que de l\u2019eau\u00a0\u00bb. Une quinzaine d\u2019agriculteurs se sont r\u00e9unis \u00e0 Hof Ter Vaeren pour un brainstorming sur le th\u00e8me d\u2019une meilleure qualit\u00e9 de l\u2019eau dans le cadre du projet europ\u00e9en LIFE Belini.<\/strong><\/p>\n<p>L\u2019intitul\u00e9 \u00ab\u00a0Plus que de l\u2019eau\u00a0\u00bb se r\u00e9f\u00e8re au fait que d\u2019autres sujets, tels que la lutte contre l\u2019\u00e9rosion et les changements climatiques, ont \u00e9galement \u00e9t\u00e9 abord\u00e9s. Ci-dessous quelques photos refl\u00e8tent l\u2019ambiance de travail.<\/p>\n","protected":false},"excerpt":{"rendered":"<p>In Huldenberg ging donderdag 22 november de studiedag \u00ab\u00a0Belini &#8211; Meer dan water\u00a0\u00bb doorom te werken rond idee\u00ebn voor een betere waterkwaliteit.<\/p>\n","protected":false},"author":6,"featured_media":3311,"comment_status":"closed","ping_status":"closed","sticky":false,"template":"","format":"standard","meta":{"_acf_changed":false,"_exactmetrics_skip_tracking":false,"_exactmetrics_sitenote_active":false,"_exactmetrics_sitenote_note":"","_exactmetrics_sitenote_category":0,"footnotes":""},"categories":[30],"tags":[],"class_list":["post-1635","post","type-post","status-publish","format-standard","has-post-thumbnail","hentry","category-news-fr"],"acf":[],"yoast_head":"<!-- This site is optimized with the Yoast SEO plugin v27.4 - https:\/\/yoast.com\/product\/yoast-seo-wordpress\/ -->\n<title>Journ\u00e9e d\u2019\u00e9tude \u2018Plus que de l\u2019eau\u2019 - LIFE Belini<\/title>\n<meta name=\"robots\" content=\"index, follow, max-snippet:-1, max-image-preview:large, max-video-preview:-1\" \/>\n<link rel=\"canonical\" href=\"https:\/\/www.life-belini.be\/fr\/journee-detude-plus-que-de-leau\/\" \/>\n<meta property=\"og:locale\" content=\"fr_FR\" \/>\n<meta property=\"og:type\" content=\"article\" \/>\n<meta property=\"og:title\" content=\"Journ\u00e9e d\u2019\u00e9tude \u2018Plus que de l\u2019eau\u2019 - LIFE Belini\" \/>\n<meta property=\"og:description\" content=\"In Huldenberg ging donderdag 22 november de studiedag &quot;Belini - Meer dan water&quot; doorom te werken rond idee\u00ebn voor een betere waterkwaliteit.\" \/>\n<meta property=\"og:url\" content=\"https:\/\/www.life-belini.be\/fr\/journee-detude-plus-que-de-leau\/\" \/>\n<meta property=\"og:site_name\" content=\"LIFE Belini\" \/>\n<meta property=\"article:published_time\" content=\"2018-11-23T13:21:20+00:00\" \/>\n<meta property=\"article:modified_time\" content=\"2020-06-30T01:28:09+00:00\" \/>\n<meta property=\"og:image\" content=\"https:\/\/www.life-belini.be\/wp-content\/uploads\/2018\/11\/vlm_JT_DSC_3546_.jpg\" \/>\n\t<meta property=\"og:image:width\" content=\"800\" \/>\n\t<meta property=\"og:image:height\" content=\"530\" \/>\n\t<meta property=\"og:image:type\" content=\"image\/jpeg\" \/>\n<meta name=\"author\" content=\"Maureen Nuyts\" \/>\n<meta name=\"twitter:card\" content=\"summary_large_image\" \/>\n<meta name=\"twitter:label1\" content=\"\u00c9crit par\" \/>\n\t<meta name=\"twitter:data1\" content=\"Maureen Nuyts\" \/>\n<script type=\"application\/ld+json\" class=\"yoast-schema-graph\">{\"@context\":\"https:\\\/\\\/schema.org\",\"@graph\":[{\"@type\":\"Article\",\"@id\":\"https:\\\/\\\/www.life-belini.be\\\/fr\\\/journee-detude-plus-que-de-leau\\\/#article\",\"isPartOf\":{\"@id\":\"https:\\\/\\\/www.life-belini.be\\\/fr\\\/journee-detude-plus-que-de-leau\\\/\"},\"author\":{\"name\":\"Maureen Nuyts\",\"@id\":\"https:\\\/\\\/www.life-belini.be\\\/nl\\\/#\\\/schema\\\/person\\\/84a9c6d38af471fa4c482917c2aa2b5b\"},\"headline\":\"Journ\u00e9e d\u2019\u00e9tude \u2018Plus que de l\u2019eau\u2019\",\"datePublished\":\"2018-11-23T13:21:20+00:00\",\"dateModified\":\"2020-06-30T01:28:09+00:00\",\"mainEntityOfPage\":{\"@id\":\"https:\\\/\\\/www.life-belini.be\\\/fr\\\/journee-detude-plus-que-de-leau\\\/\"},\"wordCount\":106,\"image\":{\"@id\":\"https:\\\/\\\/www.life-belini.be\\\/fr\\\/journee-detude-plus-que-de-leau\\\/#primaryimage\"},\"thumbnailUrl\":\"https:\\\/\\\/www.life-belini.be\\\/wp-content\\\/uploads\\\/2018\\\/11\\\/vlm_JT_DSC_3546_.jpg\",\"articleSection\":[\"news fr\"],\"inLanguage\":\"fr-FR\"},{\"@type\":\"WebPage\",\"@id\":\"https:\\\/\\\/www.life-belini.be\\\/fr\\\/journee-detude-plus-que-de-leau\\\/\",\"url\":\"https:\\\/\\\/www.life-belini.be\\\/fr\\\/journee-detude-plus-que-de-leau\\\/\",\"name\":\"Journ\u00e9e d\u2019\u00e9tude \u2018Plus que de l\u2019eau\u2019 - LIFE Belini\",\"isPartOf\":{\"@id\":\"https:\\\/\\\/www.life-belini.be\\\/nl\\\/#website\"},\"primaryImageOfPage\":{\"@id\":\"https:\\\/\\\/www.life-belini.be\\\/fr\\\/journee-detude-plus-que-de-leau\\\/#primaryimage\"},\"image\":{\"@id\":\"https:\\\/\\\/www.life-belini.be\\\/fr\\\/journee-detude-plus-que-de-leau\\\/#primaryimage\"},\"thumbnailUrl\":\"https:\\\/\\\/www.life-belini.be\\\/wp-content\\\/uploads\\\/2018\\\/11\\\/vlm_JT_DSC_3546_.jpg\",\"datePublished\":\"2018-11-23T13:21:20+00:00\",\"dateModified\":\"2020-06-30T01:28:09+00:00\",\"author\":{\"@id\":\"https:\\\/\\\/www.life-belini.be\\\/nl\\\/#\\\/schema\\\/person\\\/84a9c6d38af471fa4c482917c2aa2b5b\"},\"breadcrumb\":{\"@id\":\"https:\\\/\\\/www.life-belini.be\\\/fr\\\/journee-detude-plus-que-de-leau\\\/#breadcrumb\"},\"inLanguage\":\"fr-FR\",\"potentialAction\":[{\"@type\":\"ReadAction\",\"target\":[\"https:\\\/\\\/www.life-belini.be\\\/fr\\\/journee-detude-plus-que-de-leau\\\/\"]}]},{\"@type\":\"ImageObject\",\"inLanguage\":\"fr-FR\",\"@id\":\"https:\\\/\\\/www.life-belini.be\\\/fr\\\/journee-detude-plus-que-de-leau\\\/#primaryimage\",\"url\":\"https:\\\/\\\/www.life-belini.be\\\/wp-content\\\/uploads\\\/2018\\\/11\\\/vlm_JT_DSC_3546_.jpg\",\"contentUrl\":\"https:\\\/\\\/www.life-belini.be\\\/wp-content\\\/uploads\\\/2018\\\/11\\\/vlm_JT_DSC_3546_.jpg\",\"width\":800,\"height\":530},{\"@type\":\"BreadcrumbList\",\"@id\":\"https:\\\/\\\/www.life-belini.be\\\/fr\\\/journee-detude-plus-que-de-leau\\\/#breadcrumb\",\"itemListElement\":[{\"@type\":\"ListItem\",\"position\":1,\"name\":\"Home\",\"item\":\"https:\\\/\\\/www.life-belini.be\\\/fr\\\/home-2\\\/\"},{\"@type\":\"ListItem\",\"position\":2,\"name\":\"Journ\u00e9e d\u2019\u00e9tude \u2018Plus que de l\u2019eau\u2019\"}]},{\"@type\":\"WebSite\",\"@id\":\"https:\\\/\\\/www.life-belini.be\\\/nl\\\/#website\",\"url\":\"https:\\\/\\\/www.life-belini.be\\\/nl\\\/\",\"name\":\"LIFE Belini\",\"description\":\"Belgian initiative for making a leap forward towards good status in the river basin district of the Scheldt\",\"potentialAction\":[{\"@type\":\"SearchAction\",\"target\":{\"@type\":\"EntryPoint\",\"urlTemplate\":\"https:\\\/\\\/www.life-belini.be\\\/nl\\\/?s={search_term_string}\"},\"query-input\":{\"@type\":\"PropertyValueSpecification\",\"valueRequired\":true,\"valueName\":\"search_term_string\"}}],\"inLanguage\":\"fr-FR\"},{\"@type\":\"Person\",\"@id\":\"https:\\\/\\\/www.life-belini.be\\\/nl\\\/#\\\/schema\\\/person\\\/84a9c6d38af471fa4c482917c2aa2b5b\",\"name\":\"Maureen Nuyts\",\"url\":\"https:\\\/\\\/www.life-belini.be\\\/fr\\\/author\\\/maureen-nuyts\\\/\"}]}<\/script>\n<!-- \/ Yoast SEO plugin. -->","yoast_head_json":{"title":"Journ\u00e9e d\u2019\u00e9tude \u2018Plus que de l\u2019eau\u2019 - LIFE Belini","robots":{"index":"index","follow":"follow","max-snippet":"max-snippet:-1","max-image-preview":"max-image-preview:large","max-video-preview":"max-video-preview:-1"},"canonical":"https:\/\/www.life-belini.be\/fr\/journee-detude-plus-que-de-leau\/","og_locale":"fr_FR","og_type":"article","og_title":"Journ\u00e9e d\u2019\u00e9tude \u2018Plus que de l\u2019eau\u2019 - LIFE Belini","og_description":"In Huldenberg ging donderdag 22 november de studiedag \"Belini - Meer dan water\" doorom te werken rond idee\u00ebn voor een betere waterkwaliteit.","og_url":"https:\/\/www.life-belini.be\/fr\/journee-detude-plus-que-de-leau\/","og_site_name":"LIFE Belini","article_published_time":"2018-11-23T13:21:20+00:00","article_modified_time":"2020-06-30T01:28:09+00:00","og_image":[{"width":800,"height":530,"url":"https:\/\/www.life-belini.be\/wp-content\/uploads\/2018\/11\/vlm_JT_DSC_3546_.jpg","type":"image\/jpeg"}],"author":"Maureen Nuyts","twitter_card":"summary_large_image","twitter_misc":{"\u00c9crit par":"Maureen Nuyts"},"schema":{"@context":"https:\/\/schema.org","@graph":[{"@type":"Article","@id":"https:\/\/www.life-belini.be\/fr\/journee-detude-plus-que-de-leau\/#article","isPartOf":{"@id":"https:\/\/www.life-belini.be\/fr\/journee-detude-plus-que-de-leau\/"},"author":{"name":"Maureen Nuyts","@id":"https:\/\/www.life-belini.be\/nl\/#\/schema\/person\/84a9c6d38af471fa4c482917c2aa2b5b"},"headline":"Journ\u00e9e d\u2019\u00e9tude \u2018Plus que de l\u2019eau\u2019","datePublished":"2018-11-23T13:21:20+00:00","dateModified":"2020-06-30T01:28:09+00:00","mainEntityOfPage":{"@id":"https:\/\/www.life-belini.be\/fr\/journee-detude-plus-que-de-leau\/"},"wordCount":106,"image":{"@id":"https:\/\/www.life-belini.be\/fr\/journee-detude-plus-que-de-leau\/#primaryimage"},"thumbnailUrl":"https:\/\/www.life-belini.be\/wp-content\/uploads\/2018\/11\/vlm_JT_DSC_3546_.jpg","articleSection":["news fr"],"inLanguage":"fr-FR"},{"@type":"WebPage","@id":"https:\/\/www.life-belini.be\/fr\/journee-detude-plus-que-de-leau\/","url":"https:\/\/www.life-belini.be\/fr\/journee-detude-plus-que-de-leau\/","name":"Journ\u00e9e d\u2019\u00e9tude \u2018Plus que de l\u2019eau\u2019 - LIFE Belini","isPartOf":{"@id":"https:\/\/www.life-belini.be\/nl\/#website"},"primaryImageOfPage":{"@id":"https:\/\/www.life-belini.be\/fr\/journee-detude-plus-que-de-leau\/#primaryimage"},"image":{"@id":"https:\/\/www.life-belini.be\/fr\/journee-detude-plus-que-de-leau\/#primaryimage"},"thumbnailUrl":"https:\/\/www.life-belini.be\/wp-content\/uploads\/2018\/11\/vlm_JT_DSC_3546_.jpg","datePublished":"2018-11-23T13:21:20+00:00","dateModified":"2020-06-30T01:28:09+00:00","author":{"@id":"https:\/\/www.life-belini.be\/nl\/#\/schema\/person\/84a9c6d38af471fa4c482917c2aa2b5b"},"breadcrumb":{"@id":"https:\/\/www.life-belini.be\/fr\/journee-detude-plus-que-de-leau\/#breadcrumb"},"inLanguage":"fr-FR","potentialAction":[{"@type":"ReadAction","target":["https:\/\/www.life-belini.be\/fr\/journee-detude-plus-que-de-leau\/"]}]},{"@type":"ImageObject","inLanguage":"fr-FR","@id":"https:\/\/www.life-belini.be\/fr\/journee-detude-plus-que-de-leau\/#primaryimage","url":"https:\/\/www.life-belini.be\/wp-content\/uploads\/2018\/11\/vlm_JT_DSC_3546_.jpg","contentUrl":"https:\/\/www.life-belini.be\/wp-content\/uploads\/2018\/11\/vlm_JT_DSC_3546_.jpg","width":800,"height":530},{"@type":"BreadcrumbList","@id":"https:\/\/www.life-belini.be\/fr\/journee-detude-plus-que-de-leau\/#breadcrumb","itemListElement":[{"@type":"ListItem","position":1,"name":"Home","item":"https:\/\/www.life-belini.be\/fr\/home-2\/"},{"@type":"ListItem","position":2,"name":"Journ\u00e9e d\u2019\u00e9tude \u2018Plus que de l\u2019eau\u2019"}]},{"@type":"WebSite","@id":"https:\/\/www.life-belini.be\/nl\/#website","url":"https:\/\/www.life-belini.be\/nl\/","name":"LIFE Belini","description":"Belgian initiative for making a leap forward towards good status in the river basin district of the Scheldt","potentialAction":[{"@type":"SearchAction","target":{"@type":"EntryPoint","urlTemplate":"https:\/\/www.life-belini.be\/nl\/?s={search_term_string}"},"query-input":{"@type":"PropertyValueSpecification","valueRequired":true,"valueName":"search_term_string"}}],"inLanguage":"fr-FR"},{"@type":"Person","@id":"https:\/\/www.life-belini.be\/nl\/#\/schema\/person\/84a9c6d38af471fa4c482917c2aa2b5b","name":"Maureen Nuyts","url":"https:\/\/www.life-belini.be\/fr\/author\/maureen-nuyts\/"}]}},"_links":{"self":[{"href":"https:\/\/www.life-belini.be\/fr\/wp-json\/wp\/v2\/posts\/1635","targetHints":{"allow":["GET"]}}],"collection":[{"href":"https:\/\/www.life-belini.be\/fr\/wp-json\/wp\/v2\/posts"}],"about":[{"href":"https:\/\/www.life-belini.be\/fr\/wp-json\/wp\/v2\/types\/post"}],"author":[{"embeddable":true,"href":"https:\/\/www.life-belini.be\/fr\/wp-json\/wp\/v2\/users\/6"}],"replies":[{"embeddable":true,"href":"https:\/\/www.life-belini.be\/fr\/wp-json\/wp\/v2\/comments?post=1635"}],"version-history":[{"count":0,"href":"https:\/\/www.life-belini.be\/fr\/wp-json\/wp\/v2\/posts\/1635\/revisions"}],"wp:featuredmedia":[{"embeddable":true,"href":"https:\/\/www.life-belini.be\/fr\/wp-json\/wp\/v2\/media\/3311"}],"wp:attachment":[{"href":"https:\/\/www.life-belini.be\/fr\/wp-json\/wp\/v2\/media?parent=1635"}],"wp:term":[{"taxonomy":"category","embeddable":true,"href":"https:\/\/www.life-belini.be\/fr\/wp-json\/wp\/v2\/categories?post=1635"},{"taxonomy":"post_tag","embeddable":true,"href":"https:\/\/www.life-belini.be\/fr\/wp-json\/wp\/v2\/tags?post=1635"}],"curies":[{"name":"wp","href":"https:\/\/api.w.org\/{rel}","templated":true}]}}