{"id":1561,"date":"2018-09-24T11:52:52","date_gmt":"2018-09-24T11:52:52","guid":{"rendered":"https:\/\/www.life-belini.be\/geslaagde-ijsedag-onder-wisselvallig-weer\/"},"modified":"2020-06-30T01:32:27","modified_gmt":"2020-06-30T01:32:27","slug":"ijsedag-a-huldenberg","status":"publish","type":"post","link":"https:\/\/www.life-belini.be\/fr\/ijsedag-a-huldenberg\/","title":{"rendered":"Journ\u00e9e de l&rsquo;IJse r\u00e9ussie"},"content":{"rendered":"<p><strong>Les caprices de la m\u00e9t\u00e9o n\u2019ont pas d\u00e9courag\u00e9 les nombreux visiteurs qui se sont rendus le dimanche 23\u00a0septembre \u00e0 la premi\u00e8re IJsedag organis\u00e9e au moulin de Loonbeek \u00e0 Huldenberg.<\/strong><\/p>\n<p>Les multiples randonn\u00e9es et le salon d\u2019information ont s\u00e9duit plus d\u2019un curieux. Nous-m\u00eames avons eu grand plaisir \u00e0 y exposer notre projet et nos plans de r\u00e9am\u00e9nagement pour la vall\u00e9e de l\u2019IJse.<\/p>\n<p>Vous trouverez de plus amples informations sur toutes les actions men\u00e9es dans le cadre du projet Belini pour la r\u00e9habilitation de la vall\u00e9e de l\u2019IJse dans le bulletin d\u2019information de l\u2019IJse (septembre\u00a02018).<\/p>\n","protected":false},"excerpt":{"rendered":"<p>Op zondag 23 september waren we van de partij voor de eerste IJsedag in Huldenberg<\/p>\n","protected":false},"author":6,"featured_media":3276,"comment_status":"closed","ping_status":"closed","sticky":false,"template":"","format":"standard","meta":{"_acf_changed":false,"_exactmetrics_skip_tracking":false,"_exactmetrics_sitenote_active":false,"_exactmetrics_sitenote_note":"","_exactmetrics_sitenote_category":0,"footnotes":""},"categories":[30],"tags":[],"class_list":["post-1561","post","type-post","status-publish","format-standard","has-post-thumbnail","hentry","category-news-fr"],"acf":[],"yoast_head":"<!-- This site is optimized with the Yoast SEO plugin v27.4 - https:\/\/yoast.com\/product\/yoast-seo-wordpress\/ -->\n<title>Journ\u00e9e de l&#039;IJse r\u00e9ussie - LIFE Belini<\/title>\n<meta name=\"robots\" content=\"index, follow, max-snippet:-1, max-image-preview:large, max-video-preview:-1\" \/>\n<link rel=\"canonical\" href=\"https:\/\/www.life-belini.be\/fr\/ijsedag-a-huldenberg\/\" \/>\n<meta property=\"og:locale\" content=\"fr_FR\" \/>\n<meta property=\"og:type\" content=\"article\" \/>\n<meta property=\"og:title\" content=\"Journ\u00e9e de l&#039;IJse r\u00e9ussie - LIFE Belini\" \/>\n<meta property=\"og:description\" content=\"Op zondag 23 september waren we van de partij voor de eerste IJsedag in Huldenberg\" \/>\n<meta property=\"og:url\" content=\"https:\/\/www.life-belini.be\/fr\/ijsedag-a-huldenberg\/\" \/>\n<meta property=\"og:site_name\" content=\"LIFE Belini\" \/>\n<meta property=\"article:published_time\" content=\"2018-09-24T11:52:52+00:00\" \/>\n<meta property=\"article:modified_time\" content=\"2020-06-30T01:32:27+00:00\" \/>\n<meta property=\"og:image\" content=\"https:\/\/www.life-belini.be\/wp-content\/uploads\/2018\/10\/afvissing.jpg\" \/>\n\t<meta property=\"og:image:width\" content=\"425\" \/>\n\t<meta property=\"og:image:height\" content=\"319\" \/>\n\t<meta property=\"og:image:type\" content=\"image\/jpeg\" \/>\n<meta name=\"author\" content=\"Maureen Nuyts\" \/>\n<meta name=\"twitter:card\" content=\"summary_large_image\" \/>\n<meta name=\"twitter:label1\" content=\"\u00c9crit par\" \/>\n\t<meta name=\"twitter:data1\" content=\"Maureen Nuyts\" \/>\n\t<meta name=\"twitter:label2\" content=\"Dur\u00e9e de lecture estim\u00e9e\" \/>\n\t<meta name=\"twitter:data2\" content=\"1 minute\" \/>\n<script type=\"application\/ld+json\" class=\"yoast-schema-graph\">{\"@context\":\"https:\\\/\\\/schema.org\",\"@graph\":[{\"@type\":\"Article\",\"@id\":\"https:\\\/\\\/www.life-belini.be\\\/fr\\\/ijsedag-a-huldenberg\\\/#article\",\"isPartOf\":{\"@id\":\"https:\\\/\\\/www.life-belini.be\\\/fr\\\/ijsedag-a-huldenberg\\\/\"},\"author\":{\"name\":\"Maureen Nuyts\",\"@id\":\"https:\\\/\\\/www.life-belini.be\\\/nl\\\/#\\\/schema\\\/person\\\/84a9c6d38af471fa4c482917c2aa2b5b\"},\"headline\":\"Journ\u00e9e de l&rsquo;IJse r\u00e9ussie\",\"datePublished\":\"2018-09-24T11:52:52+00:00\",\"dateModified\":\"2020-06-30T01:32:27+00:00\",\"mainEntityOfPage\":{\"@id\":\"https:\\\/\\\/www.life-belini.be\\\/fr\\\/ijsedag-a-huldenberg\\\/\"},\"wordCount\":118,\"image\":{\"@id\":\"https:\\\/\\\/www.life-belini.be\\\/fr\\\/ijsedag-a-huldenberg\\\/#primaryimage\"},\"thumbnailUrl\":\"https:\\\/\\\/www.life-belini.be\\\/wp-content\\\/uploads\\\/2018\\\/10\\\/afvissing.jpg\",\"articleSection\":[\"news fr\"],\"inLanguage\":\"fr-FR\"},{\"@type\":\"WebPage\",\"@id\":\"https:\\\/\\\/www.life-belini.be\\\/fr\\\/ijsedag-a-huldenberg\\\/\",\"url\":\"https:\\\/\\\/www.life-belini.be\\\/fr\\\/ijsedag-a-huldenberg\\\/\",\"name\":\"Journ\u00e9e de l'IJse r\u00e9ussie - LIFE Belini\",\"isPartOf\":{\"@id\":\"https:\\\/\\\/www.life-belini.be\\\/nl\\\/#website\"},\"primaryImageOfPage\":{\"@id\":\"https:\\\/\\\/www.life-belini.be\\\/fr\\\/ijsedag-a-huldenberg\\\/#primaryimage\"},\"image\":{\"@id\":\"https:\\\/\\\/www.life-belini.be\\\/fr\\\/ijsedag-a-huldenberg\\\/#primaryimage\"},\"thumbnailUrl\":\"https:\\\/\\\/www.life-belini.be\\\/wp-content\\\/uploads\\\/2018\\\/10\\\/afvissing.jpg\",\"datePublished\":\"2018-09-24T11:52:52+00:00\",\"dateModified\":\"2020-06-30T01:32:27+00:00\",\"author\":{\"@id\":\"https:\\\/\\\/www.life-belini.be\\\/nl\\\/#\\\/schema\\\/person\\\/84a9c6d38af471fa4c482917c2aa2b5b\"},\"breadcrumb\":{\"@id\":\"https:\\\/\\\/www.life-belini.be\\\/fr\\\/ijsedag-a-huldenberg\\\/#breadcrumb\"},\"inLanguage\":\"fr-FR\",\"potentialAction\":[{\"@type\":\"ReadAction\",\"target\":[\"https:\\\/\\\/www.life-belini.be\\\/fr\\\/ijsedag-a-huldenberg\\\/\"]}]},{\"@type\":\"ImageObject\",\"inLanguage\":\"fr-FR\",\"@id\":\"https:\\\/\\\/www.life-belini.be\\\/fr\\\/ijsedag-a-huldenberg\\\/#primaryimage\",\"url\":\"https:\\\/\\\/www.life-belini.be\\\/wp-content\\\/uploads\\\/2018\\\/10\\\/afvissing.jpg\",\"contentUrl\":\"https:\\\/\\\/www.life-belini.be\\\/wp-content\\\/uploads\\\/2018\\\/10\\\/afvissing.jpg\",\"width\":425,\"height\":319},{\"@type\":\"BreadcrumbList\",\"@id\":\"https:\\\/\\\/www.life-belini.be\\\/fr\\\/ijsedag-a-huldenberg\\\/#breadcrumb\",\"itemListElement\":[{\"@type\":\"ListItem\",\"position\":1,\"name\":\"Home\",\"item\":\"https:\\\/\\\/www.life-belini.be\\\/fr\\\/home-2\\\/\"},{\"@type\":\"ListItem\",\"position\":2,\"name\":\"Journ\u00e9e de l&#8217;IJse r\u00e9ussie\"}]},{\"@type\":\"WebSite\",\"@id\":\"https:\\\/\\\/www.life-belini.be\\\/nl\\\/#website\",\"url\":\"https:\\\/\\\/www.life-belini.be\\\/nl\\\/\",\"name\":\"LIFE Belini\",\"description\":\"Belgian initiative for making a leap forward towards good status in the river basin district of the Scheldt\",\"potentialAction\":[{\"@type\":\"SearchAction\",\"target\":{\"@type\":\"EntryPoint\",\"urlTemplate\":\"https:\\\/\\\/www.life-belini.be\\\/nl\\\/?s={search_term_string}\"},\"query-input\":{\"@type\":\"PropertyValueSpecification\",\"valueRequired\":true,\"valueName\":\"search_term_string\"}}],\"inLanguage\":\"fr-FR\"},{\"@type\":\"Person\",\"@id\":\"https:\\\/\\\/www.life-belini.be\\\/nl\\\/#\\\/schema\\\/person\\\/84a9c6d38af471fa4c482917c2aa2b5b\",\"name\":\"Maureen Nuyts\",\"url\":\"https:\\\/\\\/www.life-belini.be\\\/fr\\\/author\\\/maureen-nuyts\\\/\"}]}<\/script>\n<!-- \/ Yoast SEO plugin. -->","yoast_head_json":{"title":"Journ\u00e9e de l'IJse r\u00e9ussie - LIFE Belini","robots":{"index":"index","follow":"follow","max-snippet":"max-snippet:-1","max-image-preview":"max-image-preview:large","max-video-preview":"max-video-preview:-1"},"canonical":"https:\/\/www.life-belini.be\/fr\/ijsedag-a-huldenberg\/","og_locale":"fr_FR","og_type":"article","og_title":"Journ\u00e9e de l'IJse r\u00e9ussie - LIFE Belini","og_description":"Op zondag 23 september waren we van de partij voor de eerste IJsedag in Huldenberg","og_url":"https:\/\/www.life-belini.be\/fr\/ijsedag-a-huldenberg\/","og_site_name":"LIFE Belini","article_published_time":"2018-09-24T11:52:52+00:00","article_modified_time":"2020-06-30T01:32:27+00:00","og_image":[{"width":425,"height":319,"url":"https:\/\/www.life-belini.be\/wp-content\/uploads\/2018\/10\/afvissing.jpg","type":"image\/jpeg"}],"author":"Maureen Nuyts","twitter_card":"summary_large_image","twitter_misc":{"\u00c9crit par":"Maureen Nuyts","Dur\u00e9e de lecture estim\u00e9e":"1 minute"},"schema":{"@context":"https:\/\/schema.org","@graph":[{"@type":"Article","@id":"https:\/\/www.life-belini.be\/fr\/ijsedag-a-huldenberg\/#article","isPartOf":{"@id":"https:\/\/www.life-belini.be\/fr\/ijsedag-a-huldenberg\/"},"author":{"name":"Maureen Nuyts","@id":"https:\/\/www.life-belini.be\/nl\/#\/schema\/person\/84a9c6d38af471fa4c482917c2aa2b5b"},"headline":"Journ\u00e9e de l&rsquo;IJse r\u00e9ussie","datePublished":"2018-09-24T11:52:52+00:00","dateModified":"2020-06-30T01:32:27+00:00","mainEntityOfPage":{"@id":"https:\/\/www.life-belini.be\/fr\/ijsedag-a-huldenberg\/"},"wordCount":118,"image":{"@id":"https:\/\/www.life-belini.be\/fr\/ijsedag-a-huldenberg\/#primaryimage"},"thumbnailUrl":"https:\/\/www.life-belini.be\/wp-content\/uploads\/2018\/10\/afvissing.jpg","articleSection":["news fr"],"inLanguage":"fr-FR"},{"@type":"WebPage","@id":"https:\/\/www.life-belini.be\/fr\/ijsedag-a-huldenberg\/","url":"https:\/\/www.life-belini.be\/fr\/ijsedag-a-huldenberg\/","name":"Journ\u00e9e de l'IJse r\u00e9ussie - LIFE Belini","isPartOf":{"@id":"https:\/\/www.life-belini.be\/nl\/#website"},"primaryImageOfPage":{"@id":"https:\/\/www.life-belini.be\/fr\/ijsedag-a-huldenberg\/#primaryimage"},"image":{"@id":"https:\/\/www.life-belini.be\/fr\/ijsedag-a-huldenberg\/#primaryimage"},"thumbnailUrl":"https:\/\/www.life-belini.be\/wp-content\/uploads\/2018\/10\/afvissing.jpg","datePublished":"2018-09-24T11:52:52+00:00","dateModified":"2020-06-30T01:32:27+00:00","author":{"@id":"https:\/\/www.life-belini.be\/nl\/#\/schema\/person\/84a9c6d38af471fa4c482917c2aa2b5b"},"breadcrumb":{"@id":"https:\/\/www.life-belini.be\/fr\/ijsedag-a-huldenberg\/#breadcrumb"},"inLanguage":"fr-FR","potentialAction":[{"@type":"ReadAction","target":["https:\/\/www.life-belini.be\/fr\/ijsedag-a-huldenberg\/"]}]},{"@type":"ImageObject","inLanguage":"fr-FR","@id":"https:\/\/www.life-belini.be\/fr\/ijsedag-a-huldenberg\/#primaryimage","url":"https:\/\/www.life-belini.be\/wp-content\/uploads\/2018\/10\/afvissing.jpg","contentUrl":"https:\/\/www.life-belini.be\/wp-content\/uploads\/2018\/10\/afvissing.jpg","width":425,"height":319},{"@type":"BreadcrumbList","@id":"https:\/\/www.life-belini.be\/fr\/ijsedag-a-huldenberg\/#breadcrumb","itemListElement":[{"@type":"ListItem","position":1,"name":"Home","item":"https:\/\/www.life-belini.be\/fr\/home-2\/"},{"@type":"ListItem","position":2,"name":"Journ\u00e9e de l&#8217;IJse r\u00e9ussie"}]},{"@type":"WebSite","@id":"https:\/\/www.life-belini.be\/nl\/#website","url":"https:\/\/www.life-belini.be\/nl\/","name":"LIFE Belini","description":"Belgian initiative for making a leap forward towards good status in the river basin district of the Scheldt","potentialAction":[{"@type":"SearchAction","target":{"@type":"EntryPoint","urlTemplate":"https:\/\/www.life-belini.be\/nl\/?s={search_term_string}"},"query-input":{"@type":"PropertyValueSpecification","valueRequired":true,"valueName":"search_term_string"}}],"inLanguage":"fr-FR"},{"@type":"Person","@id":"https:\/\/www.life-belini.be\/nl\/#\/schema\/person\/84a9c6d38af471fa4c482917c2aa2b5b","name":"Maureen Nuyts","url":"https:\/\/www.life-belini.be\/fr\/author\/maureen-nuyts\/"}]}},"_links":{"self":[{"href":"https:\/\/www.life-belini.be\/fr\/wp-json\/wp\/v2\/posts\/1561","targetHints":{"allow":["GET"]}}],"collection":[{"href":"https:\/\/www.life-belini.be\/fr\/wp-json\/wp\/v2\/posts"}],"about":[{"href":"https:\/\/www.life-belini.be\/fr\/wp-json\/wp\/v2\/types\/post"}],"author":[{"embeddable":true,"href":"https:\/\/www.life-belini.be\/fr\/wp-json\/wp\/v2\/users\/6"}],"replies":[{"embeddable":true,"href":"https:\/\/www.life-belini.be\/fr\/wp-json\/wp\/v2\/comments?post=1561"}],"version-history":[{"count":0,"href":"https:\/\/www.life-belini.be\/fr\/wp-json\/wp\/v2\/posts\/1561\/revisions"}],"wp:featuredmedia":[{"embeddable":true,"href":"https:\/\/www.life-belini.be\/fr\/wp-json\/wp\/v2\/media\/3276"}],"wp:attachment":[{"href":"https:\/\/www.life-belini.be\/fr\/wp-json\/wp\/v2\/media?parent=1561"}],"wp:term":[{"taxonomy":"category","embeddable":true,"href":"https:\/\/www.life-belini.be\/fr\/wp-json\/wp\/v2\/categories?post=1561"},{"taxonomy":"post_tag","embeddable":true,"href":"https:\/\/www.life-belini.be\/fr\/wp-json\/wp\/v2\/tags?post=1561"}],"curies":[{"name":"wp","href":"https:\/\/api.w.org\/{rel}","templated":true}]}}