{"id":1407,"date":"2018-06-26T11:31:45","date_gmt":"2018-06-26T11:31:45","guid":{"rendered":"https:\/\/www.life-belini.be\/op-werkbezoek-in-leuven-en-de-vallei-van-de-ijsse\/"},"modified":"2020-06-30T01:33:48","modified_gmt":"2020-06-30T01:33:48","slug":"visite-de-chantier-a-louvain-et-la-vallee-de-lijse","status":"publish","type":"post","link":"https:\/\/www.life-belini.be\/fr\/visite-de-chantier-a-louvain-et-la-vallee-de-lijse\/","title":{"rendered":"Visite de chantier \u00e0 Louvain et la vall\u00e9e de l&rsquo;IJse"},"content":{"rendered":"<p><strong>Les 24 et 25\u00a0mai, les auditeurs sont une nouvelle fois venus afin d\u2019examiner la progression et les pierres d\u2019achoppement \u00e9ventuelles du projet.<\/strong><\/p>\n<p>Accompagn\u00e9s des diff\u00e9rents partenaires, nos auditeurs ont notamment visit\u00e9 la vall\u00e9e de l\u2019IJse, o\u00f9 notre partenaire VLM (Vlaamse Landmaatschappij) r\u00e9alise diff\u00e9rentes actions dans le projet, comme la restauration de la structure de l\u2019IJse et des mesures anti-\u00e9rosives. Ensuite, nous avons notamment visit\u00e9 le Sluispark de Louvain, o\u00f9 la VMM (Vlaamse Milieumaatschappij) va am\u00e9nager un escalier \u00e0 poissons autour du Sluismolen dans le cadre de ce projet. Voici quelques photos d\u2019ambiance.<\/p>\n","protected":false},"excerpt":{"rendered":"<p>Samen met de verschillende partners brachten we een werkbezoek aan de IJsevallei en het centrum van Leuven<\/p>\n","protected":false},"author":6,"featured_media":3252,"comment_status":"closed","ping_status":"closed","sticky":false,"template":"","format":"standard","meta":{"_acf_changed":false,"_exactmetrics_skip_tracking":false,"_exactmetrics_sitenote_active":false,"_exactmetrics_sitenote_note":"","_exactmetrics_sitenote_category":0,"footnotes":""},"categories":[30],"tags":[],"class_list":["post-1407","post","type-post","status-publish","format-standard","has-post-thumbnail","hentry","category-news-fr"],"acf":[],"yoast_head":"<!-- This site is optimized with the Yoast SEO plugin v27.4 - https:\/\/yoast.com\/product\/yoast-seo-wordpress\/ -->\n<title>Visite de chantier \u00e0 Louvain et la vall\u00e9e de l&#039;IJse - LIFE Belini<\/title>\n<meta name=\"robots\" content=\"index, follow, max-snippet:-1, max-image-preview:large, max-video-preview:-1\" \/>\n<link rel=\"canonical\" href=\"https:\/\/www.life-belini.be\/fr\/visite-de-chantier-a-louvain-et-la-vallee-de-lijse\/\" \/>\n<meta property=\"og:locale\" content=\"fr_FR\" \/>\n<meta property=\"og:type\" content=\"article\" \/>\n<meta property=\"og:title\" content=\"Visite de chantier \u00e0 Louvain et la vall\u00e9e de l&#039;IJse - LIFE Belini\" \/>\n<meta property=\"og:description\" content=\"Samen met de verschillende partners brachten we een werkbezoek aan de IJsevallei en het centrum van Leuven\" \/>\n<meta property=\"og:url\" content=\"https:\/\/www.life-belini.be\/fr\/visite-de-chantier-a-louvain-et-la-vallee-de-lijse\/\" \/>\n<meta property=\"og:site_name\" content=\"LIFE Belini\" \/>\n<meta property=\"article:published_time\" content=\"2018-06-26T11:31:45+00:00\" \/>\n<meta property=\"article:modified_time\" content=\"2020-06-30T01:33:48+00:00\" \/>\n<meta property=\"og:image\" content=\"https:\/\/www.life-belini.be\/wp-content\/uploads\/2018\/06\/neemo_mei2018_C18_LIP_OVIDMargijsbos_01_web.jpg\" \/>\n\t<meta property=\"og:image:width\" content=\"800\" \/>\n\t<meta property=\"og:image:height\" content=\"600\" \/>\n\t<meta property=\"og:image:type\" content=\"image\/jpeg\" \/>\n<meta name=\"author\" content=\"Maureen Nuyts\" \/>\n<meta name=\"twitter:card\" content=\"summary_large_image\" \/>\n<meta name=\"twitter:label1\" content=\"\u00c9crit par\" \/>\n\t<meta name=\"twitter:data1\" content=\"Maureen Nuyts\" \/>\n\t<meta name=\"twitter:label2\" content=\"Dur\u00e9e de lecture estim\u00e9e\" \/>\n\t<meta name=\"twitter:data2\" content=\"1 minute\" \/>\n<script type=\"application\/ld+json\" class=\"yoast-schema-graph\">{\"@context\":\"https:\\\/\\\/schema.org\",\"@graph\":[{\"@type\":\"Article\",\"@id\":\"https:\\\/\\\/www.life-belini.be\\\/fr\\\/visite-de-chantier-a-louvain-et-la-vallee-de-lijse\\\/#article\",\"isPartOf\":{\"@id\":\"https:\\\/\\\/www.life-belini.be\\\/fr\\\/visite-de-chantier-a-louvain-et-la-vallee-de-lijse\\\/\"},\"author\":{\"name\":\"Maureen Nuyts\",\"@id\":\"https:\\\/\\\/www.life-belini.be\\\/nl\\\/#\\\/schema\\\/person\\\/84a9c6d38af471fa4c482917c2aa2b5b\"},\"headline\":\"Visite de chantier \u00e0 Louvain et la vall\u00e9e de l&rsquo;IJse\",\"datePublished\":\"2018-06-26T11:31:45+00:00\",\"dateModified\":\"2020-06-30T01:33:48+00:00\",\"mainEntityOfPage\":{\"@id\":\"https:\\\/\\\/www.life-belini.be\\\/fr\\\/visite-de-chantier-a-louvain-et-la-vallee-de-lijse\\\/\"},\"wordCount\":113,\"image\":{\"@id\":\"https:\\\/\\\/www.life-belini.be\\\/fr\\\/visite-de-chantier-a-louvain-et-la-vallee-de-lijse\\\/#primaryimage\"},\"thumbnailUrl\":\"https:\\\/\\\/www.life-belini.be\\\/wp-content\\\/uploads\\\/2018\\\/06\\\/neemo_mei2018_C18_LIP_OVIDMargijsbos_01_web.jpg\",\"articleSection\":[\"news fr\"],\"inLanguage\":\"fr-FR\"},{\"@type\":\"WebPage\",\"@id\":\"https:\\\/\\\/www.life-belini.be\\\/fr\\\/visite-de-chantier-a-louvain-et-la-vallee-de-lijse\\\/\",\"url\":\"https:\\\/\\\/www.life-belini.be\\\/fr\\\/visite-de-chantier-a-louvain-et-la-vallee-de-lijse\\\/\",\"name\":\"Visite de chantier \u00e0 Louvain et la vall\u00e9e de l'IJse - LIFE Belini\",\"isPartOf\":{\"@id\":\"https:\\\/\\\/www.life-belini.be\\\/nl\\\/#website\"},\"primaryImageOfPage\":{\"@id\":\"https:\\\/\\\/www.life-belini.be\\\/fr\\\/visite-de-chantier-a-louvain-et-la-vallee-de-lijse\\\/#primaryimage\"},\"image\":{\"@id\":\"https:\\\/\\\/www.life-belini.be\\\/fr\\\/visite-de-chantier-a-louvain-et-la-vallee-de-lijse\\\/#primaryimage\"},\"thumbnailUrl\":\"https:\\\/\\\/www.life-belini.be\\\/wp-content\\\/uploads\\\/2018\\\/06\\\/neemo_mei2018_C18_LIP_OVIDMargijsbos_01_web.jpg\",\"datePublished\":\"2018-06-26T11:31:45+00:00\",\"dateModified\":\"2020-06-30T01:33:48+00:00\",\"author\":{\"@id\":\"https:\\\/\\\/www.life-belini.be\\\/nl\\\/#\\\/schema\\\/person\\\/84a9c6d38af471fa4c482917c2aa2b5b\"},\"breadcrumb\":{\"@id\":\"https:\\\/\\\/www.life-belini.be\\\/fr\\\/visite-de-chantier-a-louvain-et-la-vallee-de-lijse\\\/#breadcrumb\"},\"inLanguage\":\"fr-FR\",\"potentialAction\":[{\"@type\":\"ReadAction\",\"target\":[\"https:\\\/\\\/www.life-belini.be\\\/fr\\\/visite-de-chantier-a-louvain-et-la-vallee-de-lijse\\\/\"]}]},{\"@type\":\"ImageObject\",\"inLanguage\":\"fr-FR\",\"@id\":\"https:\\\/\\\/www.life-belini.be\\\/fr\\\/visite-de-chantier-a-louvain-et-la-vallee-de-lijse\\\/#primaryimage\",\"url\":\"https:\\\/\\\/www.life-belini.be\\\/wp-content\\\/uploads\\\/2018\\\/06\\\/neemo_mei2018_C18_LIP_OVIDMargijsbos_01_web.jpg\",\"contentUrl\":\"https:\\\/\\\/www.life-belini.be\\\/wp-content\\\/uploads\\\/2018\\\/06\\\/neemo_mei2018_C18_LIP_OVIDMargijsbos_01_web.jpg\",\"width\":800,\"height\":600},{\"@type\":\"BreadcrumbList\",\"@id\":\"https:\\\/\\\/www.life-belini.be\\\/fr\\\/visite-de-chantier-a-louvain-et-la-vallee-de-lijse\\\/#breadcrumb\",\"itemListElement\":[{\"@type\":\"ListItem\",\"position\":1,\"name\":\"Home\",\"item\":\"https:\\\/\\\/www.life-belini.be\\\/fr\\\/home-2\\\/\"},{\"@type\":\"ListItem\",\"position\":2,\"name\":\"Visite de chantier \u00e0 Louvain et la vall\u00e9e de l&#8217;IJse\"}]},{\"@type\":\"WebSite\",\"@id\":\"https:\\\/\\\/www.life-belini.be\\\/nl\\\/#website\",\"url\":\"https:\\\/\\\/www.life-belini.be\\\/nl\\\/\",\"name\":\"LIFE Belini\",\"description\":\"Belgian initiative for making a leap forward towards good status in the river basin district of the Scheldt\",\"potentialAction\":[{\"@type\":\"SearchAction\",\"target\":{\"@type\":\"EntryPoint\",\"urlTemplate\":\"https:\\\/\\\/www.life-belini.be\\\/nl\\\/?s={search_term_string}\"},\"query-input\":{\"@type\":\"PropertyValueSpecification\",\"valueRequired\":true,\"valueName\":\"search_term_string\"}}],\"inLanguage\":\"fr-FR\"},{\"@type\":\"Person\",\"@id\":\"https:\\\/\\\/www.life-belini.be\\\/nl\\\/#\\\/schema\\\/person\\\/84a9c6d38af471fa4c482917c2aa2b5b\",\"name\":\"Maureen Nuyts\",\"url\":\"https:\\\/\\\/www.life-belini.be\\\/fr\\\/author\\\/maureen-nuyts\\\/\"}]}<\/script>\n<!-- \/ Yoast SEO plugin. -->","yoast_head_json":{"title":"Visite de chantier \u00e0 Louvain et la vall\u00e9e de l'IJse - LIFE Belini","robots":{"index":"index","follow":"follow","max-snippet":"max-snippet:-1","max-image-preview":"max-image-preview:large","max-video-preview":"max-video-preview:-1"},"canonical":"https:\/\/www.life-belini.be\/fr\/visite-de-chantier-a-louvain-et-la-vallee-de-lijse\/","og_locale":"fr_FR","og_type":"article","og_title":"Visite de chantier \u00e0 Louvain et la vall\u00e9e de l'IJse - LIFE Belini","og_description":"Samen met de verschillende partners brachten we een werkbezoek aan de IJsevallei en het centrum van Leuven","og_url":"https:\/\/www.life-belini.be\/fr\/visite-de-chantier-a-louvain-et-la-vallee-de-lijse\/","og_site_name":"LIFE Belini","article_published_time":"2018-06-26T11:31:45+00:00","article_modified_time":"2020-06-30T01:33:48+00:00","og_image":[{"width":800,"height":600,"url":"https:\/\/www.life-belini.be\/wp-content\/uploads\/2018\/06\/neemo_mei2018_C18_LIP_OVIDMargijsbos_01_web.jpg","type":"image\/jpeg"}],"author":"Maureen Nuyts","twitter_card":"summary_large_image","twitter_misc":{"\u00c9crit par":"Maureen Nuyts","Dur\u00e9e de lecture estim\u00e9e":"1 minute"},"schema":{"@context":"https:\/\/schema.org","@graph":[{"@type":"Article","@id":"https:\/\/www.life-belini.be\/fr\/visite-de-chantier-a-louvain-et-la-vallee-de-lijse\/#article","isPartOf":{"@id":"https:\/\/www.life-belini.be\/fr\/visite-de-chantier-a-louvain-et-la-vallee-de-lijse\/"},"author":{"name":"Maureen Nuyts","@id":"https:\/\/www.life-belini.be\/nl\/#\/schema\/person\/84a9c6d38af471fa4c482917c2aa2b5b"},"headline":"Visite de chantier \u00e0 Louvain et la vall\u00e9e de l&rsquo;IJse","datePublished":"2018-06-26T11:31:45+00:00","dateModified":"2020-06-30T01:33:48+00:00","mainEntityOfPage":{"@id":"https:\/\/www.life-belini.be\/fr\/visite-de-chantier-a-louvain-et-la-vallee-de-lijse\/"},"wordCount":113,"image":{"@id":"https:\/\/www.life-belini.be\/fr\/visite-de-chantier-a-louvain-et-la-vallee-de-lijse\/#primaryimage"},"thumbnailUrl":"https:\/\/www.life-belini.be\/wp-content\/uploads\/2018\/06\/neemo_mei2018_C18_LIP_OVIDMargijsbos_01_web.jpg","articleSection":["news fr"],"inLanguage":"fr-FR"},{"@type":"WebPage","@id":"https:\/\/www.life-belini.be\/fr\/visite-de-chantier-a-louvain-et-la-vallee-de-lijse\/","url":"https:\/\/www.life-belini.be\/fr\/visite-de-chantier-a-louvain-et-la-vallee-de-lijse\/","name":"Visite de chantier \u00e0 Louvain et la vall\u00e9e de l'IJse - LIFE Belini","isPartOf":{"@id":"https:\/\/www.life-belini.be\/nl\/#website"},"primaryImageOfPage":{"@id":"https:\/\/www.life-belini.be\/fr\/visite-de-chantier-a-louvain-et-la-vallee-de-lijse\/#primaryimage"},"image":{"@id":"https:\/\/www.life-belini.be\/fr\/visite-de-chantier-a-louvain-et-la-vallee-de-lijse\/#primaryimage"},"thumbnailUrl":"https:\/\/www.life-belini.be\/wp-content\/uploads\/2018\/06\/neemo_mei2018_C18_LIP_OVIDMargijsbos_01_web.jpg","datePublished":"2018-06-26T11:31:45+00:00","dateModified":"2020-06-30T01:33:48+00:00","author":{"@id":"https:\/\/www.life-belini.be\/nl\/#\/schema\/person\/84a9c6d38af471fa4c482917c2aa2b5b"},"breadcrumb":{"@id":"https:\/\/www.life-belini.be\/fr\/visite-de-chantier-a-louvain-et-la-vallee-de-lijse\/#breadcrumb"},"inLanguage":"fr-FR","potentialAction":[{"@type":"ReadAction","target":["https:\/\/www.life-belini.be\/fr\/visite-de-chantier-a-louvain-et-la-vallee-de-lijse\/"]}]},{"@type":"ImageObject","inLanguage":"fr-FR","@id":"https:\/\/www.life-belini.be\/fr\/visite-de-chantier-a-louvain-et-la-vallee-de-lijse\/#primaryimage","url":"https:\/\/www.life-belini.be\/wp-content\/uploads\/2018\/06\/neemo_mei2018_C18_LIP_OVIDMargijsbos_01_web.jpg","contentUrl":"https:\/\/www.life-belini.be\/wp-content\/uploads\/2018\/06\/neemo_mei2018_C18_LIP_OVIDMargijsbos_01_web.jpg","width":800,"height":600},{"@type":"BreadcrumbList","@id":"https:\/\/www.life-belini.be\/fr\/visite-de-chantier-a-louvain-et-la-vallee-de-lijse\/#breadcrumb","itemListElement":[{"@type":"ListItem","position":1,"name":"Home","item":"https:\/\/www.life-belini.be\/fr\/home-2\/"},{"@type":"ListItem","position":2,"name":"Visite de chantier \u00e0 Louvain et la vall\u00e9e de l&#8217;IJse"}]},{"@type":"WebSite","@id":"https:\/\/www.life-belini.be\/nl\/#website","url":"https:\/\/www.life-belini.be\/nl\/","name":"LIFE Belini","description":"Belgian initiative for making a leap forward towards good status in the river basin district of the Scheldt","potentialAction":[{"@type":"SearchAction","target":{"@type":"EntryPoint","urlTemplate":"https:\/\/www.life-belini.be\/nl\/?s={search_term_string}"},"query-input":{"@type":"PropertyValueSpecification","valueRequired":true,"valueName":"search_term_string"}}],"inLanguage":"fr-FR"},{"@type":"Person","@id":"https:\/\/www.life-belini.be\/nl\/#\/schema\/person\/84a9c6d38af471fa4c482917c2aa2b5b","name":"Maureen Nuyts","url":"https:\/\/www.life-belini.be\/fr\/author\/maureen-nuyts\/"}]}},"_links":{"self":[{"href":"https:\/\/www.life-belini.be\/fr\/wp-json\/wp\/v2\/posts\/1407","targetHints":{"allow":["GET"]}}],"collection":[{"href":"https:\/\/www.life-belini.be\/fr\/wp-json\/wp\/v2\/posts"}],"about":[{"href":"https:\/\/www.life-belini.be\/fr\/wp-json\/wp\/v2\/types\/post"}],"author":[{"embeddable":true,"href":"https:\/\/www.life-belini.be\/fr\/wp-json\/wp\/v2\/users\/6"}],"replies":[{"embeddable":true,"href":"https:\/\/www.life-belini.be\/fr\/wp-json\/wp\/v2\/comments?post=1407"}],"version-history":[{"count":0,"href":"https:\/\/www.life-belini.be\/fr\/wp-json\/wp\/v2\/posts\/1407\/revisions"}],"wp:featuredmedia":[{"embeddable":true,"href":"https:\/\/www.life-belini.be\/fr\/wp-json\/wp\/v2\/media\/3252"}],"wp:attachment":[{"href":"https:\/\/www.life-belini.be\/fr\/wp-json\/wp\/v2\/media?parent=1407"}],"wp:term":[{"taxonomy":"category","embeddable":true,"href":"https:\/\/www.life-belini.be\/fr\/wp-json\/wp\/v2\/categories?post=1407"},{"taxonomy":"post_tag","embeddable":true,"href":"https:\/\/www.life-belini.be\/fr\/wp-json\/wp\/v2\/tags?post=1407"}],"curies":[{"name":"wp","href":"https:\/\/api.w.org\/{rel}","templated":true}]}}