{"id":1308,"date":"2018-04-20T12:01:14","date_gmt":"2018-04-20T12:01:14","guid":{"rendered":"https:\/\/www.life-belini.be\/?p=1308"},"modified":"2020-06-30T01:35:26","modified_gmt":"2020-06-30T01:35:26","slug":"reunion-des-differents-projets-ip-europeens-lors-du-life-ip-platform-event","status":"publish","type":"post","link":"https:\/\/www.life-belini.be\/fr\/reunion-des-differents-projets-ip-europeens-lors-du-life-ip-platform-event\/","title":{"rendered":"R\u00e9union des diff\u00e9rents projets IP europ\u00e9ens"},"content":{"rendered":"<p><strong>Les 10 et 11 avril, LIFE Belini a organis\u00e9 un LIFE IP Platform event \u00e0 Bruxelles. Une quarantaine de d\u00e9l\u00e9gu\u00e9s de projets LIFE issus de diff\u00e9rents \u00c9tats membres europ\u00e9ens se sont r\u00e9unis afin de partager des id\u00e9es et des exp\u00e9riences.<\/strong><\/p>\n<p>Le LIFE IP Platform event a au lieu mardi et mercredi derniers dans le b\u00e2timent Herman Teirlinck \u00e0 Bruxelles. Les d\u00e9l\u00e9gu\u00e9s pr\u00e9sents repr\u00e9sentaient aussi bien des projets en cours qu\u2019en phase de pr\u00e9paration ax\u00e9s sur un m\u00e9lange de th\u00e8mes ad\u00e9quat \u2013 \u00e0 savoir l\u2019eau, la nature et le climat.<\/p>\n<p>L\u2019objectif de cette r\u00e9union consistait \u00e0 \u00e9changer des id\u00e9es au sujet des d\u00e9fis communs en mati\u00e8re de gestion de projet et de communication. Les d\u00e9l\u00e9gu\u00e9s ont pu pr\u00e9senter leur projet tour \u00e0 tour et partager leur exp\u00e9rience avec les projets en pr\u00e9paration. Ils ont \u00e9galement essay\u00e9 de d\u00e9gager des pistes d\u2019actions communes dans le cadre d\u2019une collaboration future. Par ailleurs, des th\u00e8mes tels que la surveillance du projet et la gestion des actionnaires ont \u00e9galement \u00e9t\u00e9 abord\u00e9s.<\/p>\n<p>Cet \u00e9v\u00e9nement de deux jours s\u2019est cl\u00f4tur\u00e9 par une visite guid\u00e9e de la Doode Bemde \u00e0 Louvain. Cette r\u00e9serve naturelle montre \u00e0 quoi peut ressembler une zone de r\u00e9tention d\u2019eau naturelle. La r\u00e9alisation de diff\u00e9rentes zones de r\u00e9tention d\u2019eau naturelles dans le bassin de la Senne en Wallonie est toujours pr\u00e9vue dans le cadre du projet Belini.<\/p>\n<p>Le succ\u00e8s de cette conf\u00e9rence constitue le point de d\u00e9part id\u00e9al d\u2019une collaboration plus \u00e9troite entre les diff\u00e9rents projets LIFE IP europ\u00e9ens.<\/p>\n","protected":false},"excerpt":{"rendered":"<p>Op 10 en 11 april organiseerde LIFE Belini een LIFE IP Platform event in Brussel. Een 40-tal gedelegeerden van LIFE-projecten uit verschillende Europese lidstaten kwamen samen om idee\u00ebn en ervaringen met elkaar te delen.<\/p>\n","protected":false},"author":6,"featured_media":3217,"comment_status":"closed","ping_status":"closed","sticky":false,"template":"","format":"standard","meta":{"_acf_changed":false,"_exactmetrics_skip_tracking":false,"_exactmetrics_sitenote_active":false,"_exactmetrics_sitenote_note":"","_exactmetrics_sitenote_category":0,"footnotes":""},"categories":[30],"tags":[],"class_list":["post-1308","post","type-post","status-publish","format-standard","has-post-thumbnail","hentry","category-news-fr"],"acf":[],"yoast_head":"<!-- This site is optimized with the Yoast SEO plugin v27.4 - https:\/\/yoast.com\/product\/yoast-seo-wordpress\/ -->\n<title>R\u00e9union des diff\u00e9rents projets IP europ\u00e9ens - LIFE Belini<\/title>\n<meta name=\"robots\" content=\"index, follow, max-snippet:-1, max-image-preview:large, max-video-preview:-1\" \/>\n<link rel=\"canonical\" href=\"https:\/\/www.life-belini.be\/fr\/reunion-des-differents-projets-ip-europeens-lors-du-life-ip-platform-event\/\" \/>\n<meta property=\"og:locale\" content=\"fr_FR\" \/>\n<meta property=\"og:type\" content=\"article\" \/>\n<meta property=\"og:title\" content=\"R\u00e9union des diff\u00e9rents projets IP europ\u00e9ens - LIFE Belini\" \/>\n<meta property=\"og:description\" content=\"Op 10 en 11 april organiseerde LIFE Belini een LIFE IP Platform event in Brussel. Een 40-tal gedelegeerden van LIFE-projecten uit verschillende Europese lidstaten kwamen samen om idee\u00ebn en ervaringen met elkaar te delen.\" \/>\n<meta property=\"og:url\" content=\"https:\/\/www.life-belini.be\/fr\/reunion-des-differents-projets-ip-europeens-lors-du-life-ip-platform-event\/\" \/>\n<meta property=\"og:site_name\" content=\"LIFE Belini\" \/>\n<meta property=\"article:published_time\" content=\"2018-04-20T12:01:14+00:00\" \/>\n<meta property=\"article:modified_time\" content=\"2020-06-30T01:35:26+00:00\" \/>\n<meta property=\"og:image\" content=\"https:\/\/www.life-belini.be\/wp-content\/uploads\/2018\/04\/DSC_0713.jpg\" \/>\n\t<meta property=\"og:image:width\" content=\"1280\" \/>\n\t<meta property=\"og:image:height\" content=\"851\" \/>\n\t<meta property=\"og:image:type\" content=\"image\/jpeg\" \/>\n<meta name=\"author\" content=\"Maureen Nuyts\" \/>\n<meta name=\"twitter:card\" content=\"summary_large_image\" \/>\n<meta name=\"twitter:label1\" content=\"\u00c9crit par\" \/>\n\t<meta name=\"twitter:data1\" content=\"Maureen Nuyts\" \/>\n\t<meta name=\"twitter:label2\" content=\"Dur\u00e9e de lecture estim\u00e9e\" \/>\n\t<meta name=\"twitter:data2\" content=\"1 minute\" \/>\n<script type=\"application\/ld+json\" class=\"yoast-schema-graph\">{\"@context\":\"https:\\\/\\\/schema.org\",\"@graph\":[{\"@type\":\"Article\",\"@id\":\"https:\\\/\\\/www.life-belini.be\\\/fr\\\/reunion-des-differents-projets-ip-europeens-lors-du-life-ip-platform-event\\\/#article\",\"isPartOf\":{\"@id\":\"https:\\\/\\\/www.life-belini.be\\\/fr\\\/reunion-des-differents-projets-ip-europeens-lors-du-life-ip-platform-event\\\/\"},\"author\":{\"name\":\"Maureen Nuyts\",\"@id\":\"https:\\\/\\\/www.life-belini.be\\\/nl\\\/#\\\/schema\\\/person\\\/84a9c6d38af471fa4c482917c2aa2b5b\"},\"headline\":\"R\u00e9union des diff\u00e9rents projets IP europ\u00e9ens\",\"datePublished\":\"2018-04-20T12:01:14+00:00\",\"dateModified\":\"2020-06-30T01:35:26+00:00\",\"mainEntityOfPage\":{\"@id\":\"https:\\\/\\\/www.life-belini.be\\\/fr\\\/reunion-des-differents-projets-ip-europeens-lors-du-life-ip-platform-event\\\/\"},\"wordCount\":300,\"image\":{\"@id\":\"https:\\\/\\\/www.life-belini.be\\\/fr\\\/reunion-des-differents-projets-ip-europeens-lors-du-life-ip-platform-event\\\/#primaryimage\"},\"thumbnailUrl\":\"https:\\\/\\\/www.life-belini.be\\\/wp-content\\\/uploads\\\/2018\\\/04\\\/DSC_0713.jpg\",\"articleSection\":[\"news fr\"],\"inLanguage\":\"fr-FR\"},{\"@type\":\"WebPage\",\"@id\":\"https:\\\/\\\/www.life-belini.be\\\/fr\\\/reunion-des-differents-projets-ip-europeens-lors-du-life-ip-platform-event\\\/\",\"url\":\"https:\\\/\\\/www.life-belini.be\\\/fr\\\/reunion-des-differents-projets-ip-europeens-lors-du-life-ip-platform-event\\\/\",\"name\":\"R\u00e9union des diff\u00e9rents projets IP europ\u00e9ens - LIFE Belini\",\"isPartOf\":{\"@id\":\"https:\\\/\\\/www.life-belini.be\\\/nl\\\/#website\"},\"primaryImageOfPage\":{\"@id\":\"https:\\\/\\\/www.life-belini.be\\\/fr\\\/reunion-des-differents-projets-ip-europeens-lors-du-life-ip-platform-event\\\/#primaryimage\"},\"image\":{\"@id\":\"https:\\\/\\\/www.life-belini.be\\\/fr\\\/reunion-des-differents-projets-ip-europeens-lors-du-life-ip-platform-event\\\/#primaryimage\"},\"thumbnailUrl\":\"https:\\\/\\\/www.life-belini.be\\\/wp-content\\\/uploads\\\/2018\\\/04\\\/DSC_0713.jpg\",\"datePublished\":\"2018-04-20T12:01:14+00:00\",\"dateModified\":\"2020-06-30T01:35:26+00:00\",\"author\":{\"@id\":\"https:\\\/\\\/www.life-belini.be\\\/nl\\\/#\\\/schema\\\/person\\\/84a9c6d38af471fa4c482917c2aa2b5b\"},\"breadcrumb\":{\"@id\":\"https:\\\/\\\/www.life-belini.be\\\/fr\\\/reunion-des-differents-projets-ip-europeens-lors-du-life-ip-platform-event\\\/#breadcrumb\"},\"inLanguage\":\"fr-FR\",\"potentialAction\":[{\"@type\":\"ReadAction\",\"target\":[\"https:\\\/\\\/www.life-belini.be\\\/fr\\\/reunion-des-differents-projets-ip-europeens-lors-du-life-ip-platform-event\\\/\"]}]},{\"@type\":\"ImageObject\",\"inLanguage\":\"fr-FR\",\"@id\":\"https:\\\/\\\/www.life-belini.be\\\/fr\\\/reunion-des-differents-projets-ip-europeens-lors-du-life-ip-platform-event\\\/#primaryimage\",\"url\":\"https:\\\/\\\/www.life-belini.be\\\/wp-content\\\/uploads\\\/2018\\\/04\\\/DSC_0713.jpg\",\"contentUrl\":\"https:\\\/\\\/www.life-belini.be\\\/wp-content\\\/uploads\\\/2018\\\/04\\\/DSC_0713.jpg\",\"width\":1280,\"height\":851},{\"@type\":\"BreadcrumbList\",\"@id\":\"https:\\\/\\\/www.life-belini.be\\\/fr\\\/reunion-des-differents-projets-ip-europeens-lors-du-life-ip-platform-event\\\/#breadcrumb\",\"itemListElement\":[{\"@type\":\"ListItem\",\"position\":1,\"name\":\"Home\",\"item\":\"https:\\\/\\\/www.life-belini.be\\\/fr\\\/home-2\\\/\"},{\"@type\":\"ListItem\",\"position\":2,\"name\":\"R\u00e9union des diff\u00e9rents projets IP europ\u00e9ens\"}]},{\"@type\":\"WebSite\",\"@id\":\"https:\\\/\\\/www.life-belini.be\\\/nl\\\/#website\",\"url\":\"https:\\\/\\\/www.life-belini.be\\\/nl\\\/\",\"name\":\"LIFE Belini\",\"description\":\"Belgian initiative for making a leap forward towards good status in the river basin district of the Scheldt\",\"potentialAction\":[{\"@type\":\"SearchAction\",\"target\":{\"@type\":\"EntryPoint\",\"urlTemplate\":\"https:\\\/\\\/www.life-belini.be\\\/nl\\\/?s={search_term_string}\"},\"query-input\":{\"@type\":\"PropertyValueSpecification\",\"valueRequired\":true,\"valueName\":\"search_term_string\"}}],\"inLanguage\":\"fr-FR\"},{\"@type\":\"Person\",\"@id\":\"https:\\\/\\\/www.life-belini.be\\\/nl\\\/#\\\/schema\\\/person\\\/84a9c6d38af471fa4c482917c2aa2b5b\",\"name\":\"Maureen Nuyts\",\"url\":\"https:\\\/\\\/www.life-belini.be\\\/fr\\\/author\\\/maureen-nuyts\\\/\"}]}<\/script>\n<!-- \/ Yoast SEO plugin. -->","yoast_head_json":{"title":"R\u00e9union des diff\u00e9rents projets IP europ\u00e9ens - LIFE Belini","robots":{"index":"index","follow":"follow","max-snippet":"max-snippet:-1","max-image-preview":"max-image-preview:large","max-video-preview":"max-video-preview:-1"},"canonical":"https:\/\/www.life-belini.be\/fr\/reunion-des-differents-projets-ip-europeens-lors-du-life-ip-platform-event\/","og_locale":"fr_FR","og_type":"article","og_title":"R\u00e9union des diff\u00e9rents projets IP europ\u00e9ens - LIFE Belini","og_description":"Op 10 en 11 april organiseerde LIFE Belini een LIFE IP Platform event in Brussel. Een 40-tal gedelegeerden van LIFE-projecten uit verschillende Europese lidstaten kwamen samen om idee\u00ebn en ervaringen met elkaar te delen.","og_url":"https:\/\/www.life-belini.be\/fr\/reunion-des-differents-projets-ip-europeens-lors-du-life-ip-platform-event\/","og_site_name":"LIFE Belini","article_published_time":"2018-04-20T12:01:14+00:00","article_modified_time":"2020-06-30T01:35:26+00:00","og_image":[{"width":1280,"height":851,"url":"https:\/\/www.life-belini.be\/wp-content\/uploads\/2018\/04\/DSC_0713.jpg","type":"image\/jpeg"}],"author":"Maureen Nuyts","twitter_card":"summary_large_image","twitter_misc":{"\u00c9crit par":"Maureen Nuyts","Dur\u00e9e de lecture estim\u00e9e":"1 minute"},"schema":{"@context":"https:\/\/schema.org","@graph":[{"@type":"Article","@id":"https:\/\/www.life-belini.be\/fr\/reunion-des-differents-projets-ip-europeens-lors-du-life-ip-platform-event\/#article","isPartOf":{"@id":"https:\/\/www.life-belini.be\/fr\/reunion-des-differents-projets-ip-europeens-lors-du-life-ip-platform-event\/"},"author":{"name":"Maureen Nuyts","@id":"https:\/\/www.life-belini.be\/nl\/#\/schema\/person\/84a9c6d38af471fa4c482917c2aa2b5b"},"headline":"R\u00e9union des diff\u00e9rents projets IP europ\u00e9ens","datePublished":"2018-04-20T12:01:14+00:00","dateModified":"2020-06-30T01:35:26+00:00","mainEntityOfPage":{"@id":"https:\/\/www.life-belini.be\/fr\/reunion-des-differents-projets-ip-europeens-lors-du-life-ip-platform-event\/"},"wordCount":300,"image":{"@id":"https:\/\/www.life-belini.be\/fr\/reunion-des-differents-projets-ip-europeens-lors-du-life-ip-platform-event\/#primaryimage"},"thumbnailUrl":"https:\/\/www.life-belini.be\/wp-content\/uploads\/2018\/04\/DSC_0713.jpg","articleSection":["news fr"],"inLanguage":"fr-FR"},{"@type":"WebPage","@id":"https:\/\/www.life-belini.be\/fr\/reunion-des-differents-projets-ip-europeens-lors-du-life-ip-platform-event\/","url":"https:\/\/www.life-belini.be\/fr\/reunion-des-differents-projets-ip-europeens-lors-du-life-ip-platform-event\/","name":"R\u00e9union des diff\u00e9rents projets IP europ\u00e9ens - LIFE Belini","isPartOf":{"@id":"https:\/\/www.life-belini.be\/nl\/#website"},"primaryImageOfPage":{"@id":"https:\/\/www.life-belini.be\/fr\/reunion-des-differents-projets-ip-europeens-lors-du-life-ip-platform-event\/#primaryimage"},"image":{"@id":"https:\/\/www.life-belini.be\/fr\/reunion-des-differents-projets-ip-europeens-lors-du-life-ip-platform-event\/#primaryimage"},"thumbnailUrl":"https:\/\/www.life-belini.be\/wp-content\/uploads\/2018\/04\/DSC_0713.jpg","datePublished":"2018-04-20T12:01:14+00:00","dateModified":"2020-06-30T01:35:26+00:00","author":{"@id":"https:\/\/www.life-belini.be\/nl\/#\/schema\/person\/84a9c6d38af471fa4c482917c2aa2b5b"},"breadcrumb":{"@id":"https:\/\/www.life-belini.be\/fr\/reunion-des-differents-projets-ip-europeens-lors-du-life-ip-platform-event\/#breadcrumb"},"inLanguage":"fr-FR","potentialAction":[{"@type":"ReadAction","target":["https:\/\/www.life-belini.be\/fr\/reunion-des-differents-projets-ip-europeens-lors-du-life-ip-platform-event\/"]}]},{"@type":"ImageObject","inLanguage":"fr-FR","@id":"https:\/\/www.life-belini.be\/fr\/reunion-des-differents-projets-ip-europeens-lors-du-life-ip-platform-event\/#primaryimage","url":"https:\/\/www.life-belini.be\/wp-content\/uploads\/2018\/04\/DSC_0713.jpg","contentUrl":"https:\/\/www.life-belini.be\/wp-content\/uploads\/2018\/04\/DSC_0713.jpg","width":1280,"height":851},{"@type":"BreadcrumbList","@id":"https:\/\/www.life-belini.be\/fr\/reunion-des-differents-projets-ip-europeens-lors-du-life-ip-platform-event\/#breadcrumb","itemListElement":[{"@type":"ListItem","position":1,"name":"Home","item":"https:\/\/www.life-belini.be\/fr\/home-2\/"},{"@type":"ListItem","position":2,"name":"R\u00e9union des diff\u00e9rents projets IP europ\u00e9ens"}]},{"@type":"WebSite","@id":"https:\/\/www.life-belini.be\/nl\/#website","url":"https:\/\/www.life-belini.be\/nl\/","name":"LIFE Belini","description":"Belgian initiative for making a leap forward towards good status in the river basin district of the Scheldt","potentialAction":[{"@type":"SearchAction","target":{"@type":"EntryPoint","urlTemplate":"https:\/\/www.life-belini.be\/nl\/?s={search_term_string}"},"query-input":{"@type":"PropertyValueSpecification","valueRequired":true,"valueName":"search_term_string"}}],"inLanguage":"fr-FR"},{"@type":"Person","@id":"https:\/\/www.life-belini.be\/nl\/#\/schema\/person\/84a9c6d38af471fa4c482917c2aa2b5b","name":"Maureen Nuyts","url":"https:\/\/www.life-belini.be\/fr\/author\/maureen-nuyts\/"}]}},"_links":{"self":[{"href":"https:\/\/www.life-belini.be\/fr\/wp-json\/wp\/v2\/posts\/1308","targetHints":{"allow":["GET"]}}],"collection":[{"href":"https:\/\/www.life-belini.be\/fr\/wp-json\/wp\/v2\/posts"}],"about":[{"href":"https:\/\/www.life-belini.be\/fr\/wp-json\/wp\/v2\/types\/post"}],"author":[{"embeddable":true,"href":"https:\/\/www.life-belini.be\/fr\/wp-json\/wp\/v2\/users\/6"}],"replies":[{"embeddable":true,"href":"https:\/\/www.life-belini.be\/fr\/wp-json\/wp\/v2\/comments?post=1308"}],"version-history":[{"count":0,"href":"https:\/\/www.life-belini.be\/fr\/wp-json\/wp\/v2\/posts\/1308\/revisions"}],"wp:featuredmedia":[{"embeddable":true,"href":"https:\/\/www.life-belini.be\/fr\/wp-json\/wp\/v2\/media\/3217"}],"wp:attachment":[{"href":"https:\/\/www.life-belini.be\/fr\/wp-json\/wp\/v2\/media?parent=1308"}],"wp:term":[{"taxonomy":"category","embeddable":true,"href":"https:\/\/www.life-belini.be\/fr\/wp-json\/wp\/v2\/categories?post=1308"},{"taxonomy":"post_tag","embeddable":true,"href":"https:\/\/www.life-belini.be\/fr\/wp-json\/wp\/v2\/tags?post=1308"}],"curies":[{"name":"wp","href":"https:\/\/api.w.org\/{rel}","templated":true}]}}