{"id":1278,"date":"2018-03-28T10:39:01","date_gmt":"2018-03-28T10:39:01","guid":{"rendered":"https:\/\/www.life-belini.be\/?p=1278"},"modified":"2020-06-30T01:37:42","modified_gmt":"2020-06-30T01:37:42","slug":"life-belini-present-lors-des-journees-bruxelloises-de-leau","status":"publish","type":"post","link":"https:\/\/www.life-belini.be\/fr\/life-belini-present-lors-des-journees-bruxelloises-de-leau\/","title":{"rendered":"LIFE Belini pr\u00e9sent lors des Journ\u00e9es bruxelloises de l\u2019eau"},"content":{"rendered":"<section class=\"av_textblock_section\">\n<div class=\"avia_textblock \">\n<p><strong>Les journ\u00e9es bruxelloises de l\u2019eau se sont termin\u00e9es dimanche le 25 mars. Un village de l\u2019eau g\u00e9ant avait \u00e9t\u00e9 am\u00e9nag\u00e9 dans le parc Maximilien et propos\u00e9 de chouettes activit\u00e9s ax\u00e9es sur le th\u00e8me de l\u2019eau \u00e0 Bruxelles. LIFE Belini \u00e9tait lui aussi de la partie afin de pr\u00e9senter le projet aux nombreux int\u00e9ress\u00e9s.<\/strong><\/p>\n<p>Le dimanche 25\u00a0mars, tous les visiteurs qui le souhaitaient ont eu l\u2019occasion de visiter le village de l\u2019eau baptis\u00e9 \u00ab\u00a0Maxi Mille Liens\u00a0\u00bb. Au travers d\u2019une multitude d\u2019activit\u00e9s, ils ont pu faire connaissance avec les gestionnaires de l\u2019eau ou les associations actives dans le secteur de la gestion de l\u2019eau.<\/p>\n<p>Une belle occasion pour LIFE Belini de pr\u00e9senter le projet aux personnes pr\u00e9sentes. Les visiteurs les plus jeunes ont eu l\u2019occasion de d\u00e9couvrir des animaux aquatiques ou de colorier un dessin Belini et de l\u2019\u00e9changer contre une jolie surprise. Le passage \u00e0 l\u2019heure d\u2019\u00e9t\u00e9 et le soleil qui a g\u00e9n\u00e9reusement inond\u00e9 le parc de sa douce chaleur ont largement contribu\u00e9 \u00e0 la r\u00e9ussite de la journ\u00e9e de cl\u00f4ture du village de l\u2019eau au parc Maximilien.<\/p>\n<\/div>\n<\/section>\n<div class=\"avia-slideshow avia-slideshow-1  av-control-default avia-slideshow-no scaling av_slideshow  avia-builder-el-4  el_after_av_textblock  el_before_av_one_fourth  avia-slide-slider\" data-size=\"no scaling\" data-lightbox_size=\"large\" data-animation=\"slide\" data-ids=\"1285,1284,1282,1281,1280,1279\" data-video_counter=\"0\" data-autoplay=\"false\" data-bg_slider=\"false\" data-slide_height=\"\" data-handle=\"av_slideshow\" data-interval=\"5\" data-class=\" avia-builder-el-4  el_after_av_textblock  el_before_av_one_fourth \" data-css_id=\"\" data-scroll_down=\"\" data-control_layout=\"av-control-default\" data-custom_markup=\"\" data-perma_caption=\"\" data-autoplay_stopper=\"\" data-image_attachment=\"\" data-min_height=\"0px\">\n<ul class=\"avia-slideshow-inner\">\n<li class=\"slide-1  active-slide\"><\/li>\n<\/ul>\n<\/div>\n","protected":false},"excerpt":{"rendered":"<p>Vorige zondag was het de slotdag van de Brusselse Waterdagen. In het Maximiliaanpark stond een heus waterdorp met verschillende leuke activiteiten rond water in Brussel. LIFE Belini was ook van de partij om het project voor te stellen aan de talrijke ge\u00efnteresseerden.<\/p>\n","protected":false},"author":6,"featured_media":3206,"comment_status":"closed","ping_status":"closed","sticky":false,"template":"","format":"standard","meta":{"_acf_changed":false,"_exactmetrics_skip_tracking":false,"_exactmetrics_sitenote_active":false,"_exactmetrics_sitenote_note":"","_exactmetrics_sitenote_category":0,"footnotes":""},"categories":[30],"tags":[],"class_list":["post-1278","post","type-post","status-publish","format-standard","has-post-thumbnail","hentry","category-news-fr"],"acf":[],"yoast_head":"<!-- This site is optimized with the Yoast SEO plugin v27.4 - https:\/\/yoast.com\/product\/yoast-seo-wordpress\/ -->\n<title>LIFE Belini pr\u00e9sent lors des Journ\u00e9es bruxelloises de l\u2019eau - LIFE Belini<\/title>\n<meta name=\"robots\" content=\"index, follow, max-snippet:-1, max-image-preview:large, max-video-preview:-1\" \/>\n<link rel=\"canonical\" href=\"https:\/\/www.life-belini.be\/fr\/life-belini-present-lors-des-journees-bruxelloises-de-leau\/\" \/>\n<meta property=\"og:locale\" content=\"fr_FR\" \/>\n<meta property=\"og:type\" content=\"article\" \/>\n<meta property=\"og:title\" content=\"LIFE Belini pr\u00e9sent lors des Journ\u00e9es bruxelloises de l\u2019eau - LIFE Belini\" \/>\n<meta property=\"og:description\" content=\"Vorige zondag was het de slotdag van de Brusselse Waterdagen. In het Maximiliaanpark stond een heus waterdorp met verschillende leuke activiteiten rond water in Brussel. LIFE Belini was ook van de partij om het project voor te stellen aan de talrijke ge\u00efnteresseerden.\" \/>\n<meta property=\"og:url\" content=\"https:\/\/www.life-belini.be\/fr\/life-belini-present-lors-des-journees-bruxelloises-de-leau\/\" \/>\n<meta property=\"og:site_name\" content=\"LIFE Belini\" \/>\n<meta property=\"article:published_time\" content=\"2018-03-28T10:39:01+00:00\" \/>\n<meta property=\"article:modified_time\" content=\"2020-06-30T01:37:42+00:00\" \/>\n<meta property=\"og:image\" content=\"https:\/\/www.life-belini.be\/wp-content\/uploads\/2018\/03\/belini_brusselsewaterdagen.jpg\" \/>\n\t<meta property=\"og:image:width\" content=\"720\" \/>\n\t<meta property=\"og:image:height\" content=\"960\" \/>\n\t<meta property=\"og:image:type\" content=\"image\/jpeg\" \/>\n<meta name=\"author\" content=\"Maureen Nuyts\" \/>\n<meta name=\"twitter:card\" content=\"summary_large_image\" \/>\n<meta name=\"twitter:label1\" content=\"\u00c9crit par\" \/>\n\t<meta name=\"twitter:data1\" content=\"Maureen Nuyts\" \/>\n\t<meta name=\"twitter:label2\" content=\"Dur\u00e9e de lecture estim\u00e9e\" \/>\n\t<meta name=\"twitter:data2\" content=\"1 minute\" \/>\n<script type=\"application\/ld+json\" class=\"yoast-schema-graph\">{\"@context\":\"https:\\\/\\\/schema.org\",\"@graph\":[{\"@type\":\"Article\",\"@id\":\"https:\\\/\\\/www.life-belini.be\\\/fr\\\/life-belini-present-lors-des-journees-bruxelloises-de-leau\\\/#article\",\"isPartOf\":{\"@id\":\"https:\\\/\\\/www.life-belini.be\\\/fr\\\/life-belini-present-lors-des-journees-bruxelloises-de-leau\\\/\"},\"author\":{\"name\":\"Maureen Nuyts\",\"@id\":\"https:\\\/\\\/www.life-belini.be\\\/nl\\\/#\\\/schema\\\/person\\\/84a9c6d38af471fa4c482917c2aa2b5b\"},\"headline\":\"LIFE Belini pr\u00e9sent lors des Journ\u00e9es bruxelloises de l\u2019eau\",\"datePublished\":\"2018-03-28T10:39:01+00:00\",\"dateModified\":\"2020-06-30T01:37:42+00:00\",\"mainEntityOfPage\":{\"@id\":\"https:\\\/\\\/www.life-belini.be\\\/fr\\\/life-belini-present-lors-des-journees-bruxelloises-de-leau\\\/\"},\"wordCount\":218,\"image\":{\"@id\":\"https:\\\/\\\/www.life-belini.be\\\/fr\\\/life-belini-present-lors-des-journees-bruxelloises-de-leau\\\/#primaryimage\"},\"thumbnailUrl\":\"https:\\\/\\\/www.life-belini.be\\\/wp-content\\\/uploads\\\/2018\\\/03\\\/belini_brusselsewaterdagen.jpg\",\"articleSection\":[\"news fr\"],\"inLanguage\":\"fr-FR\"},{\"@type\":\"WebPage\",\"@id\":\"https:\\\/\\\/www.life-belini.be\\\/fr\\\/life-belini-present-lors-des-journees-bruxelloises-de-leau\\\/\",\"url\":\"https:\\\/\\\/www.life-belini.be\\\/fr\\\/life-belini-present-lors-des-journees-bruxelloises-de-leau\\\/\",\"name\":\"LIFE Belini pr\u00e9sent lors des Journ\u00e9es bruxelloises de l\u2019eau - LIFE Belini\",\"isPartOf\":{\"@id\":\"https:\\\/\\\/www.life-belini.be\\\/nl\\\/#website\"},\"primaryImageOfPage\":{\"@id\":\"https:\\\/\\\/www.life-belini.be\\\/fr\\\/life-belini-present-lors-des-journees-bruxelloises-de-leau\\\/#primaryimage\"},\"image\":{\"@id\":\"https:\\\/\\\/www.life-belini.be\\\/fr\\\/life-belini-present-lors-des-journees-bruxelloises-de-leau\\\/#primaryimage\"},\"thumbnailUrl\":\"https:\\\/\\\/www.life-belini.be\\\/wp-content\\\/uploads\\\/2018\\\/03\\\/belini_brusselsewaterdagen.jpg\",\"datePublished\":\"2018-03-28T10:39:01+00:00\",\"dateModified\":\"2020-06-30T01:37:42+00:00\",\"author\":{\"@id\":\"https:\\\/\\\/www.life-belini.be\\\/nl\\\/#\\\/schema\\\/person\\\/84a9c6d38af471fa4c482917c2aa2b5b\"},\"breadcrumb\":{\"@id\":\"https:\\\/\\\/www.life-belini.be\\\/fr\\\/life-belini-present-lors-des-journees-bruxelloises-de-leau\\\/#breadcrumb\"},\"inLanguage\":\"fr-FR\",\"potentialAction\":[{\"@type\":\"ReadAction\",\"target\":[\"https:\\\/\\\/www.life-belini.be\\\/fr\\\/life-belini-present-lors-des-journees-bruxelloises-de-leau\\\/\"]}]},{\"@type\":\"ImageObject\",\"inLanguage\":\"fr-FR\",\"@id\":\"https:\\\/\\\/www.life-belini.be\\\/fr\\\/life-belini-present-lors-des-journees-bruxelloises-de-leau\\\/#primaryimage\",\"url\":\"https:\\\/\\\/www.life-belini.be\\\/wp-content\\\/uploads\\\/2018\\\/03\\\/belini_brusselsewaterdagen.jpg\",\"contentUrl\":\"https:\\\/\\\/www.life-belini.be\\\/wp-content\\\/uploads\\\/2018\\\/03\\\/belini_brusselsewaterdagen.jpg\",\"width\":720,\"height\":960},{\"@type\":\"BreadcrumbList\",\"@id\":\"https:\\\/\\\/www.life-belini.be\\\/fr\\\/life-belini-present-lors-des-journees-bruxelloises-de-leau\\\/#breadcrumb\",\"itemListElement\":[{\"@type\":\"ListItem\",\"position\":1,\"name\":\"Home\",\"item\":\"https:\\\/\\\/www.life-belini.be\\\/fr\\\/home-2\\\/\"},{\"@type\":\"ListItem\",\"position\":2,\"name\":\"LIFE Belini pr\u00e9sent lors des Journ\u00e9es bruxelloises de l\u2019eau\"}]},{\"@type\":\"WebSite\",\"@id\":\"https:\\\/\\\/www.life-belini.be\\\/nl\\\/#website\",\"url\":\"https:\\\/\\\/www.life-belini.be\\\/nl\\\/\",\"name\":\"LIFE Belini\",\"description\":\"Belgian initiative for making a leap forward towards good status in the river basin district of the Scheldt\",\"potentialAction\":[{\"@type\":\"SearchAction\",\"target\":{\"@type\":\"EntryPoint\",\"urlTemplate\":\"https:\\\/\\\/www.life-belini.be\\\/nl\\\/?s={search_term_string}\"},\"query-input\":{\"@type\":\"PropertyValueSpecification\",\"valueRequired\":true,\"valueName\":\"search_term_string\"}}],\"inLanguage\":\"fr-FR\"},{\"@type\":\"Person\",\"@id\":\"https:\\\/\\\/www.life-belini.be\\\/nl\\\/#\\\/schema\\\/person\\\/84a9c6d38af471fa4c482917c2aa2b5b\",\"name\":\"Maureen Nuyts\",\"url\":\"https:\\\/\\\/www.life-belini.be\\\/fr\\\/author\\\/maureen-nuyts\\\/\"}]}<\/script>\n<!-- \/ Yoast SEO plugin. -->","yoast_head_json":{"title":"LIFE Belini pr\u00e9sent lors des Journ\u00e9es bruxelloises de l\u2019eau - LIFE Belini","robots":{"index":"index","follow":"follow","max-snippet":"max-snippet:-1","max-image-preview":"max-image-preview:large","max-video-preview":"max-video-preview:-1"},"canonical":"https:\/\/www.life-belini.be\/fr\/life-belini-present-lors-des-journees-bruxelloises-de-leau\/","og_locale":"fr_FR","og_type":"article","og_title":"LIFE Belini pr\u00e9sent lors des Journ\u00e9es bruxelloises de l\u2019eau - LIFE Belini","og_description":"Vorige zondag was het de slotdag van de Brusselse Waterdagen. In het Maximiliaanpark stond een heus waterdorp met verschillende leuke activiteiten rond water in Brussel. LIFE Belini was ook van de partij om het project voor te stellen aan de talrijke ge\u00efnteresseerden.","og_url":"https:\/\/www.life-belini.be\/fr\/life-belini-present-lors-des-journees-bruxelloises-de-leau\/","og_site_name":"LIFE Belini","article_published_time":"2018-03-28T10:39:01+00:00","article_modified_time":"2020-06-30T01:37:42+00:00","og_image":[{"width":720,"height":960,"url":"https:\/\/www.life-belini.be\/wp-content\/uploads\/2018\/03\/belini_brusselsewaterdagen.jpg","type":"image\/jpeg"}],"author":"Maureen Nuyts","twitter_card":"summary_large_image","twitter_misc":{"\u00c9crit par":"Maureen Nuyts","Dur\u00e9e de lecture estim\u00e9e":"1 minute"},"schema":{"@context":"https:\/\/schema.org","@graph":[{"@type":"Article","@id":"https:\/\/www.life-belini.be\/fr\/life-belini-present-lors-des-journees-bruxelloises-de-leau\/#article","isPartOf":{"@id":"https:\/\/www.life-belini.be\/fr\/life-belini-present-lors-des-journees-bruxelloises-de-leau\/"},"author":{"name":"Maureen Nuyts","@id":"https:\/\/www.life-belini.be\/nl\/#\/schema\/person\/84a9c6d38af471fa4c482917c2aa2b5b"},"headline":"LIFE Belini pr\u00e9sent lors des Journ\u00e9es bruxelloises de l\u2019eau","datePublished":"2018-03-28T10:39:01+00:00","dateModified":"2020-06-30T01:37:42+00:00","mainEntityOfPage":{"@id":"https:\/\/www.life-belini.be\/fr\/life-belini-present-lors-des-journees-bruxelloises-de-leau\/"},"wordCount":218,"image":{"@id":"https:\/\/www.life-belini.be\/fr\/life-belini-present-lors-des-journees-bruxelloises-de-leau\/#primaryimage"},"thumbnailUrl":"https:\/\/www.life-belini.be\/wp-content\/uploads\/2018\/03\/belini_brusselsewaterdagen.jpg","articleSection":["news fr"],"inLanguage":"fr-FR"},{"@type":"WebPage","@id":"https:\/\/www.life-belini.be\/fr\/life-belini-present-lors-des-journees-bruxelloises-de-leau\/","url":"https:\/\/www.life-belini.be\/fr\/life-belini-present-lors-des-journees-bruxelloises-de-leau\/","name":"LIFE Belini pr\u00e9sent lors des Journ\u00e9es bruxelloises de l\u2019eau - LIFE Belini","isPartOf":{"@id":"https:\/\/www.life-belini.be\/nl\/#website"},"primaryImageOfPage":{"@id":"https:\/\/www.life-belini.be\/fr\/life-belini-present-lors-des-journees-bruxelloises-de-leau\/#primaryimage"},"image":{"@id":"https:\/\/www.life-belini.be\/fr\/life-belini-present-lors-des-journees-bruxelloises-de-leau\/#primaryimage"},"thumbnailUrl":"https:\/\/www.life-belini.be\/wp-content\/uploads\/2018\/03\/belini_brusselsewaterdagen.jpg","datePublished":"2018-03-28T10:39:01+00:00","dateModified":"2020-06-30T01:37:42+00:00","author":{"@id":"https:\/\/www.life-belini.be\/nl\/#\/schema\/person\/84a9c6d38af471fa4c482917c2aa2b5b"},"breadcrumb":{"@id":"https:\/\/www.life-belini.be\/fr\/life-belini-present-lors-des-journees-bruxelloises-de-leau\/#breadcrumb"},"inLanguage":"fr-FR","potentialAction":[{"@type":"ReadAction","target":["https:\/\/www.life-belini.be\/fr\/life-belini-present-lors-des-journees-bruxelloises-de-leau\/"]}]},{"@type":"ImageObject","inLanguage":"fr-FR","@id":"https:\/\/www.life-belini.be\/fr\/life-belini-present-lors-des-journees-bruxelloises-de-leau\/#primaryimage","url":"https:\/\/www.life-belini.be\/wp-content\/uploads\/2018\/03\/belini_brusselsewaterdagen.jpg","contentUrl":"https:\/\/www.life-belini.be\/wp-content\/uploads\/2018\/03\/belini_brusselsewaterdagen.jpg","width":720,"height":960},{"@type":"BreadcrumbList","@id":"https:\/\/www.life-belini.be\/fr\/life-belini-present-lors-des-journees-bruxelloises-de-leau\/#breadcrumb","itemListElement":[{"@type":"ListItem","position":1,"name":"Home","item":"https:\/\/www.life-belini.be\/fr\/home-2\/"},{"@type":"ListItem","position":2,"name":"LIFE Belini pr\u00e9sent lors des Journ\u00e9es bruxelloises de l\u2019eau"}]},{"@type":"WebSite","@id":"https:\/\/www.life-belini.be\/nl\/#website","url":"https:\/\/www.life-belini.be\/nl\/","name":"LIFE Belini","description":"Belgian initiative for making a leap forward towards good status in the river basin district of the Scheldt","potentialAction":[{"@type":"SearchAction","target":{"@type":"EntryPoint","urlTemplate":"https:\/\/www.life-belini.be\/nl\/?s={search_term_string}"},"query-input":{"@type":"PropertyValueSpecification","valueRequired":true,"valueName":"search_term_string"}}],"inLanguage":"fr-FR"},{"@type":"Person","@id":"https:\/\/www.life-belini.be\/nl\/#\/schema\/person\/84a9c6d38af471fa4c482917c2aa2b5b","name":"Maureen Nuyts","url":"https:\/\/www.life-belini.be\/fr\/author\/maureen-nuyts\/"}]}},"_links":{"self":[{"href":"https:\/\/www.life-belini.be\/fr\/wp-json\/wp\/v2\/posts\/1278","targetHints":{"allow":["GET"]}}],"collection":[{"href":"https:\/\/www.life-belini.be\/fr\/wp-json\/wp\/v2\/posts"}],"about":[{"href":"https:\/\/www.life-belini.be\/fr\/wp-json\/wp\/v2\/types\/post"}],"author":[{"embeddable":true,"href":"https:\/\/www.life-belini.be\/fr\/wp-json\/wp\/v2\/users\/6"}],"replies":[{"embeddable":true,"href":"https:\/\/www.life-belini.be\/fr\/wp-json\/wp\/v2\/comments?post=1278"}],"version-history":[{"count":0,"href":"https:\/\/www.life-belini.be\/fr\/wp-json\/wp\/v2\/posts\/1278\/revisions"}],"wp:featuredmedia":[{"embeddable":true,"href":"https:\/\/www.life-belini.be\/fr\/wp-json\/wp\/v2\/media\/3206"}],"wp:attachment":[{"href":"https:\/\/www.life-belini.be\/fr\/wp-json\/wp\/v2\/media?parent=1278"}],"wp:term":[{"taxonomy":"category","embeddable":true,"href":"https:\/\/www.life-belini.be\/fr\/wp-json\/wp\/v2\/categories?post=1278"},{"taxonomy":"post_tag","embeddable":true,"href":"https:\/\/www.life-belini.be\/fr\/wp-json\/wp\/v2\/tags?post=1278"}],"curies":[{"name":"wp","href":"https:\/\/api.w.org\/{rel}","templated":true}]}}