{"id":10386,"date":"2026-01-21T13:49:41","date_gmt":"2026-01-21T13:49:41","guid":{"rendered":"https:\/\/www.life-belini.be\/?p=10386"},"modified":"2026-01-30T08:44:27","modified_gmt":"2026-01-30T08:44:27","slug":"la-sensibilisation-a-leau-a-nouveau-au-centre-de-lattention","status":"publish","type":"post","link":"https:\/\/www.life-belini.be\/fr\/la-sensibilisation-a-leau-a-nouveau-au-centre-de-lattention\/","title":{"rendered":"La sensibilisation \u00e0 l&rsquo;eau \u00e0 nouveau au centre de l&rsquo;attention"},"content":{"rendered":"<p><strong>Ce printemps, la Flandre, Bruxelles et la Wallonie mettent \u00e0 nouveau l&rsquo;eau \u00e0 l&rsquo;honneur. Les administrations locales, les associations de protection de la nature et les \u00e9coles organisent de nombreuses activit\u00e9s, allant de promenades guid\u00e9es dans la nature le long des rivi\u00e8res et des \u00e9tangs \u00e0 des ateliers sur la collecte des eaux de pluie et la qualit\u00e9 des eaux de baignade. Ensemble, elles sensibilisent ainsi la population \u00e0 l&rsquo;importance de l&rsquo;eau \u00e0 l&rsquo;\u00e9chelle interr\u00e9gionale.<\/strong><\/p>\n<p>&nbsp;<\/p>\n","protected":false},"excerpt":{"rendered":"<p>Ce printemps, la Flandre, Bruxelles et la Wallonie mettent \u00e0 nouveau l&rsquo;eau \u00e0 l&rsquo;honneur. Les administrations locales, les associations de protection de la nature et les \u00e9coles organisent de nombreuses [&hellip;]<\/p>\n","protected":false},"author":6,"featured_media":8288,"comment_status":"closed","ping_status":"closed","sticky":false,"template":"","format":"standard","meta":{"_acf_changed":false,"_exactmetrics_skip_tracking":false,"_exactmetrics_sitenote_active":false,"_exactmetrics_sitenote_note":"","_exactmetrics_sitenote_category":0,"footnotes":""},"categories":[30],"tags":[],"class_list":["post-10386","post","type-post","status-publish","format-standard","has-post-thumbnail","hentry","category-news-fr"],"acf":[],"yoast_head":"<!-- This site is optimized with the Yoast SEO plugin v27.4 - https:\/\/yoast.com\/product\/yoast-seo-wordpress\/ -->\n<title>La sensibilisation \u00e0 l&#039;eau \u00e0 nouveau au centre de l&#039;attention - LIFE Belini<\/title>\n<meta name=\"description\" content=\"La sensibilisation \u00e0 l&#039;eau \u00e0 nouveau au centre de l&#039;attention\" \/>\n<meta name=\"robots\" content=\"index, follow, max-snippet:-1, max-image-preview:large, max-video-preview:-1\" \/>\n<link rel=\"canonical\" href=\"https:\/\/www.life-belini.be\/fr\/la-sensibilisation-a-leau-a-nouveau-au-centre-de-lattention\/\" \/>\n<meta property=\"og:locale\" content=\"fr_FR\" \/>\n<meta property=\"og:type\" content=\"article\" \/>\n<meta property=\"og:title\" content=\"La sensibilisation \u00e0 l&#039;eau \u00e0 nouveau au centre de l&#039;attention - LIFE Belini\" \/>\n<meta property=\"og:description\" content=\"La sensibilisation \u00e0 l&#039;eau \u00e0 nouveau au centre de l&#039;attention\" \/>\n<meta property=\"og:url\" content=\"https:\/\/www.life-belini.be\/fr\/la-sensibilisation-a-leau-a-nouveau-au-centre-de-lattention\/\" \/>\n<meta property=\"og:site_name\" content=\"LIFE Belini\" \/>\n<meta property=\"article:published_time\" content=\"2026-01-21T13:49:41+00:00\" \/>\n<meta property=\"article:modified_time\" content=\"2026-01-30T08:44:27+00:00\" \/>\n<meta property=\"og:image\" content=\"https:\/\/www.life-belini.be\/wp-content\/uploads\/2024\/03\/World-Water-Day-belini.png\" \/>\n\t<meta property=\"og:image:width\" content=\"1080\" \/>\n\t<meta property=\"og:image:height\" content=\"1080\" \/>\n\t<meta property=\"og:image:type\" content=\"image\/png\" \/>\n<meta name=\"author\" content=\"Maureen Nuyts\" \/>\n<meta name=\"twitter:card\" content=\"summary_large_image\" \/>\n<meta name=\"twitter:label1\" content=\"\u00c9crit par\" \/>\n\t<meta name=\"twitter:data1\" content=\"Maureen Nuyts\" \/>\n\t<meta name=\"twitter:label2\" content=\"Dur\u00e9e de lecture estim\u00e9e\" \/>\n\t<meta name=\"twitter:data2\" content=\"1 minute\" \/>\n<script type=\"application\/ld+json\" class=\"yoast-schema-graph\">{\"@context\":\"https:\\\/\\\/schema.org\",\"@graph\":[{\"@type\":\"Article\",\"@id\":\"https:\\\/\\\/www.life-belini.be\\\/fr\\\/la-sensibilisation-a-leau-a-nouveau-au-centre-de-lattention\\\/#article\",\"isPartOf\":{\"@id\":\"https:\\\/\\\/www.life-belini.be\\\/fr\\\/la-sensibilisation-a-leau-a-nouveau-au-centre-de-lattention\\\/\"},\"author\":{\"name\":\"Maureen Nuyts\",\"@id\":\"https:\\\/\\\/www.life-belini.be\\\/nl\\\/#\\\/schema\\\/person\\\/84a9c6d38af471fa4c482917c2aa2b5b\"},\"headline\":\"La sensibilisation \u00e0 l&rsquo;eau \u00e0 nouveau au centre de l&rsquo;attention\",\"datePublished\":\"2026-01-21T13:49:41+00:00\",\"dateModified\":\"2026-01-30T08:44:27+00:00\",\"mainEntityOfPage\":{\"@id\":\"https:\\\/\\\/www.life-belini.be\\\/fr\\\/la-sensibilisation-a-leau-a-nouveau-au-centre-de-lattention\\\/\"},\"wordCount\":90,\"image\":{\"@id\":\"https:\\\/\\\/www.life-belini.be\\\/fr\\\/la-sensibilisation-a-leau-a-nouveau-au-centre-de-lattention\\\/#primaryimage\"},\"thumbnailUrl\":\"https:\\\/\\\/www.life-belini.be\\\/wp-content\\\/uploads\\\/2024\\\/03\\\/World-Water-Day-belini.png\",\"articleSection\":[\"news fr\"],\"inLanguage\":\"fr-FR\"},{\"@type\":\"WebPage\",\"@id\":\"https:\\\/\\\/www.life-belini.be\\\/fr\\\/la-sensibilisation-a-leau-a-nouveau-au-centre-de-lattention\\\/\",\"url\":\"https:\\\/\\\/www.life-belini.be\\\/fr\\\/la-sensibilisation-a-leau-a-nouveau-au-centre-de-lattention\\\/\",\"name\":\"La sensibilisation \u00e0 l'eau \u00e0 nouveau au centre de l'attention - LIFE Belini\",\"isPartOf\":{\"@id\":\"https:\\\/\\\/www.life-belini.be\\\/nl\\\/#website\"},\"primaryImageOfPage\":{\"@id\":\"https:\\\/\\\/www.life-belini.be\\\/fr\\\/la-sensibilisation-a-leau-a-nouveau-au-centre-de-lattention\\\/#primaryimage\"},\"image\":{\"@id\":\"https:\\\/\\\/www.life-belini.be\\\/fr\\\/la-sensibilisation-a-leau-a-nouveau-au-centre-de-lattention\\\/#primaryimage\"},\"thumbnailUrl\":\"https:\\\/\\\/www.life-belini.be\\\/wp-content\\\/uploads\\\/2024\\\/03\\\/World-Water-Day-belini.png\",\"datePublished\":\"2026-01-21T13:49:41+00:00\",\"dateModified\":\"2026-01-30T08:44:27+00:00\",\"author\":{\"@id\":\"https:\\\/\\\/www.life-belini.be\\\/nl\\\/#\\\/schema\\\/person\\\/84a9c6d38af471fa4c482917c2aa2b5b\"},\"description\":\"La sensibilisation \u00e0 l'eau \u00e0 nouveau au centre de l'attention\",\"breadcrumb\":{\"@id\":\"https:\\\/\\\/www.life-belini.be\\\/fr\\\/la-sensibilisation-a-leau-a-nouveau-au-centre-de-lattention\\\/#breadcrumb\"},\"inLanguage\":\"fr-FR\",\"potentialAction\":[{\"@type\":\"ReadAction\",\"target\":[\"https:\\\/\\\/www.life-belini.be\\\/fr\\\/la-sensibilisation-a-leau-a-nouveau-au-centre-de-lattention\\\/\"]}]},{\"@type\":\"ImageObject\",\"inLanguage\":\"fr-FR\",\"@id\":\"https:\\\/\\\/www.life-belini.be\\\/fr\\\/la-sensibilisation-a-leau-a-nouveau-au-centre-de-lattention\\\/#primaryimage\",\"url\":\"https:\\\/\\\/www.life-belini.be\\\/wp-content\\\/uploads\\\/2024\\\/03\\\/World-Water-Day-belini.png\",\"contentUrl\":\"https:\\\/\\\/www.life-belini.be\\\/wp-content\\\/uploads\\\/2024\\\/03\\\/World-Water-Day-belini.png\",\"width\":1080,\"height\":1080},{\"@type\":\"BreadcrumbList\",\"@id\":\"https:\\\/\\\/www.life-belini.be\\\/fr\\\/la-sensibilisation-a-leau-a-nouveau-au-centre-de-lattention\\\/#breadcrumb\",\"itemListElement\":[{\"@type\":\"ListItem\",\"position\":1,\"name\":\"Home\",\"item\":\"https:\\\/\\\/www.life-belini.be\\\/fr\\\/home-2\\\/\"},{\"@type\":\"ListItem\",\"position\":2,\"name\":\"La sensibilisation \u00e0 l&rsquo;eau \u00e0 nouveau au centre de l&rsquo;attention\"}]},{\"@type\":\"WebSite\",\"@id\":\"https:\\\/\\\/www.life-belini.be\\\/nl\\\/#website\",\"url\":\"https:\\\/\\\/www.life-belini.be\\\/nl\\\/\",\"name\":\"LIFE Belini\",\"description\":\"Belgian initiative for making a leap forward towards good status in the river basin district of the Scheldt\",\"potentialAction\":[{\"@type\":\"SearchAction\",\"target\":{\"@type\":\"EntryPoint\",\"urlTemplate\":\"https:\\\/\\\/www.life-belini.be\\\/nl\\\/?s={search_term_string}\"},\"query-input\":{\"@type\":\"PropertyValueSpecification\",\"valueRequired\":true,\"valueName\":\"search_term_string\"}}],\"inLanguage\":\"fr-FR\"},{\"@type\":\"Person\",\"@id\":\"https:\\\/\\\/www.life-belini.be\\\/nl\\\/#\\\/schema\\\/person\\\/84a9c6d38af471fa4c482917c2aa2b5b\",\"name\":\"Maureen Nuyts\",\"url\":\"https:\\\/\\\/www.life-belini.be\\\/fr\\\/author\\\/maureen-nuyts\\\/\"}]}<\/script>\n<!-- \/ Yoast SEO plugin. -->","yoast_head_json":{"title":"La sensibilisation \u00e0 l'eau \u00e0 nouveau au centre de l'attention - LIFE Belini","description":"La sensibilisation \u00e0 l'eau \u00e0 nouveau au centre de l'attention","robots":{"index":"index","follow":"follow","max-snippet":"max-snippet:-1","max-image-preview":"max-image-preview:large","max-video-preview":"max-video-preview:-1"},"canonical":"https:\/\/www.life-belini.be\/fr\/la-sensibilisation-a-leau-a-nouveau-au-centre-de-lattention\/","og_locale":"fr_FR","og_type":"article","og_title":"La sensibilisation \u00e0 l'eau \u00e0 nouveau au centre de l'attention - LIFE Belini","og_description":"La sensibilisation \u00e0 l'eau \u00e0 nouveau au centre de l'attention","og_url":"https:\/\/www.life-belini.be\/fr\/la-sensibilisation-a-leau-a-nouveau-au-centre-de-lattention\/","og_site_name":"LIFE Belini","article_published_time":"2026-01-21T13:49:41+00:00","article_modified_time":"2026-01-30T08:44:27+00:00","og_image":[{"width":1080,"height":1080,"url":"https:\/\/www.life-belini.be\/wp-content\/uploads\/2024\/03\/World-Water-Day-belini.png","type":"image\/png"}],"author":"Maureen Nuyts","twitter_card":"summary_large_image","twitter_misc":{"\u00c9crit par":"Maureen Nuyts","Dur\u00e9e de lecture estim\u00e9e":"1 minute"},"schema":{"@context":"https:\/\/schema.org","@graph":[{"@type":"Article","@id":"https:\/\/www.life-belini.be\/fr\/la-sensibilisation-a-leau-a-nouveau-au-centre-de-lattention\/#article","isPartOf":{"@id":"https:\/\/www.life-belini.be\/fr\/la-sensibilisation-a-leau-a-nouveau-au-centre-de-lattention\/"},"author":{"name":"Maureen Nuyts","@id":"https:\/\/www.life-belini.be\/nl\/#\/schema\/person\/84a9c6d38af471fa4c482917c2aa2b5b"},"headline":"La sensibilisation \u00e0 l&rsquo;eau \u00e0 nouveau au centre de l&rsquo;attention","datePublished":"2026-01-21T13:49:41+00:00","dateModified":"2026-01-30T08:44:27+00:00","mainEntityOfPage":{"@id":"https:\/\/www.life-belini.be\/fr\/la-sensibilisation-a-leau-a-nouveau-au-centre-de-lattention\/"},"wordCount":90,"image":{"@id":"https:\/\/www.life-belini.be\/fr\/la-sensibilisation-a-leau-a-nouveau-au-centre-de-lattention\/#primaryimage"},"thumbnailUrl":"https:\/\/www.life-belini.be\/wp-content\/uploads\/2024\/03\/World-Water-Day-belini.png","articleSection":["news fr"],"inLanguage":"fr-FR"},{"@type":"WebPage","@id":"https:\/\/www.life-belini.be\/fr\/la-sensibilisation-a-leau-a-nouveau-au-centre-de-lattention\/","url":"https:\/\/www.life-belini.be\/fr\/la-sensibilisation-a-leau-a-nouveau-au-centre-de-lattention\/","name":"La sensibilisation \u00e0 l'eau \u00e0 nouveau au centre de l'attention - LIFE Belini","isPartOf":{"@id":"https:\/\/www.life-belini.be\/nl\/#website"},"primaryImageOfPage":{"@id":"https:\/\/www.life-belini.be\/fr\/la-sensibilisation-a-leau-a-nouveau-au-centre-de-lattention\/#primaryimage"},"image":{"@id":"https:\/\/www.life-belini.be\/fr\/la-sensibilisation-a-leau-a-nouveau-au-centre-de-lattention\/#primaryimage"},"thumbnailUrl":"https:\/\/www.life-belini.be\/wp-content\/uploads\/2024\/03\/World-Water-Day-belini.png","datePublished":"2026-01-21T13:49:41+00:00","dateModified":"2026-01-30T08:44:27+00:00","author":{"@id":"https:\/\/www.life-belini.be\/nl\/#\/schema\/person\/84a9c6d38af471fa4c482917c2aa2b5b"},"description":"La sensibilisation \u00e0 l'eau \u00e0 nouveau au centre de l'attention","breadcrumb":{"@id":"https:\/\/www.life-belini.be\/fr\/la-sensibilisation-a-leau-a-nouveau-au-centre-de-lattention\/#breadcrumb"},"inLanguage":"fr-FR","potentialAction":[{"@type":"ReadAction","target":["https:\/\/www.life-belini.be\/fr\/la-sensibilisation-a-leau-a-nouveau-au-centre-de-lattention\/"]}]},{"@type":"ImageObject","inLanguage":"fr-FR","@id":"https:\/\/www.life-belini.be\/fr\/la-sensibilisation-a-leau-a-nouveau-au-centre-de-lattention\/#primaryimage","url":"https:\/\/www.life-belini.be\/wp-content\/uploads\/2024\/03\/World-Water-Day-belini.png","contentUrl":"https:\/\/www.life-belini.be\/wp-content\/uploads\/2024\/03\/World-Water-Day-belini.png","width":1080,"height":1080},{"@type":"BreadcrumbList","@id":"https:\/\/www.life-belini.be\/fr\/la-sensibilisation-a-leau-a-nouveau-au-centre-de-lattention\/#breadcrumb","itemListElement":[{"@type":"ListItem","position":1,"name":"Home","item":"https:\/\/www.life-belini.be\/fr\/home-2\/"},{"@type":"ListItem","position":2,"name":"La sensibilisation \u00e0 l&rsquo;eau \u00e0 nouveau au centre de l&rsquo;attention"}]},{"@type":"WebSite","@id":"https:\/\/www.life-belini.be\/nl\/#website","url":"https:\/\/www.life-belini.be\/nl\/","name":"LIFE Belini","description":"Belgian initiative for making a leap forward towards good status in the river basin district of the Scheldt","potentialAction":[{"@type":"SearchAction","target":{"@type":"EntryPoint","urlTemplate":"https:\/\/www.life-belini.be\/nl\/?s={search_term_string}"},"query-input":{"@type":"PropertyValueSpecification","valueRequired":true,"valueName":"search_term_string"}}],"inLanguage":"fr-FR"},{"@type":"Person","@id":"https:\/\/www.life-belini.be\/nl\/#\/schema\/person\/84a9c6d38af471fa4c482917c2aa2b5b","name":"Maureen Nuyts","url":"https:\/\/www.life-belini.be\/fr\/author\/maureen-nuyts\/"}]}},"_links":{"self":[{"href":"https:\/\/www.life-belini.be\/fr\/wp-json\/wp\/v2\/posts\/10386","targetHints":{"allow":["GET"]}}],"collection":[{"href":"https:\/\/www.life-belini.be\/fr\/wp-json\/wp\/v2\/posts"}],"about":[{"href":"https:\/\/www.life-belini.be\/fr\/wp-json\/wp\/v2\/types\/post"}],"author":[{"embeddable":true,"href":"https:\/\/www.life-belini.be\/fr\/wp-json\/wp\/v2\/users\/6"}],"replies":[{"embeddable":true,"href":"https:\/\/www.life-belini.be\/fr\/wp-json\/wp\/v2\/comments?post=10386"}],"version-history":[{"count":5,"href":"https:\/\/www.life-belini.be\/fr\/wp-json\/wp\/v2\/posts\/10386\/revisions"}],"predecessor-version":[{"id":10388,"href":"https:\/\/www.life-belini.be\/fr\/wp-json\/wp\/v2\/posts\/10386\/revisions\/10388"}],"wp:featuredmedia":[{"embeddable":true,"href":"https:\/\/www.life-belini.be\/fr\/wp-json\/wp\/v2\/media\/8288"}],"wp:attachment":[{"href":"https:\/\/www.life-belini.be\/fr\/wp-json\/wp\/v2\/media?parent=10386"}],"wp:term":[{"taxonomy":"category","embeddable":true,"href":"https:\/\/www.life-belini.be\/fr\/wp-json\/wp\/v2\/categories?post=10386"},{"taxonomy":"post_tag","embeddable":true,"href":"https:\/\/www.life-belini.be\/fr\/wp-json\/wp\/v2\/tags?post=10386"}],"curies":[{"name":"wp","href":"https:\/\/api.w.org\/{rel}","templated":true}]}}