{"id":10370,"date":"2025-09-29T17:08:19","date_gmt":"2025-09-29T17:08:19","guid":{"rendered":"https:\/\/www.life-belini.be\/werken-overstromingsgebied-grote-weide-gestart\/"},"modified":"2026-01-30T08:38:27","modified_gmt":"2026-01-30T08:38:27","slug":"debut-des-travaux-dans-la-zone-inondable-grote-weide","status":"publish","type":"post","link":"https:\/\/www.life-belini.be\/fr\/debut-des-travaux-dans-la-zone-inondable-grote-weide\/","title":{"rendered":"D\u00e9but des travaux dans la zone inondable &lsquo;Grote Weide&rsquo;"},"content":{"rendered":"<p><strong>\u00c0 Halle, la construction de la zone inondable contr\u00f4l\u00e9e \u00e0 la \u00ab Grote Weide \u00bb a commenc\u00e9. Ce nouveau bassin tampon est construit \u00e0 la demande de la ville de Halle et de la province du Brabant flamand. Ces travaux permettront de mieux prot\u00e9ger les rues r\u00e9sidentielles environnantes, notamment la Poststraat, la Victor Baetensstraat, l&rsquo;Auguste Demaeghtlaan, la Beertsestraat et certaines parties de la Bergensesteenweg, contre les inondations.<\/strong><\/p>\n<div>\n<h2><\/h2>\n<\/div>\n","protected":false},"excerpt":{"rendered":"<p>\u00c0 Halle, la construction de la zone inondable contr\u00f4l\u00e9e \u00e0 la \u00ab Grote Weide \u00bb a commenc\u00e9. Ce nouveau bassin tampon est construit \u00e0 la demande de la ville de [&hellip;]<\/p>\n","protected":false},"author":6,"featured_media":10313,"comment_status":"closed","ping_status":"closed","sticky":false,"template":"","format":"standard","meta":{"_acf_changed":false,"_exactmetrics_skip_tracking":false,"_exactmetrics_sitenote_active":false,"_exactmetrics_sitenote_note":"","_exactmetrics_sitenote_category":0,"footnotes":""},"categories":[30],"tags":[],"class_list":["post-10370","post","type-post","status-publish","format-standard","has-post-thumbnail","hentry","category-news-fr"],"acf":[],"yoast_head":"<!-- This site is optimized with the Yoast SEO plugin v27.4 - https:\/\/yoast.com\/product\/yoast-seo-wordpress\/ -->\n<title>D\u00e9but des travaux dans la zone inondable &#039;Grote Weide&#039; - LIFE Belini<\/title>\n<meta name=\"description\" content=\"In Halle is de aanleg van het gecontroleerd overstromingsgebied aan de \u2018Grote Weide\u2019 gestart.\" \/>\n<meta name=\"robots\" content=\"index, follow, max-snippet:-1, max-image-preview:large, max-video-preview:-1\" \/>\n<link rel=\"canonical\" href=\"https:\/\/www.life-belini.be\/fr\/debut-des-travaux-dans-la-zone-inondable-grote-weide\/\" \/>\n<meta property=\"og:locale\" content=\"fr_FR\" \/>\n<meta property=\"og:type\" content=\"article\" \/>\n<meta property=\"og:title\" content=\"D\u00e9but des travaux dans la zone inondable &#039;Grote Weide&#039; - LIFE Belini\" \/>\n<meta property=\"og:description\" content=\"In Halle is de aanleg van het gecontroleerd overstromingsgebied aan de \u2018Grote Weide\u2019 gestart.\" \/>\n<meta property=\"og:url\" content=\"https:\/\/www.life-belini.be\/fr\/debut-des-travaux-dans-la-zone-inondable-grote-weide\/\" \/>\n<meta property=\"og:site_name\" content=\"LIFE Belini\" \/>\n<meta property=\"article:published_time\" content=\"2025-09-29T17:08:19+00:00\" \/>\n<meta property=\"article:modified_time\" content=\"2026-01-30T08:38:27+00:00\" \/>\n<meta name=\"author\" content=\"Maureen Nuyts\" \/>\n<meta name=\"twitter:card\" content=\"summary_large_image\" \/>\n<meta name=\"twitter:label1\" content=\"\u00c9crit par\" \/>\n\t<meta name=\"twitter:data1\" content=\"Maureen Nuyts\" \/>\n\t<meta name=\"twitter:label2\" content=\"Dur\u00e9e de lecture estim\u00e9e\" \/>\n\t<meta name=\"twitter:data2\" content=\"1 minute\" \/>\n<script type=\"application\/ld+json\" class=\"yoast-schema-graph\">{\"@context\":\"https:\\\/\\\/schema.org\",\"@graph\":[{\"@type\":\"Article\",\"@id\":\"https:\\\/\\\/www.life-belini.be\\\/fr\\\/debut-des-travaux-dans-la-zone-inondable-grote-weide\\\/#article\",\"isPartOf\":{\"@id\":\"https:\\\/\\\/www.life-belini.be\\\/fr\\\/debut-des-travaux-dans-la-zone-inondable-grote-weide\\\/\"},\"author\":{\"name\":\"Maureen Nuyts\",\"@id\":\"https:\\\/\\\/www.life-belini.be\\\/nl\\\/#\\\/schema\\\/person\\\/84a9c6d38af471fa4c482917c2aa2b5b\"},\"headline\":\"D\u00e9but des travaux dans la zone inondable &lsquo;Grote Weide&rsquo;\",\"datePublished\":\"2025-09-29T17:08:19+00:00\",\"dateModified\":\"2026-01-30T08:38:27+00:00\",\"mainEntityOfPage\":{\"@id\":\"https:\\\/\\\/www.life-belini.be\\\/fr\\\/debut-des-travaux-dans-la-zone-inondable-grote-weide\\\/\"},\"wordCount\":77,\"image\":{\"@id\":\"https:\\\/\\\/www.life-belini.be\\\/fr\\\/debut-des-travaux-dans-la-zone-inondable-grote-weide\\\/#primaryimage\"},\"thumbnailUrl\":\"https:\\\/\\\/www.life-belini.be\\\/wp-content\\\/uploads\\\/2026\\\/01\\\/DSC_8637LR_aanleg_groteweide.avif\",\"articleSection\":[\"news fr\"],\"inLanguage\":\"fr-FR\"},{\"@type\":\"WebPage\",\"@id\":\"https:\\\/\\\/www.life-belini.be\\\/fr\\\/debut-des-travaux-dans-la-zone-inondable-grote-weide\\\/\",\"url\":\"https:\\\/\\\/www.life-belini.be\\\/fr\\\/debut-des-travaux-dans-la-zone-inondable-grote-weide\\\/\",\"name\":\"D\u00e9but des travaux dans la zone inondable 'Grote Weide' - LIFE Belini\",\"isPartOf\":{\"@id\":\"https:\\\/\\\/www.life-belini.be\\\/nl\\\/#website\"},\"primaryImageOfPage\":{\"@id\":\"https:\\\/\\\/www.life-belini.be\\\/fr\\\/debut-des-travaux-dans-la-zone-inondable-grote-weide\\\/#primaryimage\"},\"image\":{\"@id\":\"https:\\\/\\\/www.life-belini.be\\\/fr\\\/debut-des-travaux-dans-la-zone-inondable-grote-weide\\\/#primaryimage\"},\"thumbnailUrl\":\"https:\\\/\\\/www.life-belini.be\\\/wp-content\\\/uploads\\\/2026\\\/01\\\/DSC_8637LR_aanleg_groteweide.avif\",\"datePublished\":\"2025-09-29T17:08:19+00:00\",\"dateModified\":\"2026-01-30T08:38:27+00:00\",\"author\":{\"@id\":\"https:\\\/\\\/www.life-belini.be\\\/nl\\\/#\\\/schema\\\/person\\\/84a9c6d38af471fa4c482917c2aa2b5b\"},\"description\":\"In Halle is de aanleg van het gecontroleerd overstromingsgebied aan de \u2018Grote Weide\u2019 gestart.\",\"breadcrumb\":{\"@id\":\"https:\\\/\\\/www.life-belini.be\\\/fr\\\/debut-des-travaux-dans-la-zone-inondable-grote-weide\\\/#breadcrumb\"},\"inLanguage\":\"fr-FR\",\"potentialAction\":[{\"@type\":\"ReadAction\",\"target\":[\"https:\\\/\\\/www.life-belini.be\\\/fr\\\/debut-des-travaux-dans-la-zone-inondable-grote-weide\\\/\"]}]},{\"@type\":\"ImageObject\",\"inLanguage\":\"fr-FR\",\"@id\":\"https:\\\/\\\/www.life-belini.be\\\/fr\\\/debut-des-travaux-dans-la-zone-inondable-grote-weide\\\/#primaryimage\",\"url\":\"https:\\\/\\\/www.life-belini.be\\\/wp-content\\\/uploads\\\/2026\\\/01\\\/DSC_8637LR_aanleg_groteweide.avif\",\"contentUrl\":\"https:\\\/\\\/www.life-belini.be\\\/wp-content\\\/uploads\\\/2026\\\/01\\\/DSC_8637LR_aanleg_groteweide.avif\",\"width\":1200,\"height\":800},{\"@type\":\"BreadcrumbList\",\"@id\":\"https:\\\/\\\/www.life-belini.be\\\/fr\\\/debut-des-travaux-dans-la-zone-inondable-grote-weide\\\/#breadcrumb\",\"itemListElement\":[{\"@type\":\"ListItem\",\"position\":1,\"name\":\"Home\",\"item\":\"https:\\\/\\\/www.life-belini.be\\\/fr\\\/home-2\\\/\"},{\"@type\":\"ListItem\",\"position\":2,\"name\":\"D\u00e9but des travaux dans la zone inondable &lsquo;Grote Weide&rsquo;\"}]},{\"@type\":\"WebSite\",\"@id\":\"https:\\\/\\\/www.life-belini.be\\\/nl\\\/#website\",\"url\":\"https:\\\/\\\/www.life-belini.be\\\/nl\\\/\",\"name\":\"LIFE Belini\",\"description\":\"Belgian initiative for making a leap forward towards good status in the river basin district of the Scheldt\",\"potentialAction\":[{\"@type\":\"SearchAction\",\"target\":{\"@type\":\"EntryPoint\",\"urlTemplate\":\"https:\\\/\\\/www.life-belini.be\\\/nl\\\/?s={search_term_string}\"},\"query-input\":{\"@type\":\"PropertyValueSpecification\",\"valueRequired\":true,\"valueName\":\"search_term_string\"}}],\"inLanguage\":\"fr-FR\"},{\"@type\":\"Person\",\"@id\":\"https:\\\/\\\/www.life-belini.be\\\/nl\\\/#\\\/schema\\\/person\\\/84a9c6d38af471fa4c482917c2aa2b5b\",\"name\":\"Maureen Nuyts\",\"url\":\"https:\\\/\\\/www.life-belini.be\\\/fr\\\/author\\\/maureen-nuyts\\\/\"}]}<\/script>\n<!-- \/ Yoast SEO plugin. -->","yoast_head_json":{"title":"D\u00e9but des travaux dans la zone inondable 'Grote Weide' - LIFE Belini","description":"In Halle is de aanleg van het gecontroleerd overstromingsgebied aan de \u2018Grote Weide\u2019 gestart.","robots":{"index":"index","follow":"follow","max-snippet":"max-snippet:-1","max-image-preview":"max-image-preview:large","max-video-preview":"max-video-preview:-1"},"canonical":"https:\/\/www.life-belini.be\/fr\/debut-des-travaux-dans-la-zone-inondable-grote-weide\/","og_locale":"fr_FR","og_type":"article","og_title":"D\u00e9but des travaux dans la zone inondable 'Grote Weide' - LIFE Belini","og_description":"In Halle is de aanleg van het gecontroleerd overstromingsgebied aan de \u2018Grote Weide\u2019 gestart.","og_url":"https:\/\/www.life-belini.be\/fr\/debut-des-travaux-dans-la-zone-inondable-grote-weide\/","og_site_name":"LIFE Belini","article_published_time":"2025-09-29T17:08:19+00:00","article_modified_time":"2026-01-30T08:38:27+00:00","author":"Maureen Nuyts","twitter_card":"summary_large_image","twitter_misc":{"\u00c9crit par":"Maureen Nuyts","Dur\u00e9e de lecture estim\u00e9e":"1 minute"},"schema":{"@context":"https:\/\/schema.org","@graph":[{"@type":"Article","@id":"https:\/\/www.life-belini.be\/fr\/debut-des-travaux-dans-la-zone-inondable-grote-weide\/#article","isPartOf":{"@id":"https:\/\/www.life-belini.be\/fr\/debut-des-travaux-dans-la-zone-inondable-grote-weide\/"},"author":{"name":"Maureen Nuyts","@id":"https:\/\/www.life-belini.be\/nl\/#\/schema\/person\/84a9c6d38af471fa4c482917c2aa2b5b"},"headline":"D\u00e9but des travaux dans la zone inondable &lsquo;Grote Weide&rsquo;","datePublished":"2025-09-29T17:08:19+00:00","dateModified":"2026-01-30T08:38:27+00:00","mainEntityOfPage":{"@id":"https:\/\/www.life-belini.be\/fr\/debut-des-travaux-dans-la-zone-inondable-grote-weide\/"},"wordCount":77,"image":{"@id":"https:\/\/www.life-belini.be\/fr\/debut-des-travaux-dans-la-zone-inondable-grote-weide\/#primaryimage"},"thumbnailUrl":"https:\/\/www.life-belini.be\/wp-content\/uploads\/2026\/01\/DSC_8637LR_aanleg_groteweide.avif","articleSection":["news fr"],"inLanguage":"fr-FR"},{"@type":"WebPage","@id":"https:\/\/www.life-belini.be\/fr\/debut-des-travaux-dans-la-zone-inondable-grote-weide\/","url":"https:\/\/www.life-belini.be\/fr\/debut-des-travaux-dans-la-zone-inondable-grote-weide\/","name":"D\u00e9but des travaux dans la zone inondable 'Grote Weide' - LIFE Belini","isPartOf":{"@id":"https:\/\/www.life-belini.be\/nl\/#website"},"primaryImageOfPage":{"@id":"https:\/\/www.life-belini.be\/fr\/debut-des-travaux-dans-la-zone-inondable-grote-weide\/#primaryimage"},"image":{"@id":"https:\/\/www.life-belini.be\/fr\/debut-des-travaux-dans-la-zone-inondable-grote-weide\/#primaryimage"},"thumbnailUrl":"https:\/\/www.life-belini.be\/wp-content\/uploads\/2026\/01\/DSC_8637LR_aanleg_groteweide.avif","datePublished":"2025-09-29T17:08:19+00:00","dateModified":"2026-01-30T08:38:27+00:00","author":{"@id":"https:\/\/www.life-belini.be\/nl\/#\/schema\/person\/84a9c6d38af471fa4c482917c2aa2b5b"},"description":"In Halle is de aanleg van het gecontroleerd overstromingsgebied aan de \u2018Grote Weide\u2019 gestart.","breadcrumb":{"@id":"https:\/\/www.life-belini.be\/fr\/debut-des-travaux-dans-la-zone-inondable-grote-weide\/#breadcrumb"},"inLanguage":"fr-FR","potentialAction":[{"@type":"ReadAction","target":["https:\/\/www.life-belini.be\/fr\/debut-des-travaux-dans-la-zone-inondable-grote-weide\/"]}]},{"@type":"ImageObject","inLanguage":"fr-FR","@id":"https:\/\/www.life-belini.be\/fr\/debut-des-travaux-dans-la-zone-inondable-grote-weide\/#primaryimage","url":"https:\/\/www.life-belini.be\/wp-content\/uploads\/2026\/01\/DSC_8637LR_aanleg_groteweide.avif","contentUrl":"https:\/\/www.life-belini.be\/wp-content\/uploads\/2026\/01\/DSC_8637LR_aanleg_groteweide.avif","width":1200,"height":800},{"@type":"BreadcrumbList","@id":"https:\/\/www.life-belini.be\/fr\/debut-des-travaux-dans-la-zone-inondable-grote-weide\/#breadcrumb","itemListElement":[{"@type":"ListItem","position":1,"name":"Home","item":"https:\/\/www.life-belini.be\/fr\/home-2\/"},{"@type":"ListItem","position":2,"name":"D\u00e9but des travaux dans la zone inondable &lsquo;Grote Weide&rsquo;"}]},{"@type":"WebSite","@id":"https:\/\/www.life-belini.be\/nl\/#website","url":"https:\/\/www.life-belini.be\/nl\/","name":"LIFE Belini","description":"Belgian initiative for making a leap forward towards good status in the river basin district of the Scheldt","potentialAction":[{"@type":"SearchAction","target":{"@type":"EntryPoint","urlTemplate":"https:\/\/www.life-belini.be\/nl\/?s={search_term_string}"},"query-input":{"@type":"PropertyValueSpecification","valueRequired":true,"valueName":"search_term_string"}}],"inLanguage":"fr-FR"},{"@type":"Person","@id":"https:\/\/www.life-belini.be\/nl\/#\/schema\/person\/84a9c6d38af471fa4c482917c2aa2b5b","name":"Maureen Nuyts","url":"https:\/\/www.life-belini.be\/fr\/author\/maureen-nuyts\/"}]}},"_links":{"self":[{"href":"https:\/\/www.life-belini.be\/fr\/wp-json\/wp\/v2\/posts\/10370","targetHints":{"allow":["GET"]}}],"collection":[{"href":"https:\/\/www.life-belini.be\/fr\/wp-json\/wp\/v2\/posts"}],"about":[{"href":"https:\/\/www.life-belini.be\/fr\/wp-json\/wp\/v2\/types\/post"}],"author":[{"embeddable":true,"href":"https:\/\/www.life-belini.be\/fr\/wp-json\/wp\/v2\/users\/6"}],"replies":[{"embeddable":true,"href":"https:\/\/www.life-belini.be\/fr\/wp-json\/wp\/v2\/comments?post=10370"}],"version-history":[{"count":3,"href":"https:\/\/www.life-belini.be\/fr\/wp-json\/wp\/v2\/posts\/10370\/revisions"}],"predecessor-version":[{"id":10371,"href":"https:\/\/www.life-belini.be\/fr\/wp-json\/wp\/v2\/posts\/10370\/revisions\/10371"}],"wp:featuredmedia":[{"embeddable":true,"href":"https:\/\/www.life-belini.be\/fr\/wp-json\/wp\/v2\/media\/10313"}],"wp:attachment":[{"href":"https:\/\/www.life-belini.be\/fr\/wp-json\/wp\/v2\/media?parent=10370"}],"wp:term":[{"taxonomy":"category","embeddable":true,"href":"https:\/\/www.life-belini.be\/fr\/wp-json\/wp\/v2\/categories?post=10370"},{"taxonomy":"post_tag","embeddable":true,"href":"https:\/\/www.life-belini.be\/fr\/wp-json\/wp\/v2\/tags?post=10370"}],"curies":[{"name":"wp","href":"https:\/\/api.w.org\/{rel}","templated":true}]}}