{"id":10365,"date":"2025-10-21T10:45:18","date_gmt":"2025-10-21T10:45:18","guid":{"rendered":"https:\/\/www.life-belini.be\/succesvolle-life-platform-meeting-met-focus-op-waterbestendigheid\/"},"modified":"2026-01-30T08:37:51","modified_gmt":"2026-01-30T08:37:51","slug":"reunion-fructueuse-de-la-plateforme-life-axee-sur-la-resilience-hydrologique","status":"publish","type":"post","link":"https:\/\/www.life-belini.be\/fr\/reunion-fructueuse-de-la-plateforme-life-axee-sur-la-resilience-hydrologique\/","title":{"rendered":"R\u00e9union fructueuse de la plateforme LIFE ax\u00e9e sur la r\u00e9silience hydrologique"},"content":{"rendered":"<p><strong>Les 14 et 15 octobre 2025, Bruxelles a accueilli l&rsquo;\u00e9v\u00e9nement LIFE Platform, consacr\u00e9 \u00e0 la \u00ab strat\u00e9gie europ\u00e9enne de r\u00e9silience hydrologique \u00bb (Water Resilience) r\u00e9cemment publi\u00e9e. Cet \u00e9v\u00e9nement a r\u00e9uni plus de 100 experts, chefs de projet et autres parties prenantes afin de discuter de la situation critique des bassins hydrographiques europ\u00e9ens et d&rsquo;explorer des solutions.<\/strong><\/p>\n","protected":false},"excerpt":{"rendered":"<p>Les 14 et 15 octobre 2025, Bruxelles a accueilli l&rsquo;\u00e9v\u00e9nement LIFE Platform, consacr\u00e9 \u00e0 la \u00ab strat\u00e9gie europ\u00e9enne de r\u00e9silience hydrologique \u00bb (Water Resilience) r\u00e9cemment publi\u00e9e. Cet \u00e9v\u00e9nement a r\u00e9uni [&hellip;]<\/p>\n","protected":false},"author":6,"featured_media":10101,"comment_status":"closed","ping_status":"closed","sticky":false,"template":"","format":"standard","meta":{"_acf_changed":false,"_exactmetrics_skip_tracking":false,"_exactmetrics_sitenote_active":false,"_exactmetrics_sitenote_note":"","_exactmetrics_sitenote_category":0,"footnotes":""},"categories":[30],"tags":[],"class_list":["post-10365","post","type-post","status-publish","format-standard","has-post-thumbnail","hentry","category-news-fr"],"acf":[],"yoast_head":"<!-- This site is optimized with the Yoast SEO plugin v27.4 - https:\/\/yoast.com\/product\/yoast-seo-wordpress\/ -->\n<title>R\u00e9union fructueuse de la plateforme LIFE ax\u00e9e sur la r\u00e9silience hydrologique - LIFE Belini<\/title>\n<meta name=\"robots\" content=\"index, follow, max-snippet:-1, max-image-preview:large, max-video-preview:-1\" \/>\n<link rel=\"canonical\" href=\"https:\/\/www.life-belini.be\/fr\/reunion-fructueuse-de-la-plateforme-life-axee-sur-la-resilience-hydrologique\/\" \/>\n<meta property=\"og:locale\" content=\"fr_FR\" \/>\n<meta property=\"og:type\" content=\"article\" \/>\n<meta property=\"og:title\" content=\"R\u00e9union fructueuse de la plateforme LIFE ax\u00e9e sur la r\u00e9silience hydrologique - LIFE Belini\" \/>\n<meta property=\"og:description\" content=\"Les 14 et 15 octobre 2025, Bruxelles a accueilli l&rsquo;\u00e9v\u00e9nement LIFE Platform, consacr\u00e9 \u00e0 la \u00ab strat\u00e9gie europ\u00e9enne de r\u00e9silience hydrologique \u00bb (Water Resilience) r\u00e9cemment publi\u00e9e. Cet \u00e9v\u00e9nement a r\u00e9uni [&hellip;]\" \/>\n<meta property=\"og:url\" content=\"https:\/\/www.life-belini.be\/fr\/reunion-fructueuse-de-la-plateforme-life-axee-sur-la-resilience-hydrologique\/\" \/>\n<meta property=\"og:site_name\" content=\"LIFE Belini\" \/>\n<meta property=\"article:published_time\" content=\"2025-10-21T10:45:18+00:00\" \/>\n<meta property=\"article:modified_time\" content=\"2026-01-30T08:37:51+00:00\" \/>\n<meta property=\"og:image\" content=\"https:\/\/www.life-belini.be\/wp-content\/uploads\/2025\/10\/VMM-LifeBelini-WEB-134-1030x687.jpg\" \/>\n\t<meta property=\"og:image:width\" content=\"1030\" \/>\n\t<meta property=\"og:image:height\" content=\"687\" \/>\n\t<meta property=\"og:image:type\" content=\"image\/jpeg\" \/>\n<meta name=\"author\" content=\"Maureen Nuyts\" \/>\n<meta name=\"twitter:card\" content=\"summary_large_image\" \/>\n<meta name=\"twitter:label1\" content=\"\u00c9crit par\" \/>\n\t<meta name=\"twitter:data1\" content=\"Maureen Nuyts\" \/>\n\t<meta name=\"twitter:label2\" content=\"Dur\u00e9e de lecture estim\u00e9e\" \/>\n\t<meta name=\"twitter:data2\" content=\"1 minute\" \/>\n<script type=\"application\/ld+json\" class=\"yoast-schema-graph\">{\"@context\":\"https:\\\/\\\/schema.org\",\"@graph\":[{\"@type\":\"Article\",\"@id\":\"https:\\\/\\\/www.life-belini.be\\\/fr\\\/reunion-fructueuse-de-la-plateforme-life-axee-sur-la-resilience-hydrologique\\\/#article\",\"isPartOf\":{\"@id\":\"https:\\\/\\\/www.life-belini.be\\\/fr\\\/reunion-fructueuse-de-la-plateforme-life-axee-sur-la-resilience-hydrologique\\\/\"},\"author\":{\"name\":\"Maureen Nuyts\",\"@id\":\"https:\\\/\\\/www.life-belini.be\\\/nl\\\/#\\\/schema\\\/person\\\/84a9c6d38af471fa4c482917c2aa2b5b\"},\"headline\":\"R\u00e9union fructueuse de la plateforme LIFE ax\u00e9e sur la r\u00e9silience hydrologique\",\"datePublished\":\"2025-10-21T10:45:18+00:00\",\"dateModified\":\"2026-01-30T08:37:51+00:00\",\"mainEntityOfPage\":{\"@id\":\"https:\\\/\\\/www.life-belini.be\\\/fr\\\/reunion-fructueuse-de-la-plateforme-life-axee-sur-la-resilience-hydrologique\\\/\"},\"wordCount\":74,\"image\":{\"@id\":\"https:\\\/\\\/www.life-belini.be\\\/fr\\\/reunion-fructueuse-de-la-plateforme-life-axee-sur-la-resilience-hydrologique\\\/#primaryimage\"},\"thumbnailUrl\":\"https:\\\/\\\/www.life-belini.be\\\/wp-content\\\/uploads\\\/2025\\\/10\\\/VMM-LifeBelini-WEB-134.jpg\",\"articleSection\":[\"news fr\"],\"inLanguage\":\"fr-FR\"},{\"@type\":\"WebPage\",\"@id\":\"https:\\\/\\\/www.life-belini.be\\\/fr\\\/reunion-fructueuse-de-la-plateforme-life-axee-sur-la-resilience-hydrologique\\\/\",\"url\":\"https:\\\/\\\/www.life-belini.be\\\/fr\\\/reunion-fructueuse-de-la-plateforme-life-axee-sur-la-resilience-hydrologique\\\/\",\"name\":\"R\u00e9union fructueuse de la plateforme LIFE ax\u00e9e sur la r\u00e9silience hydrologique - LIFE Belini\",\"isPartOf\":{\"@id\":\"https:\\\/\\\/www.life-belini.be\\\/nl\\\/#website\"},\"primaryImageOfPage\":{\"@id\":\"https:\\\/\\\/www.life-belini.be\\\/fr\\\/reunion-fructueuse-de-la-plateforme-life-axee-sur-la-resilience-hydrologique\\\/#primaryimage\"},\"image\":{\"@id\":\"https:\\\/\\\/www.life-belini.be\\\/fr\\\/reunion-fructueuse-de-la-plateforme-life-axee-sur-la-resilience-hydrologique\\\/#primaryimage\"},\"thumbnailUrl\":\"https:\\\/\\\/www.life-belini.be\\\/wp-content\\\/uploads\\\/2025\\\/10\\\/VMM-LifeBelini-WEB-134.jpg\",\"datePublished\":\"2025-10-21T10:45:18+00:00\",\"dateModified\":\"2026-01-30T08:37:51+00:00\",\"author\":{\"@id\":\"https:\\\/\\\/www.life-belini.be\\\/nl\\\/#\\\/schema\\\/person\\\/84a9c6d38af471fa4c482917c2aa2b5b\"},\"breadcrumb\":{\"@id\":\"https:\\\/\\\/www.life-belini.be\\\/fr\\\/reunion-fructueuse-de-la-plateforme-life-axee-sur-la-resilience-hydrologique\\\/#breadcrumb\"},\"inLanguage\":\"fr-FR\",\"potentialAction\":[{\"@type\":\"ReadAction\",\"target\":[\"https:\\\/\\\/www.life-belini.be\\\/fr\\\/reunion-fructueuse-de-la-plateforme-life-axee-sur-la-resilience-hydrologique\\\/\"]}]},{\"@type\":\"ImageObject\",\"inLanguage\":\"fr-FR\",\"@id\":\"https:\\\/\\\/www.life-belini.be\\\/fr\\\/reunion-fructueuse-de-la-plateforme-life-axee-sur-la-resilience-hydrologique\\\/#primaryimage\",\"url\":\"https:\\\/\\\/www.life-belini.be\\\/wp-content\\\/uploads\\\/2025\\\/10\\\/VMM-LifeBelini-WEB-134.jpg\",\"contentUrl\":\"https:\\\/\\\/www.life-belini.be\\\/wp-content\\\/uploads\\\/2025\\\/10\\\/VMM-LifeBelini-WEB-134.jpg\",\"width\":2100,\"height\":1401},{\"@type\":\"BreadcrumbList\",\"@id\":\"https:\\\/\\\/www.life-belini.be\\\/fr\\\/reunion-fructueuse-de-la-plateforme-life-axee-sur-la-resilience-hydrologique\\\/#breadcrumb\",\"itemListElement\":[{\"@type\":\"ListItem\",\"position\":1,\"name\":\"Home\",\"item\":\"https:\\\/\\\/www.life-belini.be\\\/fr\\\/home-2\\\/\"},{\"@type\":\"ListItem\",\"position\":2,\"name\":\"R\u00e9union fructueuse de la plateforme LIFE ax\u00e9e sur la r\u00e9silience hydrologique\"}]},{\"@type\":\"WebSite\",\"@id\":\"https:\\\/\\\/www.life-belini.be\\\/nl\\\/#website\",\"url\":\"https:\\\/\\\/www.life-belini.be\\\/nl\\\/\",\"name\":\"LIFE Belini\",\"description\":\"Belgian initiative for making a leap forward towards good status in the river basin district of the Scheldt\",\"potentialAction\":[{\"@type\":\"SearchAction\",\"target\":{\"@type\":\"EntryPoint\",\"urlTemplate\":\"https:\\\/\\\/www.life-belini.be\\\/nl\\\/?s={search_term_string}\"},\"query-input\":{\"@type\":\"PropertyValueSpecification\",\"valueRequired\":true,\"valueName\":\"search_term_string\"}}],\"inLanguage\":\"fr-FR\"},{\"@type\":\"Person\",\"@id\":\"https:\\\/\\\/www.life-belini.be\\\/nl\\\/#\\\/schema\\\/person\\\/84a9c6d38af471fa4c482917c2aa2b5b\",\"name\":\"Maureen Nuyts\",\"url\":\"https:\\\/\\\/www.life-belini.be\\\/fr\\\/author\\\/maureen-nuyts\\\/\"}]}<\/script>\n<!-- \/ Yoast SEO plugin. -->","yoast_head_json":{"title":"R\u00e9union fructueuse de la plateforme LIFE ax\u00e9e sur la r\u00e9silience hydrologique - LIFE Belini","robots":{"index":"index","follow":"follow","max-snippet":"max-snippet:-1","max-image-preview":"max-image-preview:large","max-video-preview":"max-video-preview:-1"},"canonical":"https:\/\/www.life-belini.be\/fr\/reunion-fructueuse-de-la-plateforme-life-axee-sur-la-resilience-hydrologique\/","og_locale":"fr_FR","og_type":"article","og_title":"R\u00e9union fructueuse de la plateforme LIFE ax\u00e9e sur la r\u00e9silience hydrologique - LIFE Belini","og_description":"Les 14 et 15 octobre 2025, Bruxelles a accueilli l&rsquo;\u00e9v\u00e9nement LIFE Platform, consacr\u00e9 \u00e0 la \u00ab strat\u00e9gie europ\u00e9enne de r\u00e9silience hydrologique \u00bb (Water Resilience) r\u00e9cemment publi\u00e9e. Cet \u00e9v\u00e9nement a r\u00e9uni [&hellip;]","og_url":"https:\/\/www.life-belini.be\/fr\/reunion-fructueuse-de-la-plateforme-life-axee-sur-la-resilience-hydrologique\/","og_site_name":"LIFE Belini","article_published_time":"2025-10-21T10:45:18+00:00","article_modified_time":"2026-01-30T08:37:51+00:00","og_image":[{"width":1030,"height":687,"url":"https:\/\/www.life-belini.be\/wp-content\/uploads\/2025\/10\/VMM-LifeBelini-WEB-134-1030x687.jpg","type":"image\/jpeg"}],"author":"Maureen Nuyts","twitter_card":"summary_large_image","twitter_misc":{"\u00c9crit par":"Maureen Nuyts","Dur\u00e9e de lecture estim\u00e9e":"1 minute"},"schema":{"@context":"https:\/\/schema.org","@graph":[{"@type":"Article","@id":"https:\/\/www.life-belini.be\/fr\/reunion-fructueuse-de-la-plateforme-life-axee-sur-la-resilience-hydrologique\/#article","isPartOf":{"@id":"https:\/\/www.life-belini.be\/fr\/reunion-fructueuse-de-la-plateforme-life-axee-sur-la-resilience-hydrologique\/"},"author":{"name":"Maureen Nuyts","@id":"https:\/\/www.life-belini.be\/nl\/#\/schema\/person\/84a9c6d38af471fa4c482917c2aa2b5b"},"headline":"R\u00e9union fructueuse de la plateforme LIFE ax\u00e9e sur la r\u00e9silience hydrologique","datePublished":"2025-10-21T10:45:18+00:00","dateModified":"2026-01-30T08:37:51+00:00","mainEntityOfPage":{"@id":"https:\/\/www.life-belini.be\/fr\/reunion-fructueuse-de-la-plateforme-life-axee-sur-la-resilience-hydrologique\/"},"wordCount":74,"image":{"@id":"https:\/\/www.life-belini.be\/fr\/reunion-fructueuse-de-la-plateforme-life-axee-sur-la-resilience-hydrologique\/#primaryimage"},"thumbnailUrl":"https:\/\/www.life-belini.be\/wp-content\/uploads\/2025\/10\/VMM-LifeBelini-WEB-134.jpg","articleSection":["news fr"],"inLanguage":"fr-FR"},{"@type":"WebPage","@id":"https:\/\/www.life-belini.be\/fr\/reunion-fructueuse-de-la-plateforme-life-axee-sur-la-resilience-hydrologique\/","url":"https:\/\/www.life-belini.be\/fr\/reunion-fructueuse-de-la-plateforme-life-axee-sur-la-resilience-hydrologique\/","name":"R\u00e9union fructueuse de la plateforme LIFE ax\u00e9e sur la r\u00e9silience hydrologique - LIFE Belini","isPartOf":{"@id":"https:\/\/www.life-belini.be\/nl\/#website"},"primaryImageOfPage":{"@id":"https:\/\/www.life-belini.be\/fr\/reunion-fructueuse-de-la-plateforme-life-axee-sur-la-resilience-hydrologique\/#primaryimage"},"image":{"@id":"https:\/\/www.life-belini.be\/fr\/reunion-fructueuse-de-la-plateforme-life-axee-sur-la-resilience-hydrologique\/#primaryimage"},"thumbnailUrl":"https:\/\/www.life-belini.be\/wp-content\/uploads\/2025\/10\/VMM-LifeBelini-WEB-134.jpg","datePublished":"2025-10-21T10:45:18+00:00","dateModified":"2026-01-30T08:37:51+00:00","author":{"@id":"https:\/\/www.life-belini.be\/nl\/#\/schema\/person\/84a9c6d38af471fa4c482917c2aa2b5b"},"breadcrumb":{"@id":"https:\/\/www.life-belini.be\/fr\/reunion-fructueuse-de-la-plateforme-life-axee-sur-la-resilience-hydrologique\/#breadcrumb"},"inLanguage":"fr-FR","potentialAction":[{"@type":"ReadAction","target":["https:\/\/www.life-belini.be\/fr\/reunion-fructueuse-de-la-plateforme-life-axee-sur-la-resilience-hydrologique\/"]}]},{"@type":"ImageObject","inLanguage":"fr-FR","@id":"https:\/\/www.life-belini.be\/fr\/reunion-fructueuse-de-la-plateforme-life-axee-sur-la-resilience-hydrologique\/#primaryimage","url":"https:\/\/www.life-belini.be\/wp-content\/uploads\/2025\/10\/VMM-LifeBelini-WEB-134.jpg","contentUrl":"https:\/\/www.life-belini.be\/wp-content\/uploads\/2025\/10\/VMM-LifeBelini-WEB-134.jpg","width":2100,"height":1401},{"@type":"BreadcrumbList","@id":"https:\/\/www.life-belini.be\/fr\/reunion-fructueuse-de-la-plateforme-life-axee-sur-la-resilience-hydrologique\/#breadcrumb","itemListElement":[{"@type":"ListItem","position":1,"name":"Home","item":"https:\/\/www.life-belini.be\/fr\/home-2\/"},{"@type":"ListItem","position":2,"name":"R\u00e9union fructueuse de la plateforme LIFE ax\u00e9e sur la r\u00e9silience hydrologique"}]},{"@type":"WebSite","@id":"https:\/\/www.life-belini.be\/nl\/#website","url":"https:\/\/www.life-belini.be\/nl\/","name":"LIFE Belini","description":"Belgian initiative for making a leap forward towards good status in the river basin district of the Scheldt","potentialAction":[{"@type":"SearchAction","target":{"@type":"EntryPoint","urlTemplate":"https:\/\/www.life-belini.be\/nl\/?s={search_term_string}"},"query-input":{"@type":"PropertyValueSpecification","valueRequired":true,"valueName":"search_term_string"}}],"inLanguage":"fr-FR"},{"@type":"Person","@id":"https:\/\/www.life-belini.be\/nl\/#\/schema\/person\/84a9c6d38af471fa4c482917c2aa2b5b","name":"Maureen Nuyts","url":"https:\/\/www.life-belini.be\/fr\/author\/maureen-nuyts\/"}]}},"_links":{"self":[{"href":"https:\/\/www.life-belini.be\/fr\/wp-json\/wp\/v2\/posts\/10365","targetHints":{"allow":["GET"]}}],"collection":[{"href":"https:\/\/www.life-belini.be\/fr\/wp-json\/wp\/v2\/posts"}],"about":[{"href":"https:\/\/www.life-belini.be\/fr\/wp-json\/wp\/v2\/types\/post"}],"author":[{"embeddable":true,"href":"https:\/\/www.life-belini.be\/fr\/wp-json\/wp\/v2\/users\/6"}],"replies":[{"embeddable":true,"href":"https:\/\/www.life-belini.be\/fr\/wp-json\/wp\/v2\/comments?post=10365"}],"version-history":[{"count":3,"href":"https:\/\/www.life-belini.be\/fr\/wp-json\/wp\/v2\/posts\/10365\/revisions"}],"predecessor-version":[{"id":10453,"href":"https:\/\/www.life-belini.be\/fr\/wp-json\/wp\/v2\/posts\/10365\/revisions\/10453"}],"wp:featuredmedia":[{"embeddable":true,"href":"https:\/\/www.life-belini.be\/fr\/wp-json\/wp\/v2\/media\/10101"}],"wp:attachment":[{"href":"https:\/\/www.life-belini.be\/fr\/wp-json\/wp\/v2\/media?parent=10365"}],"wp:term":[{"taxonomy":"category","embeddable":true,"href":"https:\/\/www.life-belini.be\/fr\/wp-json\/wp\/v2\/categories?post=10365"},{"taxonomy":"post_tag","embeddable":true,"href":"https:\/\/www.life-belini.be\/fr\/wp-json\/wp\/v2\/tags?post=10365"}],"curies":[{"name":"wp","href":"https:\/\/api.w.org\/{rel}","templated":true}]}}